{"status":"ok","message-type":"work","message-version":"1.0.0","message":{"indexed":{"date-parts":[[2026,4,23]],"date-time":"2026-04-23T08:17:14Z","timestamp":1776932234202,"version":"3.51.2"},"reference-count":64,"publisher":"Emerald","issue":"6","license":[{"start":{"date-parts":[[2023,4,18]],"date-time":"2023-04-18T00:00:00Z","timestamp":1681776000000},"content-version":"tdm","delay-in-days":0,"URL":"https:\/\/www.emerald.com\/insight\/site-policies"}],"content-domain":{"domain":[],"crossmark-restriction":false},"short-container-title":["JD"],"published-print":{"date-parts":[[2023,10,24]]},"abstract":"<jats:sec><jats:title content-type=\"abstract-subheading\">Purpose<\/jats:title><jats:p>This study introduces Simone Weil's impersonal justice concept and its relevance to libraries' identity and role in societies. The article presents the constituents of impersonal justice and a theoretical justification for the coexistence of neutrality with libraries' commitment to social causes.<\/jats:p><\/jats:sec><jats:sec><jats:title content-type=\"abstract-subheading\">Design\/methodology\/approach<\/jats:title><jats:p>Conceptual analysis of 3 Weil's works, 13 scientific articles and 12 libraries' official documents was applied, looking at relevant concepts and findings, contexts of use, arguments and types of authority.<\/jats:p><\/jats:sec><jats:sec><jats:title content-type=\"abstract-subheading\">Findings<\/jats:title><jats:p>Five constituents of impersonal justice were found: universality, concreteness, unicity, inviolability and inappropriability. Impersonal justice, based on the inviolable value of each individual and the universal expectation of good, allows for a more accurate definition of social justice. Besides, it justifies libraries' commitment to climate change, migrants and Black lives matter, among other causes.<\/jats:p><\/jats:sec><jats:sec><jats:title content-type=\"abstract-subheading\">Originality\/value<\/jats:title><jats:p>In contrast to previous works, this paper focuses on clarifying concepts by applying conceptual analysis to Weil's works, Library and Information Science (LIS) sources in scientific and normative contexts. Additionally, the analysis of arguments and types of authority for justifying claims pro and against neutrality allows the reconstruction of the argumentative discourse beyond the examined sources.<\/jats:p><\/jats:sec>","DOI":"10.1108\/jd-10-2022-0227","type":"journal-article","created":{"date-parts":[[2023,4,14]],"date-time":"2023-04-14T10:14:41Z","timestamp":1681467281000},"page":"1393-1412","source":"Crossref","is-referenced-by-count":7,"title":["On impersonal justice: libraries' neutrality as an act of change"],"prefix":"10.1108","volume":"79","author":[{"ORCID":"https:\/\/orcid.org\/0000-0003-4828-9934","authenticated-orcid":false,"given":"Antonella","family":"Foderaro","sequence":"first","affiliation":[]}],"member":"140","published-online":{"date-parts":[[2023,4,18]]},"reference":[{"issue":"2","key":"key2023102318081421200_ref001","doi-asserted-by":"publisher","first-page":"138","DOI":"10.1016\/j.lisr.2011.06.002","article-title":"Use of library space and the library as place","volume":"34","year":"2012","journal-title":"Library and Information Science Research"},{"key":"key2023102318081421200_ref003","unstructured":"Agamben, G. (2017), \u201cL\u2019inappropriabile\u201d, in Pozza, N. (Ed.), Creazione ed anarchia: L\u2019opera nell\u2019et\u00e0 della religione capitalistica, Neri Pozza, Vicenza, pp.\u00a055-87."},{"issue":"1","key":"key2023102318081421200_ref008","doi-asserted-by":"publisher","first-page":"60","DOI":"10.1017\/S0034670500037517","article-title":"Simone Weil on the injustice of rights-based doctrines","volume":"48","year":"1986","journal-title":"The Review of Politics"},{"issue":"4","key":"key2023102318081421200_ref010","doi-asserted-by":"publisher","first-page":"948","DOI":"10.1111\/j.1365-2648.2011.05856.x","article-title":"Social justice: a concept analysis","volume":"68","year":"2012","journal-title":"Journal of Advanced Nursing"},{"key":"key2023102318081421200_ref011","doi-asserted-by":"crossref","unstructured":"Burgess, J.T. (2016), \u201cReconciling social responsibility and neutrality in LIS professional ethics: a\u00a0virtue ethics approach\u201d, in Kelly and Bielby (Eds), Information Cultures in the Digital Age, Springer, Wiesbaden, pp.\u00a0161-172.","DOI":"10.1007\/978-3-658-14681-8_9"},{"key":"key2023102318081421200_ref013","unstructured":"Eriksson, C. and Michnik, K. (2019), \u201cAllas bibliotek?\u201d, Storm Och Stiltje, SOM-Institutet, G\u00f6teborg, pp.\u00a0301-320."},{"key":"key2023102318081421200_ref014","volume-title":"Demokratins skattkammare: f\u00f6rslag till en nationell biblioteksstrategi","year":"2019"},{"issue":"1","key":"key2023102318081421200_ref015","doi-asserted-by":"publisher","first-page":"131","DOI":"10.1108\/AJIM-06-2021-0164","article-title":"Argumentative practices and patterns in debating climate change on Twitter","volume":"75","year":"2023","journal-title":"Aslib Journal of Information Management"},{"key":"key2023102318081421200_ref016","article-title":"Facts and arguments checking: investigating the occurrence of scientific arguments on Twitter","year":"2022"},{"key":"key2023102318081421200_ref017","unstructured":"Folkebibliotekloven (2013), \u201cLov om folkebibliotek (LOV-2013-06-21-95)\u201d, available at: https:\/\/lovdata.no\/dokument\/NL\/lov\/1985-12-20-108 (accessed 10 March 2022)."},{"issue":"4","key":"key2023102318081421200_ref018","doi-asserted-by":"publisher","first-page":"473","DOI":"10.1023\/A:1015803817117","article-title":"Concepts of social justice in community psychology: toward a social ecological epistemology","volume":"30","year":"2002","journal-title":"American Journal of Community Psychology"},{"issue":"3","key":"key2023102318081421200_ref019","doi-asserted-by":"publisher","first-page":"233","DOI":"10.1007\/s10502-005-2594-8","article-title":"Conceptual analysis: a method for understanding information as evidence, and evidence as information","volume":"4","year":"2004","journal-title":"Archival Science"},{"issue":"836","key":"key2023102318081421200_ref020","doi-asserted-by":"publisher","first-page":"751","DOI":"10.1108\/EDI-11-2016-0100","article-title":"Libraries on the frontlines: neutrality and social justice","volume":"36","year":"2017","journal-title":"Equality, Diversity and Inclusion: An International Journal"},{"key":"key2023102318081421200_ref021","doi-asserted-by":"publisher","first-page":"23","DOI":"10.1177\/14614448211032310","article-title":"Common sense or censorship: how algorithmic moderators and message type influence perceptions of online content deletion","volume":"1","year":"2021","journal-title":"New Media and Society"},{"key":"key2023102318081421200_ref022","volume-title":"Our Enduring Values Revisited: Librarianship in an Ever-Changing World","year":"2015"},{"issue":"1","key":"key2023102318081421200_ref023","doi-asserted-by":"publisher","first-page":"1","DOI":"10.1007\/s10503-022-09579-1","article-title":"Twitter activists\u2019 argumentation through subdiscussions: theory, method and illustration of the controversy surrounding sustainable fashion","volume":"37","year":"2023","journal-title":"Argumentation"},{"key":"key2023102318081421200_ref024","unstructured":"Haider, J. (2014), \u201cHow library and information science can save the world and why to care!\u201d, available at: http:\/\/www.youtube.com\/watch?v=0MO3kAUPSJ8 (accessed 5 May 2022)."},{"key":"key2023102318081421200_ref025","unstructured":"Higgins, S. and Gregory, L. (2013), Information Literacy and Social Justice: Radical Professional Praxis, Library Juice Press, Sacramento, CA."},{"issue":"2","key":"key2023102318081421200_ref027","first-page":"166","article-title":"Diversity and LIS education: inclusion and the age of information","volume":"52","year":"2011","journal-title":"Journal of Education for Library and Information Science"},{"key":"key2023102318081421200_ref028","volume-title":"Libraries, Human Rights, and Social Justice: Enabling Access and Promoting Inclusion","year":"2015"},{"key":"key2023102318081421200_ref029","unstructured":"Jensen, R. (2008), \u201cThe myth of the neutral professional\u201d, Questioning Library Neutrality: Essays From Progressive Librarian, Library Juice Press, LLC, Sacramento, CA, pp. 89-96."},{"issue":"1","key":"key2023102318081421200_ref030","doi-asserted-by":"publisher","first-page":"81","DOI":"10.1108\/RSR-07-2021-0032","article-title":"Analysis of anti-racism, equity, inclusion and social justice initiatives in library and information science\u00a0literature","volume":"50","year":"2022","journal-title":"Reference Services Review"},{"issue":"9\/10","key":"key2023102318081421200_ref032","doi-asserted-by":"publisher","first-page":"330","DOI":"10.1108\/03074800410557286","article-title":"The legitimacy of public libraries: cross\u2010pressures and change processes","volume":"105","year":"2004","journal-title":"New Library World"},{"issue":"1","key":"key2023102318081421200_ref031","doi-asserted-by":"publisher","first-page":"36","DOI":"10.1108\/JD-02-2022-0042","article-title":"When librarians speak up: justifications for and legitimacy implications of librarians\u2019 engagement in social movements","volume":"79","year":"2023","journal-title":"Journal of Documentation"},{"key":"key2023102318081421200_ref033","volume-title":"Skulle det v\u00e6re noget s\u00e6rligt? Organisation og offentlig ledelse","year":"2001"},{"issue":"3","key":"key2023102318081421200_ref034","article-title":"The remaking of fractured landscapes: supporting refugees in transition (SpiRiT)","volume":"22","year":"2017","journal-title":"Information Research"},{"key":"key2023102318081421200_ref035","unstructured":"Lyon Declaration (2014), \u201cLyon declaration on access to information and development\u201d, available at: https:\/\/www.lyondeclaration.org\/content\/pages\/lyon-declaration.pdf (accessed 15 June 2022)."},{"issue":"1","key":"key2023102318081421200_ref036","doi-asserted-by":"publisher","first-page":"131","DOI":"10.5195\/jmla.2020.852","article-title":"Democratic librarianship: the role of the medical library in promoting democracy and social justice","volume":"108","year":"2020","journal-title":"Journal of the Medical Library Association: JMLA"},{"issue":"2","key":"key2023102318081421200_ref037","doi-asserted-by":"publisher","first-page":"137","DOI":"10.1086\/713046","article-title":"Enough crocodile tears! Libraries moving beyond performative antiracist politics","volume":"91","year":"2021","journal-title":"The Library Quarterly"},{"key":"key2023102318081421200_ref038","doi-asserted-by":"publisher","first-page":"147","DOI":"10.1108\/S0065-283020160000041007","article-title":"Libraries as agents of human rights protection and social justice on behalf of sexual minorities in India: an action-based manifesto for progressive change","volume":"41","year":"2016","journal-title":"Perspectives on Libraries as Institutions of Human Rights and Social Justice"},{"issue":"3","key":"key2023102318081421200_ref039","doi-asserted-by":"publisher","first-page":"93","DOI":"10.1080\/00221340408978584","article-title":"Social justice: what is it? Why teach it?","volume":"103","year":"2004","journal-title":"Journal of Geography"},{"issue":"1","key":"key2023102318081421200_ref040","doi-asserted-by":"publisher","first-page":"40","DOI":"10.1177\/0266666913501","article-title":"Towards tackling inequalities in South Africa: the role of community libraries","volume":"31","year":"2015","journal-title":"Information Development"},{"key":"key2023102318081421200_ref041","volume-title":"Sen g\u00e5r jag hem n\u00e4r det st\u00e4nger: En studie av nyanl\u00e4ndas biblioteksanv\u00e4ndning","year":"2018"},{"key":"key2023102318081421200_ref042","doi-asserted-by":"crossref","unstructured":"Power-Carter, S., Zakeri, B. and Kumasi, K. (2019), \u201cTheorizing and languaging blackness: using the African philosophy of Ubuntu and the concept of Sawubona\u201d, Languaging Relations for\u00a0Transforming the Literacy and Language Arts Classroom, Routledge, New York, pp.\u00a0195-215.","DOI":"10.4324\/9781351036580-10"},{"issue":"3","key":"key2023102318081421200_ref043","doi-asserted-by":"publisher","first-page":"455","DOI":"10.2426\/aibstudi-11833","article-title":"Livelli di verit\u00e0: post-verit\u00e0, fake news e neutralit\u00e0 intellettuale in biblioteca","volume":"58","year":"2018","journal-title":"AIB studi: Rivista di biblioteconomia e scienze dell\u2019informazione"},{"key":"key2023102318081421200_ref044","first-page":"23","article-title":"Teaching social justice in an information literacy course: an action research case study","year":"2014","journal-title":"Qualitative and Quantitative Methods in Libraries"},{"issue":"3","key":"key2023102318081421200_ref045","doi-asserted-by":"publisher","first-page":"512","DOI":"10.1353\/lib.2016.0008","article-title":"Empowered to name, inspired to act: social responsibility and diversity as calls to action in the LIS context","volume":"64","year":"2016","journal-title":"Library Trends"},{"key":"key2023102318081421200_ref046","first-page":"105","volume-title":"Reflections on the Right Use of School Studies with a View to the Love of God","year":"1951"},{"key":"key2023102318081421200_ref047","unstructured":"Weil, S. (1986), \u201cHuman personality\u201d, in Miles, S. (Ed.), Simone Weil: An Anthology, Penguin Books, London, pp.\u00a069-98, available at: https:\/\/antilogicalism.com\/wp-content\/uploads\/2019\/04\/weil-anthology.pdf"},{"key":"key2023102318081421200_ref048","volume-title":"The Need for Roots. Prelude to a Declaration of Duties towards Mankind","year":"2005"},{"issue":"3","key":"key2023102318081421200_ref049","doi-asserted-by":"publisher","first-page":"743","DOI":"10.1108\/JD-08-2020-0136","article-title":"Documenting social justice in library and information science research: a literature review","volume":"77","year":"2021","journal-title":"Journal of Documentation"},{"key":"key2023102318081421200_ref002","unstructured":"African Library and Information Associations and Institutions (n.a)., \u201cAfLIA about\u201d, available at: https:\/\/web.aflia.net\/about-aflia\/ (accessed 10 March 2022)."},{"key":"key2023102318081421200_ref004","unstructured":"American Library Association (n.a)., \u201cAbout ALA\u201d, available at: https:\/\/www.ala.org\/aboutala\/ (accessed 10 May 2022)."},{"key":"key2023102318081421200_ref063","unstructured":"American Library Association (1999), \u201cLibraries: an American value\u201d, available at: https:\/\/www.ala.org\/advocacy\/intfreedom\/americanvalue (accessed 10 March 2022)."},{"key":"key2023102318081421200_ref005","unstructured":"American Library Association (2004), \u201cThe freedom to read statement\u201d, available at: https:\/\/www.ala.org\/advocacy\/intfreedom\/freedomreadstatement (accessed 10 May 2022)."},{"key":"key2023102318081421200_ref062","unstructured":"American Library Association (2017), \u201cAmerican library association strategic directions\u201d, available at: https:\/\/www.ala.org\/aboutala\/sites\/ala.org.aboutala\/files\/content\/governance\/StrategicPlan\/Strategic%20Directions%202017_Update.pdf (accessed 10 March 2022)."},{"key":"key2023102318081421200_ref006","unstructured":"American Library Association (2019a), \u201cCore values of librarianship\u201d, available at: https:\/\/www.ala.org\/advocacy\/intfreedom\/corevalues (accessed 10 May 2022)."},{"key":"key2023102318081421200_ref007","unstructured":"American Library Association (2019b), \u201cLibrary bill of rights\u201d, available at: https:\/\/www.ala.org\/advocacy\/intfreedom\/librarybill (accessed 10 May 2022)."},{"key":"key2023102318081421200_ref050","unstructured":"Australian Library and Information Association (2018), \u201cALIA core values policy statement\u201d, available at: https:\/\/read.alia.org.au\/alia-core-values-policy-statement (accessed 10 May 2022)."},{"key":"key2023102318081421200_ref009","unstructured":"Australian Library and Information Association (2019), \u201cImproving library services for aborigenal and torres strait islander peoples\u201d, available at: https:\/\/read.alia.org.au\/improving-library-services-aboriginal-and-torres-strait-islander-peoples (accessed 10 May 2022)."},{"key":"key2023102318081421200_ref012","unstructured":"Canadian Libraries Association (2017), \u201cPosition statement on diversity and inclusion\u201d, available at: https:\/\/cfla-fcab.ca\/en\/guidelines-and-position-papers\/position-statement-on-diversity-and-inclusion\/ (accessed 10 May 2022)."},{"key":"key2023102318081421200_ref026","unstructured":"Italian Library Association (1997), \u201cThe librarian\u2019s code of conduct: fundamental principles\u201d, available at: https:\/\/www.ifla.org\/wp-content\/uploads\/2019\/05\/assets\/faife\/codesofethics\/italy.pdf (accessed 10 May 2022)."},{"key":"key2023102318081421200_ref064","unstructured":"Swedish Library Association (2022), \u201cStrategi f\u00f6r ett starkt biblioteksv\u00e4sende 2022-2025\u201d, available at: https:\/\/www.regeringen.se\/498567\/contentassets\/964233a741f0407593f68849e7837b60\/strategi-for-ett-starkt-biblioteksvasende-20222025.pdf (accessed 10 March 2022)."},{"issue":"1","key":"key2023102318081421200_ref051","doi-asserted-by":"publisher","first-page":"133","DOI":"10.5195\/jmla.2022.1372","article-title":"Data disaggregation: the case of Asian and Pacific Islander data and the role of health sciences librarians","volume":"110","year":"2022","journal-title":"Journal of the Medical Library Association: JMLA"},{"issue":"2","key":"key2023102318081421200_ref052","doi-asserted-by":"publisher","first-page":"173","DOI":"10.3233\/EFI-211509","article-title":"From protests to practice: confronting systemic racism in LIS","volume":"37","year":"2021","journal-title":"Education for Information"},{"issue":"4","key":"key2023102318081421200_ref053","doi-asserted-by":"publisher","first-page":"1","DOI":"10.6017\/ital.v40i4.13353","article-title":"Diversity, equity and inclusion statements on academic library websites","volume":"40","year":"2021","journal-title":"Information Technology and Libraries"},{"issue":"2","key":"key2023102318081421200_ref054","doi-asserted-by":"publisher","first-page":"187","DOI":"10.3233\/EFI-211514","article-title":"Reversing the gaze on race, social justice, and inclusion in public librarianship","volume":"37","year":"2021","journal-title":"Education for Information"},{"issue":"4","key":"key2023102318081421200_ref055","doi-asserted-by":"publisher","first-page":"460","DOI":"10.3138\/jelis-62-4-2020-0094","article-title":"Social justice design and implementation: innovative pedagogies to transform LIS education","volume":"62","year":"2021","journal-title":"Journal of Education for Library and Information Science"},{"issue":"2","key":"key2023102318081421200_ref056","doi-asserted-by":"publisher","first-page":"231","DOI":"10.3233\/EFI-211513","article-title":"A bibliometric analysis of race-related research in LIS","volume":"37","year":"2021","journal-title":"Education for Information"},{"issue":"2","key":"key2023102318081421200_ref057","doi-asserted-by":"publisher","first-page":"137","DOI":"10.3138\/jelis.62.2.03","article-title":"Shifts: how changes in the US black population impact racial inclusion and representation in LIS education","volume":"62","year":"2021","journal-title":"Journal of Education for Library and Information Science"},{"issue":"3","key":"key2023102318081421200_ref058","doi-asserted-by":"publisher","first-page":"258","DOI":"10.3138\/jelis.2020-0018","article-title":"Where do we stand? Diversity, equity, inclusion, and social justice in North American library and information science education","volume":"62","year":"2021","journal-title":"Journal of Education for Library and Information Science"},{"issue":"3","key":"key2023102318081421200_ref059","doi-asserted-by":"publisher","first-page":"301","DOI":"10.3138\/jelis-2021-0021","article-title":"How MLIS programs prepare students to serve diverse populations: the North American context","volume":"63","year":"2021","journal-title":"Journal of Education for Library and Information Science"},{"issue":"2","key":"key2023102318081421200_ref060","doi-asserted-by":"publisher","first-page":"247","DOI":"10.3233\/EFI-211530","article-title":"Enhancing racial equity in LIS research by increasing representation of BIPOC","volume":"37","year":"2021","journal-title":"Education for Information"},{"issue":"2","key":"key2023102318081421200_ref061","doi-asserted-by":"publisher","first-page":"203","DOI":"10.3233\/EFI-211506","article-title":"Leveraging social justice pedagogy to counter racism: conceptualizing an advanced certificate in social justice for information professionals","volume":"37","year":"2021","journal-title":"Education for Information"}],"container-title":["Journal of Documentation"],"original-title":[],"language":"en","link":[{"URL":"https:\/\/www.emerald.com\/insight\/content\/doi\/10.1108\/JD-10-2022-0227\/full\/xml","content-type":"application\/xml","content-version":"vor","intended-application":"text-mining"},{"URL":"https:\/\/www.emerald.com\/insight\/content\/doi\/10.1108\/JD-10-2022-0227\/full\/html","content-type":"unspecified","content-version":"vor","intended-application":"similarity-checking"}],"deposited":{"date-parts":[[2025,7,24]],"date-time":"2025-07-24T22:35:19Z","timestamp":1753396519000},"score":1,"resource":{"primary":{"URL":"http:\/\/www.emerald.com\/jd\/article\/79\/6\/1393-1412\/207100"}},"subtitle":[],"short-title":[],"issued":{"date-parts":[[2023,4,18]]},"references-count":64,"journal-issue":{"issue":"6","published-online":{"date-parts":[[2023,4,18]]},"published-print":{"date-parts":[[2023,10,24]]}},"alternative-id":["10.1108\/JD-10-2022-0227"],"URL":"https:\/\/doi.org\/10.1108\/jd-10-2022-0227","relation":{},"ISSN":["0022-0418"],"issn-type":[{"value":"0022-0418","type":"print"}],"subject":[],"published":{"date-parts":[[2023,4,18]]}}}