{"status":"ok","message-type":"work","message-version":"1.0.0","message":{"indexed":{"date-parts":[[2025,9,23]],"date-time":"2025-09-23T14:20:43Z","timestamp":1758637243543,"version":"3.41.2"},"reference-count":52,"publisher":"Emerald","issue":"4","license":[{"start":{"date-parts":[[2023,8,11]],"date-time":"2023-08-11T00:00:00Z","timestamp":1691712000000},"content-version":"tdm","delay-in-days":0,"URL":"https:\/\/www.emerald.com\/insight\/site-policies"}],"content-domain":{"domain":[],"crossmark-restriction":false},"short-container-title":["ICT"],"published-print":{"date-parts":[[2023,11,13]]},"abstract":"<jats:sec>\n<jats:title content-type=\"abstract-subheading\">Purpose<\/jats:title>\n<jats:p>This study aims at validating a scale for the perception of competences and attitudes of the Portuguese public administration employees. The sample of this study consists of 1,119 participants working in public administration and other labour sectors in Portugal. The psychometric qualities of this instrument were studied to assess its use in future studies.<\/jats:p>\n<\/jats:sec>\n<jats:sec>\n<jats:title content-type=\"abstract-subheading\">Design\/methodology\/approach<\/jats:title>\n<jats:p>An initial exploratory factor analysis showed that the scale is composed of one factor, with a Kaiser\u2013Meyer\u2013Oklin value of 0.83. The subsequent confirmatory factor analysis performed in AMOS 27 confirmed the existence of a single factor.<\/jats:p>\n<\/jats:sec>\n<jats:sec>\n<jats:title content-type=\"abstract-subheading\">Findings<\/jats:title>\n<jats:p>The analysis of the psychometric qualities of the scale allows concluding that it can be applied in the context of the Portuguese public administration.<\/jats:p>\n<\/jats:sec>\n<jats:sec>\n<jats:title content-type=\"abstract-subheading\">Originality\/value<\/jats:title>\n<jats:p>Given the universality of the competences and attitudes adopted, it can be extended to other work and cultural contexts.<\/jats:p>\n<\/jats:sec>","DOI":"10.1108\/ict-02-2023-0012","type":"journal-article","created":{"date-parts":[[2023,8,9]],"date-time":"2023-08-09T09:15:21Z","timestamp":1691572521000},"page":"558-567","source":"Crossref","is-referenced-by-count":1,"title":["Validation of a scale for the perception of competences and attitudes in the context of public administration"],"prefix":"10.1108","volume":"55","author":[{"given":"Ana","family":"Moreira","sequence":"first","affiliation":[]},{"given":"Adriana","family":"Nishimura","sequence":"additional","affiliation":[]},{"given":"Maria Jos\u00e9","family":"Sousa","sequence":"additional","affiliation":[]},{"given":"Manuel","family":"Au-Yong-Oliveira","sequence":"additional","affiliation":[]}],"member":"140","published-online":{"date-parts":[[2023,8,11]]},"reference":[{"key":"key2023110917070432700_ref001","doi-asserted-by":"crossref","first-page":"100113","DOI":"10.1016\/j.sftr.2023.100113","article-title":"A systematic review of big data and digital technologies security leadership outcomes effectiveness during natural disasters","volume":"5","year":"2023","journal-title":"Sustainable Futures"},{"issue":"1","key":"key2023110917070432700_ref002","first-page":"1","article-title":"Meritocracy or aristocracy? Appraising the performance appraisal systems","volume":"13","year":"2022","journal-title":"Emerald Emerging Markets Case Studies"},{"article-title":"An exploratory discussion on motivation, innovation, and success in the new digital world","volume-title":"ICIEMC 2023 conference","year":"2023","key":"key2023110917070432700_ref003"},{"volume-title":"Organizational Behaviour in Organization. Understanding and Managing the Human Side of Work","year":"2003","key":"key2023110917070432700_ref004"},{"issue":"1","key":"key2023110917070432700_ref005","article-title":"Mindset and perceived parental support of autonomy safeguard adolescents\u2019 autonomous motivation during COVID-19 home-based learning","volume":"8","year":"2023","journal-title":"Npj Science of Learning"},{"volume-title":"Teoria Organizacional: Estruturas e Pessoas (5aEdi\u00e7\u00e3o)","year":"2006","key":"key2023110917070432700_ref006"},{"key":"key2023110917070432700_ref007","unstructured":"Campos, N.M., Pinto, R.S. and Mello, S.P.T. (2010), \u201cTreinamento e desenvolvimento: uma an\u00e1lise do programa de capacita\u00e7\u00e3o dos servidores do instituto federal de educa\u00e7\u00e3o, ci\u00eancia e tecnologia Sul-Rio-Grandense\u201d, X Coloquio Internacional sobre Gestion Universitaria en Am\u00e9rica del Sur, 2010. Dispon\u00edvel online: available at: www.repositorio.ufsc.br\/handle\/123456789\/97006.Acedidoem11\/11\/2021"},{"key":"key2023110917070432700_ref008","unstructured":"Cavalcante, J.C., Santa Rita, L.P. and Souza, W.A. (2016), \u201cCapacita\u00e7\u00e3o de servidores p\u00fablicos: uma an\u00e1lise dos eixos da pol\u00edtica. PROFIAP \u2013 Mestrado profissional em administra\u00e7\u00e3o p\u00fablica\u201d, Dispon\u00edvel online: available at: www.profiap.org.br\/profiap\/eventos\/2016\/i-congresso-nacional-demestrados-profissionais-em-administracao-publica\/anais-do-congresso\/41423.pdf (Acedido em 11\/11\/2021)."},{"issue":"1","key":"key2023110917070432700_ref009","doi-asserted-by":"crossref","first-page":"29","DOI":"10.1186\/s12961-023-00975-x","article-title":"A health-systems journey towards more people-centred care: lessons from neglected tropical disease programme integration in Liberia","volume":"21","year":"2023","journal-title":"Health Research Policy and Systems"},{"key":"key2023110917070432700_ref049","unstructured":"Di\u00e1rio da Rep\u00fablica Eletr\u00f3nico (2021), \u201cDecreto-Lei no 19\/2021\u201d, Dispon\u00edvel online: available at: www.files.dre.pt\/1s\/2021\/03\/05100\/0000400015.pdf (Consultado em 11\/11\/2021)."},{"issue":"3","key":"key2023110917070432700_ref010","doi-asserted-by":"crossref","first-page":"100910","DOI":"10.1016\/j.exis.2021.100910","article-title":"Governance in mining: management, ethics, sustainability and efficiency","volume":"8","year":"2021","journal-title":"The Extractive Industries and Society"},{"issue":"1","key":"key2023110917070432700_ref011","doi-asserted-by":"crossref","first-page":"39","DOI":"10.1177\/002224378101800104","article-title":"Evaluating SEM with unobserved variables and measurement error","volume":"18","year":"1981","journal-title":"Journal of Marketing Research"},{"volume-title":"A Import\u00e2ncia Dos Valores Organizacionais Na Administra\u00e7\u00e3o P\u00fablica. Relat\u00f3rio De Est\u00e1gio, Mestrado Em Administra\u00e7\u00e3o P\u00fablica Empresarial, Faculdade De Direito","year":"2017","key":"key2023110917070432700_ref012"},{"edition":"5th ed.","volume-title":"Understanding and Managing Organizational Behaviour","year":"2008","key":"key2023110917070432700_ref013"},{"key":"key2023110917070432700_ref014","first-page":"241","article-title":"Motiva\u00e7\u00e3o no trabalho","volume-title":"Psicologia Das Organiza\u00e7\u00f5es Do Trabalho e Dos Recursos Humanos","year":"2011"},{"key":"key2023110917070432700_ref015","unstructured":"Gon\u00e7alves, M., D., A.P. (2011), \u201c\u00c9tica na administra\u00e7\u00e3o p\u00fablica: algumas considera\u00e7\u00f5es\u201d, Direito Administrativo, Cadernos de Direito Administrativo no 89. Dispon\u00edvel online: available at: www.ambitojuridico.com.br\/cadernos\/direito-administrativo\/etica-na-administracao-publica-algumas-consideracoes"},{"key":"key2023110917070432700_ref016","first-page":"1","article-title":"Principles for good governance in the 21st century","volume":"15","year":"2003","journal-title":"Policy Brief"},{"key":"key2023110917070432700_ref017","doi-asserted-by":"crossref","first-page":"10","DOI":"10.1016\/j.susoc.2022.10.002","article-title":"Management 4.0: concept, applications and advancements","volume":"4","year":"2023","journal-title":"Sustainable Operations and Computers"},{"issue":"2","key":"key2023110917070432700_ref018","first-page":"70","article-title":"Transactional leadership, well-being support, OCB-altruism, and employee performance: testing their relationship","volume":"24","year":"2022","journal-title":"Review of Applied Socio-Economic Research"},{"volume-title":"Aristotle and Moral Realism","year":"2018","key":"key2023110917070432700_ref019"},{"journal-title":"The British Journal of Sociology","article-title":"Consecration and meritocracy in elite business schools: the case of a Swedish student union","year":"2023","key":"key2023110917070432700_ref020"},{"volume-title":"LISREL8: Structural Equation Modelling with the SIMPLIS Command Language","year":"1993","key":"key2023110917070432700_ref021"},{"edition":"3rd ed.","volume-title":"Principles and Practice of Structural Equation Modeling","year":"2011","key":"key2023110917070432700_ref022"},{"volume-title":"Public Sector: Concepts, Models and Approaches","year":"1995","key":"key2023110917070432700_ref023"},{"key":"key2023110917070432700_ref024","doi-asserted-by":"crossref","first-page":"104496","DOI":"10.1016\/j.ijnurstu.2023.104496","article-title":"Leadership self-efficacy and nurses' aspiration to leadership: an evolutionary concept analysis","volume":"143","year":"2023","journal-title":"International Journal of Nursing Studies"},{"volume-title":"El Fator Humano En Las Relaciones Laborais","year":"1999","key":"key2023110917070432700_ref025"},{"issue":"2","key":"key2023110917070432700_ref026","doi-asserted-by":"crossref","first-page":"130","DOI":"10.1037\/1082-989X.1.2.130","article-title":"Power analysis and determination of sample size for covariance structural modelling","volume":"1","year":"1996","journal-title":"Psychological Methods"},{"edition":"3a edi\u00e7\u00e3o","volume-title":"An\u00e1lise De Equa\u00e7\u00f5es Estruturais: Fundamentos Te\u00f3ricos, Software & Aplica\u00e7\u00f5es","year":"2021","key":"key2023110917070432700_ref027"},{"edition":"8a edi\u00e7\u00e3o","volume-title":"An\u00e1lise Estat\u00edstica Com o SPSS Statistics","year":"2021","key":"key2023110917070432700_ref028"},{"issue":"1","key":"key2023110917070432700_ref029","doi-asserted-by":"crossref","first-page":"61","DOI":"10.1016\/1053-4822(91)90011-Z","article-title":"A three-component conceptualization of organizational commitment","volume":"1","year":"1991","journal-title":"Human Resource Management Review"},{"issue":"3","key":"key2023110917070432700_ref030","doi-asserted-by":"crossref","first-page":"299","DOI":"10.1016\/S1053-4822(00)00053-X","article-title":"Commitment in the workplace: toward a general model","volume":"11","year":"2001","journal-title":"Human Resource Management Review"},{"issue":"6","key":"key2023110917070432700_ref031","doi-asserted-by":"crossref","first-page":"991","DOI":"10.1037\/0021-9010.89.6.991","article-title":"Employee commitment and motivation: a conceptual analysis and integrative model","volume":"89","year":"2004","journal-title":"Journal of Applied Psychology"},{"key":"key2023110917070432700_ref032","doi-asserted-by":"crossref","first-page":"56","DOI":"10.1016\/j.jvb.2015.02.001","article-title":"Dual commitment to organization and supervisor: a person-centered approach","volume":"88","year":"2015","journal-title":"Journal of Vocational Behavior"},{"key":"key2023110917070432700_ref033","doi-asserted-by":"crossref","first-page":"154","DOI":"10.1016\/j.jvb.2015.03.003","article-title":"The incremental validity of organizational commitment, organizational trust, and organizational identification","volume":"88","year":"2015","journal-title":"Journal of Vocational Behavior"},{"issue":"3","key":"key2023110917070432700_ref034","doi-asserted-by":"crossref","first-page":"87","DOI":"10.3390\/admsci11030087","article-title":"Weaknesses in motivation and in establishing a meritocratic system: a portrait of the portuguese public administration","volume":"11","year":"2021","journal-title":"Administrative Sciences"},{"key":"key2023110917070432700_ref035","first-page":"597","article-title":"Quality of higher education in Colombia: reflections from the polysemic worldview | [calidad de la educaci\u00f3n superior en Colombia: reflexiones desde una cosmovisi\u00f3n polis\u00e9mica]","volume":"39","year":"2022","journal-title":"Revista De Filosofia (Venezuela)"},{"key":"key2023110917070432700_ref036","first-page":"595","article-title":"\u00c9tica aplicada: as rela\u00e7\u00f5es entre a filosofia moral e a \u00e9tica aplicada","volume-title":"Dicion\u00e1rio De \u00c9tica e Filosofia Moral","year":"2003"},{"edition":"3a ed.","volume-title":"An\u00e1lise De Dados Para Ci\u00eancias Sociais \u2013 A Complementaridade Do SPSS","year":"2003","key":"key2023110917070432700_ref037"},{"issue":"5","key":"key2023110917070432700_ref038","doi-asserted-by":"crossref","first-page":"879","DOI":"10.1037\/0021-9010.88.5.879","article-title":"Common method biases in behavioral research: a critical review of the literature and recommended remedies","volume":"88","year":"2003","journal-title":"Journal of Applied Psychology"},{"volume-title":"Gest\u00e3o P\u00fablica e Moderniza\u00e7\u00e3o Administrativa","year":"2001","key":"key2023110917070432700_ref039"},{"year":"2012","key":"key2023110917070432700_ref040","article-title":"Administra\u00e7\u00e3o p\u00fablica: a necessidade de qualifica\u00e7\u00e3o profissional t\u00e9cnico-cient\u00edfica dos funcion\u00e1rios p\u00fablicos como fim Para um atendimento de excel\u00eancia aos cidad\u00e3os"},{"issue":"2","key":"key2023110917070432700_ref041","doi-asserted-by":"crossref","first-page":"175","DOI":"10.1007\/s11019-022-10133-9","article-title":"How to derive ethically appropriate recommendations for action? A methodology for applied ethics","volume":"26","year":"2023","journal-title":"Medicine, Health Care and Philosophy"},{"volume-title":"Applied Multivariate Techniques","year":"1996","key":"key2023110917070432700_ref042"},{"key":"key2023110917070432700_ref043","unstructured":"Silva, R.P., Lopes, L.C.A. and Dutra, R.S. (2019), \u201cA import\u00e2ncia da qualifica\u00e7\u00e3o dos servidores p\u00fablicos Para a administra\u00e7\u00e3o p\u00fablica\u201d, Dispon\u00edvel online: available at: www.semanaacademica.org.br\/system\/files\/artigos\/a_importancia_da_qualificacao_dos_servidores_publicos_para_a_administracao_publica.pdf Acedido em 02\/07\/2021."},{"issue":"2","key":"key2023110917070432700_ref044","doi-asserted-by":"crossref","first-page":"218","DOI":"10.1002\/cjas.1695","article-title":"Understanding the effects of empowering leadership on positive and negative performance behaviors: a manufacturing sector study","volume":"40","year":"2023","journal-title":"Canadian Journal of Administrative Sciences\/Revue Canadienne Des Sciences De L'Administration"},{"key":"key2023110917070432700_ref045","first-page":"301","article-title":"O princ\u00edpio da efici\u00eancia: a eficiente efic\u00e1cia da administra\u00e7\u00e3o p\u00fablica","volume":"VII especial","year":"2010","journal-title":"Revista Da Faculdade De Direito Da Universidade Do Porto"},{"volume-title":"The International Hospitality Business","year":"1999","key":"key2023110917070432700_ref046"},{"issue":"4","key":"key2023110917070432700_ref047","doi-asserted-by":"crossref","first-page":"30","DOI":"10.1002\/joe.22188","article-title":"Leadership in developing countries: the untold story of seth leadership","volume":"42","year":"2023","journal-title":"Global Business and Organizational Excellence"},{"issue":"4","key":"key2023110917070432700_ref0320","first-page":"229","article-title":"Benchmarking em compet\u00eancias organizacionais: Modelo de avalia\u00e7\u00e3o para programas de p\u00f3s-gradua\u00e7\u00e3o","volume":"9","year":"2007","journal-title":"Revista De Neg\u00f3cios"},{"issue":"9","key":"key2023110917070432700_ref048","doi-asserted-by":"crossref","first-page":"1127","DOI":"10.1177\/0191453720948377","article-title":"Political meritocracy and the troubles of Western democracies","volume":"46","year":"2020","journal-title":"Philosophy & Social Criticism"},{"key":"key2023110917070432700_ref050","unstructured":"Dire\u00e7\u00e3o-Geral da Administra\u00e7\u00e3o e do Emprego P\u00fablico (DGAEP) (2016), \u201cPrinc\u00edpios \u00e9ticos da administra\u00e7\u00e3o. Dispon\u00edvel online\u201d, available at: www.dgaep.gov.pt\/index.cfm?OBJID=9BB1D4D0-0607-4588-BCAD-894DBC499AFF&MEN=i Acedido em 04\/07\/2021."},{"article-title":"\u00c9tica e administra\u00e7\u00e3o p\u00fablica: Uma abordagem a partir de tr\u00eas modelos normativos","volume-title":"XXXVII Encontro Da ANPAD","year":"2013","key":"key2023110917070432700_ref051"}],"container-title":["Industrial and Commercial Training"],"original-title":[],"language":"en","link":[{"URL":"https:\/\/www.emerald.com\/insight\/content\/doi\/10.1108\/ICT-02-2023-0012\/full\/xml","content-type":"application\/xml","content-version":"vor","intended-application":"text-mining"},{"URL":"https:\/\/www.emerald.com\/insight\/content\/doi\/10.1108\/ICT-02-2023-0012\/full\/html","content-type":"unspecified","content-version":"vor","intended-application":"similarity-checking"}],"deposited":{"date-parts":[[2025,7,25]],"date-time":"2025-07-25T01:23:43Z","timestamp":1753406623000},"score":1,"resource":{"primary":{"URL":"http:\/\/www.emerald.com\/ict\/article\/55\/4\/558-567\/115136"}},"subtitle":[],"short-title":[],"issued":{"date-parts":[[2023,8,11]]},"references-count":52,"journal-issue":{"issue":"4","published-online":{"date-parts":[[2023,8,11]]},"published-print":{"date-parts":[[2023,11,13]]}},"alternative-id":["10.1108\/ICT-02-2023-0012"],"URL":"https:\/\/doi.org\/10.1108\/ict-02-2023-0012","relation":{},"ISSN":["0019-7858","0019-7858"],"issn-type":[{"type":"print","value":"0019-7858"},{"type":"electronic","value":"0019-7858"}],"subject":[],"published":{"date-parts":[[2023,8,11]]}}}