{"status":"ok","message-type":"work","message-version":"1.0.0","message":{"indexed":{"date-parts":[[2024,10,29]],"date-time":"2024-10-29T13:40:35Z","timestamp":1730209235046,"version":"3.28.0"},"reference-count":7,"publisher":"IEEE","content-domain":{"domain":[],"crossmark-restriction":false},"short-container-title":[],"published-print":{"date-parts":[[2017,9]]},"DOI":"10.1109\/coginfocom.2017.8268283","type":"proceedings-article","created":{"date-parts":[[2018,1,25]],"date-time":"2018-01-25T16:43:28Z","timestamp":1516898608000},"page":"000425-000426","source":"Crossref","is-referenced-by-count":0,"title":["Assessment of wetlands by the methods of waterchemistry and bioindication"],"prefix":"10.1109","author":[{"given":"Tibor","family":"Pecz","sequence":"first","affiliation":[]}],"member":"263","reference":[{"key":"ref4","first-page":"32","article-title":"M&#x00F3; dszertani &#x00FA; tmutat&#x00F3; a Makrofiton &#x00E9; l&#x00F6; l&#x00E9; nycsoport VKI szerinti gy&#x00FC; jt&#x00E9; s&#x00E9; hez &#x00E9; s feldolgoz&#x00E1; s&#x00E1; hoz","author":"luk\u00e1cs","year":"2016","journal-title":"V&#x00ED;zgy&#x00FC;jt&#x00F6;-gazd&#x00E1;lkod&#x00E1;si Terv 2015 (6&#x2013;1 h&#x00E1;tt&#x00E9;ranyag)"},{"journal-title":"A Viz Keretir&#x00E1; nyelv hazai megval&#x00F3; sit&#x00E1; sa - Felszini vizek &#x00D6; kol&#x00F3;giai min&#x00F6; sit&#x00E9; se a makrofit&#x00E1; k alapj&#x00E1; n","first-page":"43","year":"2011","key":"ref3"},{"key":"ref6","first-page":"47","article-title":"A magyarorsz&#x00E1; gi foly&#x00F3; v&#x00ED; ztestek halk&#x00F6; z&#x00F6; ss&#x00E9; g alap&#x00FA; min&#x00F6; s&#x00ED; t&#x00E9; se","volume":"3","author":"halasi-kov\u00e1cs","year":"2009","journal-title":"Pisces Hungarici"},{"key":"ref5","first-page":"34","article-title":"M&#x00F3; dszertani &#x00FA; tmutat&#x00F3; a makroszkopikus vizi gerinctelenek &#x00E9; l&#x00F6; l&#x00E9; nycsoport VKI szerinti gy&#x00FC; jt&#x00E9; s&#x00E9; hez &#x00E9; s feldolgoz&#x00E1; s&#x00E1; hoz","author":"v\u00e1rb\u00edr\u00f3","year":"2016","journal-title":"V&#x00ED;zgy&#x00FC;jt&#x00F6;-gazd&#x00E1;lkod&#x00E1;si Terv 2015 (6&#x2013;1 h&#x00E1;tt&#x00E9;ranyag)"},{"key":"ref7","first-page":"13","author":"sallai","year":"2008","journal-title":"Halk&#x00F6; z&#x00F6; ss&#x00E9; gek monitoroz&#x00E1; sa - II Projekt Vizes &#x00E9; l&#x00F6; helyek &#x00E9; s k&#x00F6; z&#x00F6; ss&#x00E9; geik monitoroz&#x00E1; sa"},{"journal-title":"(Orsz&#x00E1;gos Vizgy&#x00FC;jt&#x00F6;-gazd&#x00E1;lkod&#x00E1;si Terv)","first-page":"445","year":"2016","key":"ref2"},{"key":"ref1","first-page":"31","article-title":"Vizfoly&#x00E1; sok fauna-szervez&#x00F6; d&#x00E9; s&#x00E9; nek n&#x00E9; h&#x00E1; ny term&#x00E9; szetv&#x00E9; delmi vonatkoz&#x00E1; sa","author":"schmera","year":"2005","journal-title":"A III Magyar Term&#x00E9;szetv&#x00E9;delmi Biol&#x00F3;giai Konferencia Program &#x00E9;s Absztrakt k&#x00F6;tete Magyar Biol&#x00F3;giai T&#x00E1;rsas&#x00E1;g"}],"event":{"name":"2017 8th IEEE International Conference on Cognitive Infocommunications (CogInfoCom)","start":{"date-parts":[[2017,9,11]]},"location":"Debrecen","end":{"date-parts":[[2017,9,14]]}},"container-title":["2017 8th IEEE International Conference on Cognitive Infocommunications (CogInfoCom)"],"original-title":[],"link":[{"URL":"http:\/\/xplorestaging.ieee.org\/ielx7\/8260804\/8268207\/08268283.pdf?arnumber=8268283","content-type":"unspecified","content-version":"vor","intended-application":"similarity-checking"}],"deposited":{"date-parts":[[2018,3,1]],"date-time":"2018-03-01T16:56:38Z","timestamp":1519923398000},"score":1,"resource":{"primary":{"URL":"http:\/\/ieeexplore.ieee.org\/document\/8268283\/"}},"subtitle":[],"short-title":[],"issued":{"date-parts":[[2017,9]]},"references-count":7,"URL":"https:\/\/doi.org\/10.1109\/coginfocom.2017.8268283","relation":{},"subject":[],"published":{"date-parts":[[2017,9]]}}}