{"status":"ok","message-type":"work","message-version":"1.0.0","message":{"indexed":{"date-parts":[[2025,6,5]],"date-time":"2025-06-05T04:02:04Z","timestamp":1749096124381,"version":"3.41.0"},"reference-count":42,"publisher":"IEEE","license":[{"start":{"date-parts":[[2025,4,22]],"date-time":"2025-04-22T00:00:00Z","timestamp":1745280000000},"content-version":"stm-asf","delay-in-days":0,"URL":"https:\/\/doi.org\/10.15223\/policy-029"},{"start":{"date-parts":[[2025,4,22]],"date-time":"2025-04-22T00:00:00Z","timestamp":1745280000000},"content-version":"stm-asf","delay-in-days":0,"URL":"https:\/\/doi.org\/10.15223\/policy-037"}],"content-domain":{"domain":[],"crossmark-restriction":false},"short-container-title":[],"published-print":{"date-parts":[[2025,4,22]]},"DOI":"10.1109\/educon62633.2025.11016349","type":"proceedings-article","created":{"date-parts":[[2025,6,3]],"date-time":"2025-06-03T17:42:47Z","timestamp":1748972567000},"page":"1-9","source":"Crossref","is-referenced-by-count":0,"title":["Preliminary Results of the Evaluation of INSPIRA, a Training of Trainers and Andragogical Proposal for Industry 5.0"],"prefix":"10.1109","author":[{"given":"Irma","family":"del Carmen Torres Mata","sequence":"first","affiliation":[{"name":"Vicerectory for Continuing Education, Tecnologico de Monterreym,Monterrey,M\u00e9xico"}]},{"given":"Jos\u00e9 No\u00e9","family":"Miranda-Becerra","sequence":"additional","affiliation":[{"name":"Vicerectory for Continuing Education, Tecnologico de Monterreym,Monterrey,M\u00e9xico"}]},{"given":"Mar\u00eda","family":"del Pilar Garc\u00eda-Chitiva","sequence":"additional","affiliation":[{"name":"Institute for the Future of Education, Tecnologico de Monterrey,Monterrey,M\u00e9xico"}]},{"given":"Patricia","family":"V\u00e1zquez-Villegas","sequence":"additional","affiliation":[{"name":"Institute for the Future of Education, Tecnologico de Monterrey,Monterrey,M\u00e9xico"}]}],"member":"263","reference":[{"key":"ref1","doi-asserted-by":"publisher","DOI":"10.1016\/j.jmsy.2022.02.001"},{"key":"ref2","doi-asserted-by":"publisher","DOI":"10.3390\/s24144681"},{"key":"ref3","doi-asserted-by":"publisher","DOI":"10.23919\/fruct64283.2024.10749931"},{"key":"ref4","doi-asserted-by":"publisher","DOI":"10.1016\/j.jclepro.2024.142271"},{"key":"ref5","doi-asserted-by":"publisher","DOI":"10.1016\/j.techfore.2024.123206"},{"key":"ref6","doi-asserted-by":"publisher","DOI":"10.1007\/s12063-024-00471-7"},{"key":"ref7","doi-asserted-by":"publisher","DOI":"10.1080\/00140139.2024.2343947"},{"key":"ref8","doi-asserted-by":"publisher","DOI":"10.1016\/j.jclepro.2024.141364"},{"key":"ref9","doi-asserted-by":"publisher","DOI":"10.1002\/aet2.10987"},{"key":"ref10","doi-asserted-by":"publisher","DOI":"10.1186\/s13012-024-01371-x"},{"key":"ref11","doi-asserted-by":"publisher","DOI":"10.12688\/f1000research.148514.1"},{"key":"ref12","doi-asserted-by":"publisher","DOI":"10.1016\/j.jmsy.2024.02.010"},{"key":"ref13","doi-asserted-by":"publisher","DOI":"10.1093\/bjs\/znae163.051"},{"key":"ref14","doi-asserted-by":"publisher","DOI":"10.1016\/j.jnca.2023.103796"},{"key":"ref15","doi-asserted-by":"publisher","DOI":"10.1186\/s12992-024-01042-y"},{"key":"ref16","doi-asserted-by":"publisher","DOI":"10.1007\/s12063-023-00410-y"},{"key":"ref17","doi-asserted-by":"publisher","DOI":"10.1016\/j.trc.2023.104401"},{"key":"ref18","doi-asserted-by":"publisher","DOI":"10.1108\/ejim-08-2023-0659"},{"key":"ref19","first-page":"1","article-title":"Management of Lifelong Learning: from Individuals to Learning Organizations and Societies, presented in PanCommonwealth Forum 10 (PCF10)","author":"Prasad","year":"2022","journal-title":"Calgary, Canada: Commonwealth of Learning (COL)"},{"key":"ref20","doi-asserted-by":"publisher","DOI":"10.1108\/itp-10-2019-0536"},{"key":"ref21","doi-asserted-by":"publisher","DOI":"10.1108\/tlo-01-2023-0019"},{"key":"ref22","doi-asserted-by":"publisher","DOI":"10.1016\/j.injury.2023.111174"},{"key":"ref23","doi-asserted-by":"publisher","DOI":"10.1186\/s12909-023-04998-4"},{"key":"ref24","first-page":"409","article-title":"The Importance of Emotional Intelligence and Social Learning in General Education Institutions, International Scientific Conference \u201cEducation, Research, Practice\u201d","volume-title":"Proceedings","volume":"5","author":"Bregadze"},{"key":"ref25","doi-asserted-by":"publisher","DOI":"10.52507\/2345-1106.2024-1.35"},{"key":"ref26","article-title":"How to Learn at Work and School","volume-title":"Britt Andreatta","author":"Andreatta","year":"2024"},{"volume-title":"Tdbok guide: the talent development body of knowledge","year":"2024","key":"ref27"},{"issue":"3","key":"ref28","first-page":"2581","article-title":"A Study on the Efficacy of ENGAGE Model in Improving Speaking Components of EFL Learners: A Comparative Methodological Approach","volume":"6","author":"Abdollahzadeh","year":"2023","journal-title":"Iranian Journal of Comparative Education"},{"key":"ref29","doi-asserted-by":"publisher","DOI":"10.19044\/esj.2024.v20n28p135"},{"key":"ref30","doi-asserted-by":"publisher","DOI":"10.4324\/9780429299612"},{"key":"ref31","doi-asserted-by":"publisher","DOI":"10.26855\/er.2023.06.021"},{"key":"ref32","article-title":"Innermetrix Latinoam\u00e9rica Pruebas Psicom\u00e9tricas | Ciudad de M\u00e9xico","volume-title":"Innermetrix-Latam","author":"Pruebas","year":"2024"},{"key":"ref33","doi-asserted-by":"publisher","DOI":"10.1093\/med\/9780197655979.001.0001"},{"key":"ref34","doi-asserted-by":"publisher","DOI":"10.1177\/0022487106296220"},{"key":"ref35","doi-asserted-by":"publisher","DOI":"10.28945\/2339"},{"key":"ref36","doi-asserted-by":"publisher","DOI":"10.35445\/alishlah.v14i3.1959"},{"key":"ref37","doi-asserted-by":"publisher","DOI":"10.24294\/jipd.v8i12.9753"},{"key":"ref38","doi-asserted-by":"publisher","DOI":"10.59613\/global.v2i9.325"},{"key":"ref39","doi-asserted-by":"publisher","DOI":"10.1108\/HESWBL-05-2022-0115"},{"key":"ref40","doi-asserted-by":"publisher","DOI":"10.62345\/jads.2024.13.3.63"},{"key":"ref41","doi-asserted-by":"publisher","DOI":"10.1108\/JWL-02-2020-0034"},{"key":"ref42","doi-asserted-by":"publisher","DOI":"10.24294\/jipd.v8i12.6385"}],"event":{"name":"2025 IEEE Global Engineering Education Conference (EDUCON)","start":{"date-parts":[[2025,4,22]]},"location":"London, United Kingdom","end":{"date-parts":[[2025,4,25]]}},"container-title":["2025 IEEE Global Engineering Education Conference (EDUCON)"],"original-title":[],"link":[{"URL":"http:\/\/xplorestaging.ieee.org\/ielx8\/11016265\/11016287\/11016349.pdf?arnumber=11016349","content-type":"unspecified","content-version":"vor","intended-application":"similarity-checking"}],"deposited":{"date-parts":[[2025,6,4]],"date-time":"2025-06-04T05:12:04Z","timestamp":1749013924000},"score":1,"resource":{"primary":{"URL":"https:\/\/ieeexplore.ieee.org\/document\/11016349\/"}},"subtitle":[],"short-title":[],"issued":{"date-parts":[[2025,4,22]]},"references-count":42,"URL":"https:\/\/doi.org\/10.1109\/educon62633.2025.11016349","relation":{},"subject":[],"published":{"date-parts":[[2025,4,22]]}}}