{"status":"ok","message-type":"work","message-version":"1.0.0","message":{"indexed":{"date-parts":[[2026,2,6]],"date-time":"2026-02-06T03:17:04Z","timestamp":1770347824541,"version":"3.49.0"},"reference-count":20,"publisher":"IEEE","license":[{"start":{"date-parts":[[2025,4,22]],"date-time":"2025-04-22T00:00:00Z","timestamp":1745280000000},"content-version":"stm-asf","delay-in-days":0,"URL":"https:\/\/doi.org\/10.15223\/policy-029"},{"start":{"date-parts":[[2025,4,22]],"date-time":"2025-04-22T00:00:00Z","timestamp":1745280000000},"content-version":"stm-asf","delay-in-days":0,"URL":"https:\/\/doi.org\/10.15223\/policy-037"}],"funder":[{"DOI":"10.13039\/501100020636","name":"Ministry of Education and Vocational Training","doi-asserted-by":"publisher","award":["23CO1\/004122"],"award-info":[{"award-number":["23CO1\/004122"]}],"id":[{"id":"10.13039\/501100020636","id-type":"DOI","asserted-by":"publisher"}]},{"DOI":"10.13039\/501100004895","name":"European Social Fund Plus","doi-asserted-by":"publisher","id":[{"id":"10.13039\/501100004895","id-type":"DOI","asserted-by":"publisher"}]}],"content-domain":{"domain":[],"crossmark-restriction":false},"short-container-title":[],"published-print":{"date-parts":[[2025,4,22]]},"DOI":"10.1109\/educon62633.2025.11016648","type":"proceedings-article","created":{"date-parts":[[2025,6,3]],"date-time":"2025-06-03T17:42:47Z","timestamp":1748972567000},"page":"1-10","source":"Crossref","is-referenced-by-count":1,"title":["Adaptive Learning in Computational Thinking: The Role of Emotional Feedback in Programming Contests Training"],"prefix":"10.1109","author":[{"given":"Daniel","family":"Felipe G\u00f3mez Aristizabal","sequence":"first","affiliation":[{"name":"Universidad de La Laguna,Departamento de Ingenier&#x00ED; Inform&#x00E1;tica y de Sistemas,San Crist&#x00F3;bal de La Laguna,Spain"}]},{"given":"Rafael","family":"Herrero-\u00c1lvarez","sequence":"additional","affiliation":[{"name":"Universidad de La Laguna,Departamento de Ingenier&#x00ED; Inform&#x00E1;tica y de Sistemas,San Crist&#x00F3;bal de La Laguna,Spain"}]},{"given":"Gara","family":"Miranda","sequence":"additional","affiliation":[{"name":"Universidad de La Laguna,Departamento de Ingenier&#x00ED; Inform&#x00E1;tica y de Sistemas,San Crist&#x00F3;bal de La Laguna,Spain"}]},{"given":"Coromoto","family":"Le\u00f3n","sequence":"additional","affiliation":[{"name":"Universidad de La Laguna,Departamento de Ingenier&#x00ED; Inform&#x00E1;tica y de Sistemas,San Crist&#x00F3;bal de La Laguna,Spain"}]}],"member":"263","reference":[{"key":"ref1","doi-asserted-by":"publisher","DOI":"10.6018\/riite.397151"},{"key":"ref2","doi-asserted-by":"publisher","DOI":"10.1109\/tetc.2022.3163650"},{"key":"ref3","doi-asserted-by":"publisher","DOI":"10.1109\/access.2024.3402991"},{"key":"ref4","doi-asserted-by":"publisher","DOI":"10.1002\/cae.22610"},{"key":"ref5","volume-title":"Sistema autorn\u00e1tico para el aprendizaje de la programaci\u00f3n basado en emociones","author":"G\u00f3mez-Aristizabal","year":"2024"},{"key":"ref6","doi-asserted-by":"publisher","DOI":"10.1145\/3587103.3594141"},{"key":"ref7","first-page":"86","article-title":"Introducing cms: A contest management system","volume":"6","author":"Maggiolo","year":"2012","journal-title":"Olumpiads in Informatics"},{"key":"ref8","doi-asserted-by":"publisher","DOI":"10.4018\/ijvple.295306"},{"key":"ref9","doi-asserted-by":"publisher","DOI":"10.1109\/access.2024.3452592"},{"issue":"5","key":"ref10","doi-asserted-by":"crossref","first-page":"01","DOI":"10.34190\/ejel.22.5.3467","article-title":"Harnessing AI for Education 4.0: Drivers of Personalized Learning","volume":"22","author":"Castro","year":"2024","journal-title":"The Electronic Journal of e-Learning"},{"issue":"16","key":"ref11","doi-asserted-by":"crossref","first-page":"68","DOI":"10.3991\/ijim.v18i16.51009","article-title":"Machine Learning-Based Personalized Learning Path Decision-Making Method on Intelligent Education Platforms","volume":"18","author":"Zhang","year":"2024","journal-title":"International Journal of Interactive Mobile Technologies (iJIM)"},{"key":"ref12","doi-asserted-by":"crossref","first-page":"150","DOI":"10.1016\/j.compedu.2013.08.006","article-title":"Leveraging a personalized system to improve self-directed learning in online educational environments","volume":"70","author":"Kim","year":"2013","journal-title":"Computers & Education"},{"key":"ref13","volume-title":"Problemas propuestos en la I Olimpiada Inform\u00e1tica de Santa Cruz de Tenerife","author":"Herrero-Alvarez","year":"2023"},{"key":"ref14","doi-asserted-by":"publisher","DOI":"10.1146\/annurev.psych.60.110707.163539"},{"key":"ref15","doi-asserted-by":"publisher","DOI":"10.3389\/fpsyg.2017.01454"},{"key":"ref16","doi-asserted-by":"publisher","DOI":"10.3390\/healthcare11121787"},{"issue":"6","key":"ref17","doi-asserted-by":"crossref","first-page":"1063","DOI":"10.1037\/0022-3514.54.6.1063","article-title":"Development and validation of brief measures of positive and negative affect: The panas scales","volume":"54","author":"Watson","year":"1988","journal-title":"Journal of personality and social psychology"},{"key":"ref18","doi-asserted-by":"crossref","first-page":"392","DOI":"10.3389\/fpsyg.2018.00392","article-title":"Positive and negative affect schedule-short form: Factorial invariance and optimistic and pessimistic affective profiles in spanish children","volume":"9","author":"Sanmartin","year":"2018","journal-title":"Frontiers in psychology"},{"issue":"3","key":"ref19","doi-asserted-by":"crossref","first-page":"326","DOI":"10.1037\/1040-3590.11.3.326","article-title":"A measure of positive and negative affect for children","volume":"11","author":"Laurent","year":"1999","journal-title":"Psychological assessment"},{"issue":"1","key":"ref20","doi-asserted-by":"crossref","first-page":"49","DOI":"10.1016\/0005-7916(94)90063-9","article-title":"Measuring emotion: The self-assessment manikin and the semantic differential","volume":"25","author":"Bradley","year":"1994","journal-title":"Journal of behavior therapy and experimental psychiatry"}],"event":{"name":"2025 IEEE Global Engineering Education Conference (EDUCON)","location":"London, United Kingdom","start":{"date-parts":[[2025,4,22]]},"end":{"date-parts":[[2025,4,25]]}},"container-title":["2025 IEEE Global Engineering Education Conference (EDUCON)"],"original-title":[],"link":[{"URL":"http:\/\/xplorestaging.ieee.org\/ielx8\/11016265\/11016287\/11016648.pdf?arnumber=11016648","content-type":"unspecified","content-version":"vor","intended-application":"similarity-checking"}],"deposited":{"date-parts":[[2025,6,4]],"date-time":"2025-06-04T05:09:35Z","timestamp":1749013775000},"score":1,"resource":{"primary":{"URL":"https:\/\/ieeexplore.ieee.org\/document\/11016648\/"}},"subtitle":[],"short-title":[],"issued":{"date-parts":[[2025,4,22]]},"references-count":20,"URL":"https:\/\/doi.org\/10.1109\/educon62633.2025.11016648","relation":{},"subject":[],"published":{"date-parts":[[2025,4,22]]}}}