{"status":"ok","message-type":"work","message-version":"1.0.0","message":{"indexed":{"date-parts":[[2024,10,30]],"date-time":"2024-10-30T13:45:45Z","timestamp":1730295945282,"version":"3.28.0"},"reference-count":10,"publisher":"IEEE","license":[{"start":{"date-parts":[[2023,11,16]],"date-time":"2023-11-16T00:00:00Z","timestamp":1700092800000},"content-version":"stm-asf","delay-in-days":0,"URL":"https:\/\/doi.org\/10.15223\/policy-029"},{"start":{"date-parts":[[2023,11,16]],"date-time":"2023-11-16T00:00:00Z","timestamp":1700092800000},"content-version":"stm-asf","delay-in-days":0,"URL":"https:\/\/doi.org\/10.15223\/policy-037"}],"content-domain":{"domain":[],"crossmark-restriction":false},"short-container-title":[],"published-print":{"date-parts":[[2023,11,16]]},"DOI":"10.1109\/siie59826.2023.10423676","type":"proceedings-article","created":{"date-parts":[[2024,2,8]],"date-time":"2024-02-08T18:29:46Z","timestamp":1707416986000},"page":"1-7","source":"Crossref","is-referenced-by-count":0,"title":["The emergence of algorithmics in grade 1: a study within the mathematical curriculum"],"prefix":"10.1109","author":[{"given":"C\u00e9lia","family":"Mestre","sequence":"first","affiliation":[{"name":"Instituto Polit&#x00E9;cnico de Set&#x00FA;bal Escola Superior de Educa&#x00E7;&#x00E3;o,Portugal"}]},{"given":"Cristina","family":"Martins","sequence":"additional","affiliation":[{"name":"Instituto Polit&#x00E9;cnico de Bragan&#x00E7;a,Centro de Investiga&#x00E7;&#x00E3;o em Educa&#x00E7;&#x00E3;o B&#x00E1;sica,Portugal"}]},{"given":"C\u00e2ndida","family":"Tourais","sequence":"additional","affiliation":[{"name":"Agrupamento de Escolas de Azeit&#x00E3;o,Portugal"}]},{"given":"Isabel","family":"Guerra","sequence":"additional","affiliation":[{"name":"Agrupamento de Escolas Miguel Torga,Bragan&#x00E7;a,Portugal"}]}],"member":"263","reference":[{"issue":"3","key":"ref1","first-page":"47","article-title":"A K-6 Computational Thinking Curriculum Framework: Implications for Teacher Knowledge","volume":"19","author":"Angeli","year":"2016","journal-title":"Educational Technology & Society"},{"key":"ref2","first-page":"13","article-title":"New frameworks for studying and assessing the development of computational thinking","volume-title":"Proceedings of the 2012 Annual Meeting of the American Educational Research Association","volume":"1","author":"Brennan"},{"key":"ref3","article-title":"Aprendizagens Essenciais de Matem\u00e1tica no Ensino B\u00e1sico","volume-title":"ME-DGE","author":"Canavarro","year":"2021"},{"key":"ref4","first-page":"5","article-title":"O pensamento computacional no curr\u00edculo de Matem\u00e1tica","volume":"162","author":"Espadeiro","year":"2021","journal-title":"Educa\u00e7\u00e3o e Matem\u00e1tica"},{"key":"ref5","doi-asserted-by":"publisher","DOI":"10.21125\/edulearn.2021.1885"},{"key":"ref6","doi-asserted-by":"publisher","DOI":"10.4236\/ce.2013.49081"},{"key":"ref7","doi-asserted-by":"publisher","DOI":"10.1016\/j.sbspro.2016.10.176"},{"key":"ref8","doi-asserted-by":"publisher","DOI":"10.1145\/1118178.1118215"},{"volume-title":"Computational Thinking: What and Why?","year":"2010","author":"Wing","key":"ref9"},{"article-title":"Integrating computational thinking in elementary classrooms: Introducing a toolkit to support teachers","volume-title":"Society for Information Technology & Teacher Education International Conference","author":"Yadav","key":"ref10"}],"event":{"name":"2023 International Symposium on Computers in Education (SIIE)","start":{"date-parts":[[2023,11,16]]},"location":"Set\u00fabal, Portugal","end":{"date-parts":[[2023,11,18]]}},"container-title":["2023 International Symposium on Computers in Education (SIIE)"],"original-title":[],"link":[{"URL":"http:\/\/xplorestaging.ieee.org\/ielx7\/10423672\/10423673\/10423676.pdf?arnumber=10423676","content-type":"unspecified","content-version":"vor","intended-application":"similarity-checking"}],"deposited":{"date-parts":[[2024,2,13]],"date-time":"2024-02-13T08:13:47Z","timestamp":1707812027000},"score":1,"resource":{"primary":{"URL":"https:\/\/ieeexplore.ieee.org\/document\/10423676\/"}},"subtitle":[],"short-title":[],"issued":{"date-parts":[[2023,11,16]]},"references-count":10,"URL":"https:\/\/doi.org\/10.1109\/siie59826.2023.10423676","relation":{},"subject":[],"published":{"date-parts":[[2023,11,16]]}}}