{"status":"ok","message-type":"work","message-version":"1.0.0","message":{"indexed":{"date-parts":[[2025,8,7]],"date-time":"2025-08-07T09:20:12Z","timestamp":1754558412423,"version":"3.37.3"},"reference-count":33,"publisher":"IEEE","license":[{"start":{"date-parts":[[2023,11,16]],"date-time":"2023-11-16T00:00:00Z","timestamp":1700092800000},"content-version":"stm-asf","delay-in-days":0,"URL":"https:\/\/doi.org\/10.15223\/policy-029"},{"start":{"date-parts":[[2023,11,16]],"date-time":"2023-11-16T00:00:00Z","timestamp":1700092800000},"content-version":"stm-asf","delay-in-days":0,"URL":"https:\/\/doi.org\/10.15223\/policy-037"}],"funder":[{"DOI":"10.13039\/501100001871","name":"Funda\u00e7\u00e3o para a Ci\u00eancia e a Tecnologia","doi-asserted-by":"publisher","id":[{"id":"10.13039\/501100001871","id-type":"DOI","asserted-by":"publisher"}]}],"content-domain":{"domain":[],"crossmark-restriction":false},"short-container-title":[],"published-print":{"date-parts":[[2023,11,16]]},"DOI":"10.1109\/siie59826.2023.10423691","type":"proceedings-article","created":{"date-parts":[[2024,2,8]],"date-time":"2024-02-08T18:29:46Z","timestamp":1707416986000},"page":"1-6","source":"Crossref","is-referenced-by-count":3,"title":["Young people\u2019s digital competences: does gender matter?"],"prefix":"10.1109","author":[{"given":"Eduarda","family":"Ferreira","sequence":"first","affiliation":[{"name":"FCSH\/NOVA,Interdisciplinary Centre of Social Sciences (CICS.NOVA),Lisboa,Portugal"}]},{"given":"Maria Jo\u00e3o","family":"Silva","sequence":"additional","affiliation":[{"name":"Escola Superior de Educa&#x00E7;&#x00E3;o de Lisboa Instituto Polit&#x00E9;cnico de Lisboa,CIED,Lisboa,Portugal"}]}],"member":"263","reference":[{"key":"ref1","article-title":"Social inclusion, digitalisation and young people","author":"Pa\u0161i\u0107","year":"2021","journal-title":"Council of Europe and European Commission"},{"year":"2021","article-title":"\u2018ICT specialists in employment\u2019, Statistics Explained","key":"ref2"},{"volume-title":"Women and men in ICT: a chance for better work\u2013life balance\u202f: research note","year":"2018","key":"ref3"},{"doi-asserted-by":"publisher","key":"ref4","DOI":"10.5210\/fm.v22i10.7062"},{"doi-asserted-by":"publisher","key":"ref5","DOI":"10.1787\/e11c1c2d-en"},{"doi-asserted-by":"publisher","key":"ref6","DOI":"10.1177\/097185240701100202"},{"volume-title":"The ABC of Gender Equality in Education: Aptitude, Behaviour, Confidence","year":"2015","key":"ref7"},{"volume-title":"Key competences for lifelong learning","year":"2019","key":"ref8"},{"doi-asserted-by":"publisher","key":"ref9","DOI":"10.1108\/10748120110424816"},{"volume-title":"Their space: education for a digital generation","year":"2007","author":"Green","key":"ref10"},{"doi-asserted-by":"publisher","key":"ref11","DOI":"10.4018\/ijdldc.2015070102"},{"doi-asserted-by":"publisher","key":"ref12","DOI":"10.1080\/01411920902989227"},{"doi-asserted-by":"publisher","key":"ref13","DOI":"10.1108\/00012530910973776"},{"volume-title":"Digital Education Action Plan (2021-2027)","year":"2020","key":"ref14"},{"volume-title":"Education Digital Transition Plan","key":"ref15"},{"volume-title":"National Digital Competences Initiative e.2030 (INCoDe.2030)","key":"ref16"},{"key":"ref17","article-title":"Closing the Gender Gap in Digital Technologies","volume-title":"INCoDe.2030","author":"da Silva","year":"2018"},{"year":"2012","article-title":"Gender equality in education, employment and entrepreneurship: Final report to the MCM 2012","key":"ref18"},{"volume-title":"The ABC of Gender Equality in Education: Aptitude, Behaviour, Confidence","year":"2015","key":"ref19"},{"volume-title":"PORDATA Database of Contemporary Portugal","key":"ref20"},{"volume-title":"Study and work in the EU: set apart by gender","year":"2017","key":"ref21"},{"key":"ref22","article-title":"Net Children Go Mobile. Risks and Opportunities","author":"Mascheroni","year":"2014","journal-title":"Educatt"},{"key":"ref23","first-page":"144","article-title":"Crescendo entre ecr\u00e3s: compet\u00eancias digitais de crian\u00e7as de tr\u00eas a oito anos","volume-title":"em Literacia, Media e Cidadania \u2013 Livro de Atas do 4.o Congresso","author":"Castro","year":"2017"},{"doi-asserted-by":"publisher","key":"ref24","DOI":"10.1109\/siie.2017.8259671"},{"volume-title":"EU Kids Online Portugal. Usos, compet\u00eancias, riscos e media\u00e7\u00f5es da internet reportados por crian\u00e7as e jovens (9-17 anos)","year":"2019","author":"Ponte","key":"ref25"},{"key":"ref26","first-page":"19","article-title":"G\u00e9nero e experi\u00eancias digitais. Tens\u00f5es entre estere\u00f3tipos e autonomias","volume-title":"N\u00d3S NA REDE: Ambientes digitais de crian\u00e7as e jovens","author":"Ferreira","year":"2020"},{"key":"ref27","article-title":"The youth Digital Skills Indicator: Report on the conceptualisation and development of the ySKILLS digital skills measure","author":"Helsper","year":"2021","journal-title":"Zenodo"},{"key":"ref28","article-title":"Resultados da 1a s\u00e9rie do question\u00e1rio ySKILLS (2021)","author":"Ponte","year":"2022","journal-title":"Zenodo"},{"doi-asserted-by":"publisher","key":"ref29","DOI":"10.1016\/j.edurev.2019.03.007"},{"key":"ref30","article-title":"Return to Gender: Gender, ICT and Education","author":"T\u00f8mte","year":"2008","journal-title":"OECD, Centre for Educational Research and Innovation"},{"doi-asserted-by":"publisher","key":"ref31","DOI":"10.1016\/j.infoandorg.2011.07.001"},{"volume-title":"Digital Skills & Jobs Platform of the European Commission","key":"ref32"},{"volume-title":"Joint Research Centre., DigComp 2.1: the digital competence framework for citizens with eight proficiency levels and examples of use","year":"2017","key":"ref33"}],"event":{"name":"2023 International Symposium on Computers in Education (SIIE)","start":{"date-parts":[[2023,11,16]]},"location":"Set\u00fabal, Portugal","end":{"date-parts":[[2023,11,18]]}},"container-title":["2023 International Symposium on Computers in Education (SIIE)"],"original-title":[],"link":[{"URL":"http:\/\/xplorestaging.ieee.org\/ielx7\/10423672\/10423673\/10423691.pdf?arnumber=10423691","content-type":"unspecified","content-version":"vor","intended-application":"similarity-checking"}],"deposited":{"date-parts":[[2024,2,13]],"date-time":"2024-02-13T08:25:41Z","timestamp":1707812741000},"score":1,"resource":{"primary":{"URL":"https:\/\/ieeexplore.ieee.org\/document\/10423691\/"}},"subtitle":[],"short-title":[],"issued":{"date-parts":[[2023,11,16]]},"references-count":33,"URL":"https:\/\/doi.org\/10.1109\/siie59826.2023.10423691","relation":{},"subject":[],"published":{"date-parts":[[2023,11,16]]}}}