{"status":"ok","message-type":"work","message-version":"1.0.0","message":{"indexed":{"date-parts":[[2026,8,27]],"date-time":"2026-08-27T05:16:03Z","timestamp":1787807763753,"version":"build-2784847793"},"reference-count":17,"publisher":"IEEE","license":[{"start":{"date-parts":[[2025,12,1]],"date-time":"2025-12-01T00:00:00Z","timestamp":1764547200000},"content-version":"stm-asf","delay-in-days":0,"URL":"https:\/\/doi.org\/10.15223\/policy-029"},{"start":{"date-parts":[[2025,12,1]],"date-time":"2025-12-01T00:00:00Z","timestamp":1764547200000},"content-version":"stm-asf","delay-in-days":0,"URL":"https:\/\/doi.org\/10.15223\/policy-037"}],"funder":[{"DOI":"10.13039\/501100002322","name":"Coordena\u00e7\u00e3o de Aperfei\u00e7oamento de Pessoal de N\u00edvel Superior","doi-asserted-by":"publisher","id":[{"id":"10.13039\/501100002322","id-type":"DOI","asserted-by":"publisher"}]}],"content-domain":{"domain":[],"crossmark-restriction":false},"short-container-title":[],"published-print":{"date-parts":[[2025,12,1]]},"DOI":"10.1109\/vcip67698.2025.11396867","type":"proceedings-article","created":{"date-parts":[[2026,2,24]],"date-time":"2026-02-24T20:55:27Z","timestamp":1771966527000},"page":"1-5","source":"Crossref","is-referenced-by-count":1,"title":["Machine Learning-Based Block Partitioning for V-PCC Encoding Acceleration"],"prefix":"10.1109","author":[{"given":"Gustavo","family":"Rehbein","sequence":"first","affiliation":[{"name":"Video Technology Research Group (ViTech), Universidade Federal de Pelotas (UFPel),Pelotas,RS,Brazil"}],"role":[{"vocabulary":"crossref","role":"author"}]},{"given":"Cristiano","family":"Santos","sequence":"additional","affiliation":[{"name":"Video Technology Research Group (ViTech), Universidade Federal de Pelotas (UFPel),Pelotas,RS,Brazil"}],"role":[{"vocabulary":"crossref","role":"author"}]},{"given":"Guilherme","family":"Corr\u00eaa","sequence":"additional","affiliation":[{"name":"Video Technology Research Group (ViTech), Universidade Federal de Pelotas (UFPel),Pelotas,RS,Brazil"}],"role":[{"vocabulary":"crossref","role":"author"}]},{"given":"Marcelo","family":"Porto","sequence":"additional","affiliation":[{"name":"Video Technology Research Group (ViTech), Universidade Federal de Pelotas (UFPel),Pelotas,RS,Brazil"}],"role":[{"vocabulary":"crossref","role":"author"}]}],"member":"263","reference":[{"key":"ref1","article-title":"V-PCC codec description","author":"Preda","year":"2020"},{"key":"ref2","doi-asserted-by":"publisher","DOI":"10.1017\/ATSIP.2020.12"},{"key":"ref3","article-title":"Video point cloud compression - VPCC - mpeg-pcc-tmc2 test model candidate software","year":"2024"},{"key":"ref4","article-title":"Call for proposals for point cloud compression v2","volume-title":"ISO\/IEC JTC1 SC29\/WG11 MPEG, 117th Meeting. Hobart, TAS","author":"Schaefer"},{"key":"ref5","doi-asserted-by":"publisher","DOI":"10.1109\/TCSVT.2012.2221191"},{"key":"ref6","doi-asserted-by":"publisher","DOI":"10.1109\/TCSVT.2012.2223011"},{"key":"ref7","doi-asserted-by":"publisher","DOI":"10.1109\/TCSVT.2012.2221255"},{"key":"ref8","doi-asserted-by":"publisher","DOI":"10.1007\/s11554-025-01689-9"},{"key":"ref9","doi-asserted-by":"publisher","DOI":"10.1109\/PCS.2013.6737766"},{"key":"ref10","doi-asserted-by":"publisher","DOI":"10.1109\/TCSVT.2021.3101953"},{"key":"ref11","doi-asserted-by":"publisher","DOI":"10.1109\/TIP.2023.3337637"},{"key":"ref12","doi-asserted-by":"publisher","DOI":"10.1007\/s11554-023-01389-2"},{"key":"ref13","doi-asserted-by":"publisher","DOI":"10.3390\/electronics14071295"},{"key":"ref14","doi-asserted-by":"publisher","DOI":"10.26599\/AIR.2023.9150022"},{"key":"ref15","first-page":"20","article-title":"A machine-learning-driven fast video-based point cloud compression (V-PCC)","volume-title":"Proceedings of the 30th Brazilian Symposium on Multimedia and the Web","author":"Rehbein"},{"key":"ref16","doi-asserted-by":"publisher","DOI":"10.1109\/QoMEX58391.2023.10178589"},{"key":"ref17","article-title":"Common Test Conditions for V3C and V-PCC","year":"2020","journal-title":"ISO\/IEC JTC 1\/SC 29\/WG 11"}],"event":{"name":"2025 International Conference on Visual Communications and Image Processing (VCIP)","location":"Klagenfurt, Austria","start":{"date-parts":[[2025,12,1]]},"end":{"date-parts":[[2025,12,4]]}},"container-title":["2025 International Conference on Visual Communications and Image Processing (VCIP)"],"original-title":[],"link":[{"URL":"http:\/\/xplorestaging.ieee.org\/ielx8\/11396756\/11396790\/11396867.pdf?arnumber=11396867","content-type":"unspecified","content-version":"vor","intended-application":"similarity-checking"}],"deposited":{"date-parts":[[2026,2,25]],"date-time":"2026-02-25T07:36:17Z","timestamp":1772004977000},"score":1,"resource":{"primary":{"URL":"https:\/\/ieeexplore.ieee.org\/document\/11396867\/"}},"subtitle":[],"short-title":[],"issued":{"date-parts":[[2025,12,1]]},"references-count":17,"URL":"https:\/\/doi.org\/10.1109\/vcip67698.2025.11396867","relation":{},"subject":[],"published":{"date-parts":[[2025,12,1]]}}}