{"status":"ok","message-type":"work","message-version":"1.0.0","message":{"indexed":{"date-parts":[[2025,7,8]],"date-time":"2025-07-08T05:10:05Z","timestamp":1751951405636,"version":"3.41.2"},"reference-count":22,"publisher":"IEEE","license":[{"start":{"date-parts":[[2025,5,27]],"date-time":"2025-05-27T00:00:00Z","timestamp":1748304000000},"content-version":"stm-asf","delay-in-days":0,"URL":"https:\/\/doi.org\/10.15223\/policy-029"},{"start":{"date-parts":[[2025,5,27]],"date-time":"2025-05-27T00:00:00Z","timestamp":1748304000000},"content-version":"stm-asf","delay-in-days":0,"URL":"https:\/\/doi.org\/10.15223\/policy-037"}],"content-domain":{"domain":[],"crossmark-restriction":false},"short-container-title":[],"published-print":{"date-parts":[[2025,5,27]]},"DOI":"10.1109\/eem64765.2025.11050276","type":"proceedings-article","created":{"date-parts":[[2025,7,7]],"date-time":"2025-07-07T17:47:33Z","timestamp":1751910453000},"page":"1-6","source":"Crossref","is-referenced-by-count":0,"title":["Analysis of the New Portuguese and Spanish Necps Using Cevesa Market Model"],"prefix":"10.1109","author":[{"given":"Andr\u00e9 Rodrigues","family":"De Oliveira","sequence":"first","affiliation":[{"name":"Institute for Systems and Computer Engineering, University of Porto,Technology and Science (INESC TEC) Faculty of Engineering,Porto,Portugal,4200-465"}]},{"given":"Salvador Dom\u00e9nech","family":"Mart\u00ednez","sequence":"additional","affiliation":[{"name":"Institute for Systems and Computer Engineering, University of Porto,Technology and Science (INESC TEC) Faculty of Engineering,Porto,Portugal,4200-465"}]},{"given":"Jos\u00e9 Villar","family":"Collado","sequence":"additional","affiliation":[{"name":"Institute for Systems and Computer Engineering, University of Porto,Technology and Science (INESC TEC) Faculty of Engineering,Porto,Portugal,4200-465"}]},{"given":"Tiago Filipe","family":"Bessa","sequence":"additional","affiliation":[{"name":"Institute for Systems and Computer Engineering, University of Porto,Technology and Science (INESC TEC) Faculty of Engineering,Porto,Portugal,4200-465"}]},{"given":"Jo\u00e3o Tom\u00e9","family":"Saraiva","sequence":"additional","affiliation":[{"name":"Institute for Systems and Computer Engineering, University of Porto,Technology and Science (INESC TEC) Faculty of Engineering,Porto,Portugal,4200-465"}]},{"given":"Fco. Alberto","family":"Campos","sequence":"additional","affiliation":[{"name":"Institute for Research in Technology, Technical School of Engineering, Comillas Pontifical University,Madrid,Spain"}]},{"given":"Rodrigo","family":"Gon\u00e7alves De Morais","sequence":"additional","affiliation":[{"name":"China Three Gorges International - New Business Development &#x0026; Research Centre,Lisbon,Portugal"}]},{"given":"Beatriz","family":"D\u00e1vila-Isidoro","sequence":"additional","affiliation":[{"name":"China Three Gorges Europe,Madrid,Spain"}]}],"member":"263","reference":[{"volume-title":"The European Green Deal - European Commission","year":"2025","key":"ref1"},{"volume-title":"Fit for 55\u2019, Consilium","year":"2025","key":"ref2"},{"volume-title":"National energy and climate plans","year":"2024","key":"ref3"},{"volume-title":"Spain - Draft Updated NECP 2021\u20132030 - European Commission","year":"2024","key":"ref4"},{"volume-title":"Portugal - Draft Updated NECP 2021\u20132030 - European Commission","year":"2024","key":"ref5"},{"key":"ref6","doi-asserted-by":"publisher","DOI":"10.1109\/EEM49802.2020.9221957"},{"key":"ref7","doi-asserted-by":"publisher","DOI":"10.1109\/EEM60825.2024.10608866"},{"key":"ref8","doi-asserted-by":"publisher","DOI":"10.1109\/EEM.2013.6607286"},{"key":"ref9","doi-asserted-by":"publisher","DOI":"10.1016\/j.epsr.2020.106337"},{"key":"ref10","doi-asserted-by":"publisher","DOI":"10.1109\/EEM.2015.7216658"},{"key":"ref11","doi-asserted-by":"publisher","DOI":"10.1109\/EEM.2019.8916354"},{"volume-title":"La central nuclear de Cofrentes cumple sus 40 a\u00f1os de\u201cvida \u00fatil\u201d y afirma que ser\u00eda factible funcionar m\u00e1s all\u00e1 de 2030","year":"2024","author":"Castell\u00f3","key":"ref12"},{"volume-title":"Spain\u2019s Popular party\u2019s nuclear plant extension plan\u201dtricky\u201d, says energy minister","year":"2024","author":"Heller","key":"ref13"},{"volume-title":"File access","year":"2022","key":"ref14"},{"volume-title":"SIMEE - Actual Generation","year":"2024","key":"ref15"},{"volume-title":"Forecasted Transfer Capacities - Month Ahead","year":"2024","key":"ref16"},{"volume-title":"Final Hourly Operational Programme (PHOF)","year":"2024","key":"ref17"},{"volume-title":"REE - ESIOS Website","year":"2020","key":"ref18"},{"volume-title":"Precios CO2 - Sendeco2","year":"2018","key":"ref19"},{"volume-title":"ETS carbon price expectations by system 2022\u20132030\u2019, Statista","year":"2024","key":"ref20"},{"volume-title":"Dutch TTF Natural Gas Historical Prices\u2019, Investing.com","key":"ref21"},{"volume-title":"SIMEE - Actual Total Load","year":"2024","key":"ref22"}],"event":{"name":"2025 21st International Conference on the European Energy Market (EEM)","start":{"date-parts":[[2025,5,27]]},"location":"Lisbon, Portugal","end":{"date-parts":[[2025,5,29]]}},"container-title":["2025 21st International Conference on the European Energy Market (EEM)"],"original-title":[],"link":[{"URL":"http:\/\/xplorestaging.ieee.org\/ielx8\/11050076\/11050077\/11050276.pdf?arnumber=11050276","content-type":"unspecified","content-version":"vor","intended-application":"similarity-checking"}],"deposited":{"date-parts":[[2025,7,8]],"date-time":"2025-07-08T04:50:29Z","timestamp":1751950229000},"score":1,"resource":{"primary":{"URL":"https:\/\/ieeexplore.ieee.org\/document\/11050276\/"}},"subtitle":[],"short-title":[],"issued":{"date-parts":[[2025,5,27]]},"references-count":22,"URL":"https:\/\/doi.org\/10.1109\/eem64765.2025.11050276","relation":{},"subject":[],"published":{"date-parts":[[2025,5,27]]}}}