{"status":"ok","message-type":"work","message-version":"1.0.0","message":{"indexed":{"date-parts":[[2025,8,22]],"date-time":"2025-08-22T05:14:09Z","timestamp":1755839649826,"version":"3.37.3"},"reference-count":16,"publisher":"IEEE","license":[{"start":{"date-parts":[[2023,10,18]],"date-time":"2023-10-18T00:00:00Z","timestamp":1697587200000},"content-version":"stm-asf","delay-in-days":0,"URL":"https:\/\/doi.org\/10.15223\/policy-029"},{"start":{"date-parts":[[2023,10,18]],"date-time":"2023-10-18T00:00:00Z","timestamp":1697587200000},"content-version":"stm-asf","delay-in-days":0,"URL":"https:\/\/doi.org\/10.15223\/policy-037"}],"funder":[{"DOI":"10.13039\/100006129","name":"FCT","doi-asserted-by":"publisher","award":["UIDB\/00264\/2020"],"award-info":[{"award-number":["UIDB\/00264\/2020"]}],"id":[{"id":"10.13039\/100006129","id-type":"DOI","asserted-by":"publisher"}]}],"content-domain":{"domain":[],"crossmark-restriction":false},"short-container-title":[],"published-print":{"date-parts":[[2023,10,18]]},"DOI":"10.1109\/fie58773.2023.10343355","type":"proceedings-article","created":{"date-parts":[[2024,1,5]],"date-time":"2024-01-05T19:26:01Z","timestamp":1704482761000},"page":"1-5","source":"Crossref","is-referenced-by-count":2,"title":["Transnational Higher Education: Diversity as Challenge"],"prefix":"10.1109","author":[{"ORCID":"https:\/\/orcid.org\/0000-0003-1434-1060","authenticated-orcid":false,"given":"Rosa M.","family":"Vasconcelos","sequence":"first","affiliation":[{"name":"University of Minho,2C2T,Guimar&#x00E3;es,Portugal"}]},{"ORCID":"https:\/\/orcid.org\/0000-0003-3600-3310","authenticated-orcid":false,"given":"Em\u00edlia","family":"Ara\u00fajo","sequence":"additional","affiliation":[{"name":"University of Minho,Braga,Portugal"}]},{"ORCID":"https:\/\/orcid.org\/0000-0003-3464-2194","authenticated-orcid":false,"given":"M\u00e1rcia","family":"Silva","sequence":"additional","affiliation":[{"name":"University of Beira Interior,Covilh&#x00E3;,Portugal"}]},{"given":"Lara","family":"Campinho","sequence":"additional","affiliation":[{"name":"University of Minho,Braga,Portugal"}]}],"member":"263","reference":[{"key":"ref1","doi-asserted-by":"publisher","DOI":"10.1186\/s40594-022-00387-3"},{"key":"ref2","doi-asserted-by":"publisher","DOI":"10.3102\/00346543211012751"},{"key":"ref3","doi-asserted-by":"publisher","DOI":"10.17165\/tp.2021.1-2.7"},{"key":"ref4","doi-asserted-by":"publisher","DOI":"10.1007\/978-3-319-92713-8_8"},{"key":"ref5","doi-asserted-by":"publisher","DOI":"10.1037\/a0025130"},{"key":"ref6","doi-asserted-by":"publisher","DOI":"10.3102\/0002831208323278"},{"key":"ref7","first-page":"1","article-title":"Muitas vezes, n\u00f3s n\u00e3o dizemos nada: Representa\u00e7\u00f5es, perce\u00e7\u00f5es e incid\u00eancia do ass\u00e9dio sexual entre estudantes da Universidade do Minho","author":"Amorim","year":"2021","journal-title":"Disserta\u00e7\u00e3o de Mestrado"},{"key":"ref8","doi-asserted-by":"publisher","DOI":"10.1007\/s11625-010-0106-0"},{"volume-title":"Portugal Ainda Tem uma Narrativa Colonial Toxica","year":"2021","key":"ref9"},{"volume-title":"Diversity, Equity and Inclusion in European Higher Education Institutions Results from the INVITED project","year":"2019","author":"Claeys-Kulik","key":"ref10"},{"key":"ref11","article-title":"Ser estudante dos PALOP na Universidade do Algarve: uma abordagem a partir de hist\u00f3rias de vida","author":"Vinagre","year":"2017","journal-title":"Disserta\u00e7\u00e3o de Mestrado, Faro"},{"journal-title":"Di\u00e1rio de Not\u00edcias","article-title":"Fora com os pretos, Viva a ra\u00e7a branca. Universidades e escolas vandalizadas com mensagens racistas","year":"2020","key":"ref12"},{"journal-title":"A Cor da Pele no Ensino Superior: Experi\u00eancias de Racismo no Quotidiano dos Estudantes Provenientes dos PALOP em The country","first-page":"167","author":"Doutor","key":"ref13"},{"key":"ref14","doi-asserted-by":"publisher","DOI":"10.1080\/09589236.2022.2007446"},{"key":"ref15","doi-asserted-by":"publisher","DOI":"10.1080\/00091383.2019.1606612"},{"key":"ref16","doi-asserted-by":"publisher","DOI":"10.1080\/02701960.2019.1583224"}],"event":{"name":"2023 IEEE Frontiers in Education Conference (FIE)","start":{"date-parts":[[2023,10,18]]},"location":"College Station, TX, USA","end":{"date-parts":[[2023,10,21]]}},"container-title":["2023 IEEE Frontiers in Education Conference (FIE)"],"original-title":[],"link":[{"URL":"http:\/\/xplorestaging.ieee.org\/ielx7\/10342661\/10342889\/10343355.pdf?arnumber=10343355","content-type":"unspecified","content-version":"vor","intended-application":"similarity-checking"}],"deposited":{"date-parts":[[2024,1,12]],"date-time":"2024-01-12T03:05:09Z","timestamp":1705028709000},"score":1,"resource":{"primary":{"URL":"https:\/\/ieeexplore.ieee.org\/document\/10343355\/"}},"subtitle":[],"short-title":[],"issued":{"date-parts":[[2023,10,18]]},"references-count":16,"URL":"https:\/\/doi.org\/10.1109\/fie58773.2023.10343355","relation":{},"subject":[],"published":{"date-parts":[[2023,10,18]]}}}