{"status":"ok","message-type":"work","message-version":"1.0.0","message":{"indexed":{"date-parts":[[2026,1,24]],"date-time":"2026-01-24T11:28:54Z","timestamp":1769254134650,"version":"3.49.0"},"reference-count":9,"publisher":"IEEE","license":[{"start":{"date-parts":[[2023,11,5]],"date-time":"2023-11-05T00:00:00Z","timestamp":1699142400000},"content-version":"stm-asf","delay-in-days":0,"URL":"https:\/\/doi.org\/10.15223\/policy-029"},{"start":{"date-parts":[[2023,11,5]],"date-time":"2023-11-05T00:00:00Z","timestamp":1699142400000},"content-version":"stm-asf","delay-in-days":0,"URL":"https:\/\/doi.org\/10.15223\/policy-037"}],"funder":[{"DOI":"10.13039\/501100002322","name":"Coordena\u00e7\u00e3o de Aperfei\u00e7oamento de Pessoal de N\u00edvel Superior \u2013 Brasil (CAPES)","doi-asserted-by":"publisher","award":["001"],"award-info":[{"award-number":["001"]}],"id":[{"id":"10.13039\/501100002322","id-type":"DOI","asserted-by":"publisher"}]},{"DOI":"10.13039\/501100003593","name":"Conselho Nacional de Desenvolvimento Cientifico e Tecnologico (CNPq)","doi-asserted-by":"publisher","id":[{"id":"10.13039\/501100003593","id-type":"DOI","asserted-by":"publisher"}]},{"DOI":"10.13039\/501100008530","name":"European Regional Development Fund","doi-asserted-by":"publisher","id":[{"id":"10.13039\/501100008530","id-type":"DOI","asserted-by":"publisher"}]}],"content-domain":{"domain":[],"crossmark-restriction":false},"short-container-title":[],"published-print":{"date-parts":[[2023,11,5]]},"DOI":"10.1109\/imoc57131.2023.10379751","type":"proceedings-article","created":{"date-parts":[[2024,1,8]],"date-time":"2024-01-08T19:31:50Z","timestamp":1704742310000},"page":"235-237","source":"Crossref","is-referenced-by-count":3,"title":["Plasmonic Resonances Associated with Distinct Conducting Layers Deposited on a D-Shaped Photonic Crystal Fiber: An Analysis for Sensing Purpose"],"prefix":"10.1109","author":[{"given":"Amanda F.","family":"Romeiro","sequence":"first","affiliation":[{"name":"Federal University of Par&#x00E1;,Applied Electromagnetism Laboratory,Bel&#x00E9;m,Par\u00e1,Brazil"}]},{"given":"Markos P.","family":"Cardoso","sequence":"additional","affiliation":[{"name":"Federal University of Par&#x00E1;,Applied Electromagnetism Laboratory,Bel&#x00E9;m,Par\u00e1,Brazil"}]},{"given":"Cau\u00e3 C.","family":"Miranda","sequence":"additional","affiliation":[{"name":"Federal University of Par&#x00E1;,Applied Electromagnetism Laboratory,Bel&#x00E9;m,Par\u00e1,Brazil"}]},{"given":"Jo\u00e3o C. W. A.","family":"Costa","sequence":"additional","affiliation":[{"name":"Federal University of Par&#x00E1;,Applied Electromagnetism Laboratory,Bel&#x00E9;m,Par\u00e1,Brazil"}]},{"given":"M. Thereza R.","family":"Giraldi","sequence":"additional","affiliation":[{"name":"Engineering Military Institute,Laboratory of Photonics,Rio de Janeiro,Brazil"}]},{"given":"Anderson O.","family":"Silva","sequence":"additional","affiliation":[{"name":"Federal Center for Technological Education Celso Suckow da Fonseca,Rio de Janeiro,Brazil"}]},{"given":"Jos\u00e9 L.","family":"Santos","sequence":"additional","affiliation":[{"name":"University of Porto, INESC TEC,Faculty of Sciences,Porto,Portugal"}]},{"given":"Jos\u00e9 M.","family":"Baptista","sequence":"additional","affiliation":[{"name":"University of Madeira, INESC TEC,Faculty of Exact Sciences and Engineering,Porto,Portugal"}]},{"given":"Ariel","family":"Guerreiro","sequence":"additional","affiliation":[{"name":"University of Porto, INESC TEC,Faculty of Sciences,Porto,Portugal"}]}],"member":"263","reference":[{"key":"ref1","doi-asserted-by":"publisher","DOI":"10.1364\/OE.20.021693"},{"key":"ref2","doi-asserted-by":"publisher","DOI":"10.1088\/2040-8978\/12\/1\/015005"},{"key":"ref3","doi-asserted-by":"publisher","DOI":"10.1016\/j.snb.2016.11.113"},{"key":"ref4","doi-asserted-by":"publisher","DOI":"10.3390\/photonics8060181"},{"key":"ref5","doi-asserted-by":"publisher","DOI":"10.1364\/OL.43.000891"},{"key":"ref6","doi-asserted-by":"publisher","DOI":"10.1109\/MIM.2021.9491008"},{"key":"ref7","volume-title":"COMSOL website"},{"key":"ref8","doi-asserted-by":"publisher","DOI":"10.3390\/app12042153"},{"key":"ref9","doi-asserted-by":"publisher","DOI":"10.1007\/s11468-023-01829-6"}],"event":{"name":"2023 SBMO\/IEEE MTT-S International Microwave and Optoelectronics Conference (IMOC)","location":"Castelldefels, Spain","start":{"date-parts":[[2023,11,5]]},"end":{"date-parts":[[2023,11,9]]}},"container-title":["2023 SBMO\/IEEE MTT-S International Microwave and Optoelectronics Conference (IMOC)"],"original-title":[],"link":[{"URL":"http:\/\/xplorestaging.ieee.org\/ielx7\/10379643\/10379657\/10379751.pdf?arnumber=10379751","content-type":"unspecified","content-version":"vor","intended-application":"similarity-checking"}],"deposited":{"date-parts":[[2024,1,24]],"date-time":"2024-01-24T04:38:16Z","timestamp":1706071096000},"score":1,"resource":{"primary":{"URL":"https:\/\/ieeexplore.ieee.org\/document\/10379751\/"}},"subtitle":[],"short-title":[],"issued":{"date-parts":[[2023,11,5]]},"references-count":9,"URL":"https:\/\/doi.org\/10.1109\/imoc57131.2023.10379751","relation":{},"subject":[],"published":{"date-parts":[[2023,11,5]]}}}