{"status":"ok","message-type":"work","message-version":"1.0.0","message":{"indexed":{"date-parts":[[2026,3,16]],"date-time":"2026-03-16T08:48:25Z","timestamp":1773650905404,"version":"3.50.1"},"reference-count":34,"publisher":"Wiley","issue":"1","license":[{"start":{"date-parts":[[2026,2,3]],"date-time":"2026-02-03T00:00:00Z","timestamp":1770076800000},"content-version":"vor","delay-in-days":33,"URL":"http:\/\/onlinelibrary.wiley.com\/termsAndConditions#vor"},{"start":{"date-parts":[[2026,1,1]],"date-time":"2026-01-01T00:00:00Z","timestamp":1767225600000},"content-version":"tdm","delay-in-days":0,"URL":"http:\/\/doi.wiley.com\/10.1002\/tdm_license_1.1"}],"content-domain":{"domain":["onlinelibrary.wiley.com"],"crossmark-restriction":true},"short-container-title":["Research Intellect Disabil"],"published-print":{"date-parts":[[2026,1]]},"abstract":"<jats:title>ABSTRACT<\/jats:title>\n                  <jats:sec>\n                    <jats:title>Background<\/jats:title>\n                    <jats:p>Self\u2010determination has received increasing interest worldwide, both as a key concept in disability policy and as a guiding principle for best practices and lifelong learning.<\/jats:p>\n                  <\/jats:sec>\n                  <jats:sec>\n                    <jats:title>Method<\/jats:title>\n                    <jats:p>The study examined correlations between the Portuguese versions of the Self\u2010Determination Inventory (SDI) and the Self\u2010Determination Scale. A total of 168 participants with and without intellectual and developmental disabilities (IDD) aged 13\u201360\u2009years (24.7\u2009\u00b1\u200912.2) completed both instruments.<\/jats:p>\n                  <\/jats:sec>\n                  <jats:sec>\n                    <jats:title>Results<\/jats:title>\n                    <jats:p>Moderate and significant correlations were found, providing preliminary criterion evidence for the Portuguese translation of the SDI. The main findings include: (1) participants with IDD reported fewer self\u2010determination actions, (2) women scored higher than men and (3) academic qualifications had a limited influence on self\u2010determination scores.<\/jats:p>\n                  <\/jats:sec>\n                  <jats:sec>\n                    <jats:title>Conclusions<\/jats:title>\n                    <jats:p>The SDI PT translation is a valid and reliable tool that supports the operationalisation of the construct within the Portuguese context. This study also contributes to a deeper understanding of how self\u2010determination manifests across diverse populations, offering insights into inclusive practices and future theoretical developments.<\/jats:p>\n                  <\/jats:sec>","DOI":"10.1111\/jar.70191","type":"journal-article","created":{"date-parts":[[2026,2,3]],"date-time":"2026-02-03T11:15:50Z","timestamp":1770117350000},"update-policy":"https:\/\/doi.org\/10.1002\/crossmark_policy","source":"Crossref","is-referenced-by-count":0,"title":["Linking Self\u2010Determination to Life Outcomes of People With Intellectual and Developmental Disabilities: Criterion Validity of the Self\u2010Determination Inventory"],"prefix":"10.1111","volume":"39","author":[{"ORCID":"https:\/\/orcid.org\/0000-0002-7483-3342","authenticated-orcid":false,"given":"Clarissa","family":"Moreira","sequence":"first","affiliation":[{"name":"Faculdade de Motricidade Humana Universidade de Lisboa  Lisboa Portugal"}]},{"ORCID":"https:\/\/orcid.org\/0000-0002-8112-8932","authenticated-orcid":false,"given":"Andr\u00e9","family":"Oliveira","sequence":"additional","affiliation":[{"name":"Department of Psychology and Education, Faculty of Social Sciences and Humanities University of Beira Interior  Covilh\u00e3 Portugal"},{"name":"Psychology Research Center, School of Psychology University of Minho  Braga Portugal"}]},{"ORCID":"https:\/\/orcid.org\/0000-0001-7925-1299","authenticated-orcid":false,"given":"Karrie A.","family":"Shogren","sequence":"additional","affiliation":[{"name":"Beach Center on Disability and Kansas University Center on Developmental Disabilities, University of Kansas  Lawrence Kansas USA"}]},{"ORCID":"https:\/\/orcid.org\/0000-0001-5134-5867","authenticated-orcid":false,"given":"Mayumi","family":"Hagiwara","sequence":"additional","affiliation":[{"name":"Department of Special Education Graduate College of Education, San Francisco State University  San Francisco California USA"}]},{"ORCID":"https:\/\/orcid.org\/0000-0001-5009-8980","authenticated-orcid":false,"given":"Armanda","family":"Pereira","sequence":"additional","affiliation":[{"name":"Psychology Research Center, School of Psychology University of Minho  Braga Portugal"},{"name":"Department of Education and Psychology, School of Human and Social Sciences University of Tr\u00e1s\u2010os\u2010Montes and Alto Douro  Vila Real Portugal"}]},{"ORCID":"https:\/\/orcid.org\/0000-0002-3221-1916","authenticated-orcid":false,"given":"Pedro","family":"Ros\u00e1rio","sequence":"additional","affiliation":[{"name":"Psychology Research Center, School of Psychology University of Minho  Braga Portugal"}]},{"ORCID":"https:\/\/orcid.org\/0000-0003-4074-7347","authenticated-orcid":false,"given":"Fernando","family":"Gomes","sequence":"additional","affiliation":[{"name":"SpertLab, Faculdade de Motricidade Humana Universidade de Lisboa  Lisboa Portugal"}]},{"ORCID":"https:\/\/orcid.org\/0000-0002-6654-564X","authenticated-orcid":false,"given":"Sofia","family":"Santos","sequence":"additional","affiliation":[{"name":"UIDEF\u2014Instituto da Educa\u00e7\u00e3o, Faculdade de Motricidade Humana Universidade de Lisboa  Lisboa Portugal"}]}],"member":"311","published-online":{"date-parts":[[2026,2,3]]},"reference":[{"key":"e_1_2_13_2_1","doi-asserted-by":"publisher","DOI":"10.4103\/IJPSYM.IJPSYM_193_19"},{"key":"e_1_2_13_3_1","doi-asserted-by":"publisher","DOI":"10.3389\/fpubh.2018.00149"},{"key":"e_1_2_13_4_1","doi-asserted-by":"publisher","DOI":"10.1007\/978-94-024-1042-6_22"},{"key":"e_1_2_13_5_1","volume-title":"Statistical Power Analysis for the Behavioral Sciences","author":"Cohen J.","year":"1988"},{"key":"e_1_2_13_6_1","volume-title":"Discovering Statistics Using IBM SPSS Statistics","author":"Field A.","year":"2013"},{"key":"e_1_2_13_7_1","unstructured":"Lei n.\u00b0 49\/2018.2018.\u201cRegime jur\u00eddico do maior acompanhado Assembleia da Rep\u00fablica Di\u00e1rio da Rep\u00fablica n.\u00b0 156\/2018 S\u00e9rie I \u2013 N.\u00b0 156 de 14 agosto de.\u201c4072\u20134086."},{"key":"e_1_2_13_8_1","volume-title":"Practical Meta\u2010Analysis (Applied Social Research Methods Series Vol. 49)","author":"Lipsey M.","year":"2001"},{"key":"e_1_2_13_9_1","doi-asserted-by":"publisher","DOI":"10.1590\/1980\u201054702025v31e0040"},{"key":"e_1_2_13_10_1","doi-asserted-by":"publisher","DOI":"10.1111\/jir.13249"},{"key":"e_1_2_13_11_1","doi-asserted-by":"publisher","DOI":"10.1352\/1944\u20107558\u2010123.6.545"},{"key":"e_1_2_13_12_1","first-page":"87","article-title":"As Vari\u00e1veis da Auto\u2010Determina\u00e7\u00e3o de Adultos Com Dificuldades Intelectuais e Desenvolvimentais Institucionalizados [the Self\u2010Determination Variables of Institutionalized Adults With Intellectual and Developmental Disabilities]","volume":"26","author":"Nunes I.","year":"2019","journal-title":"Revista Educa\u00e7\u00e3o Especial e Reabilita\u00e7\u00e3o"},{"key":"e_1_2_13_13_1","unstructured":"Oliveira A. A.Pereira C.Moreira et\u00a0al.2025.\u201cAssessing the Self\u2010Determination of Adults With and Without Developmental Disabilities: The Portuguese Version of the \u2018Self\u2010Determination Inventory: Adult Report\u2019 [Manuscript Submitted for Publication].\u201d"},{"key":"e_1_2_13_14_1","doi-asserted-by":"publisher","DOI":"10.7759\/cureus.11794"},{"key":"e_1_2_13_15_1","volume-title":"Como Lidar Com a Dificuldade Intelectual e Desenvolvimental [How to Deal With Intellectual and Developmental Disabilities]","author":"Santos S.","year":"2020"},{"key":"e_1_2_13_16_1","volume-title":"Diversidade e Educa\u00e7\u00e3o Inclusiva: Instrumentos Validados (Cole\u00e7\u00e3o For\u00e7as de Mudan\u00e7a em Educa\u00e7\u00e3o)","author":"Santos S.","year":"2022"},{"key":"e_1_2_13_17_1","doi-asserted-by":"publisher","DOI":"10.1352\/1934\u20109556\u201062.5.339"},{"key":"e_1_2_13_18_1","doi-asserted-by":"publisher","DOI":"10.1007\/978-94-024-1042-6_2"},{"key":"e_1_2_13_19_1","doi-asserted-by":"publisher","DOI":"10.1177\/1534508418788168"},{"key":"e_1_2_13_20_1","doi-asserted-by":"publisher","DOI":"10.1352\/1934\u20109556\u201059.1.55"},{"key":"e_1_2_13_21_1","doi-asserted-by":"publisher","DOI":"10.1177\/0014402918782150"},{"key":"e_1_2_13_22_1","doi-asserted-by":"publisher","DOI":"10.3233\/JVR\u2010180935"},{"key":"e_1_2_13_23_1","doi-asserted-by":"publisher","DOI":"10.1007\/978-3-319-59066-0_5"},{"key":"e_1_2_13_24_1","doi-asserted-by":"publisher","DOI":"10.1177\/2165143415594335"},{"key":"e_1_2_13_25_1","doi-asserted-by":"publisher","DOI":"10.1007\/978-94-024-1042-6_5"},{"key":"e_1_2_13_26_1","doi-asserted-by":"publisher","DOI":"10.1177\/215416471505000302"},{"key":"e_1_2_13_27_1","doi-asserted-by":"publisher","DOI":"10.1177\/0885728811398271"},{"key":"e_1_2_13_28_1","doi-asserted-by":"publisher","DOI":"10.1352\/1934\u20109556\u201057.4.274"},{"key":"e_1_2_13_29_1","doi-asserted-by":"publisher","DOI":"10.1590\/1980\u201054702022v28e0135"},{"key":"e_1_2_13_30_1","doi-asserted-by":"publisher","DOI":"10.3109\/13668250.2017.1310828"},{"key":"e_1_2_13_31_1","doi-asserted-by":"publisher","DOI":"10.1046\/j.1365\u20102788.2001.00342.x"},{"key":"e_1_2_13_32_1","volume-title":"The Arc's Self\u2010Determination Scale","author":"Wehmeyer M.","year":"1995"},{"key":"e_1_2_13_33_1","doi-asserted-by":"publisher","DOI":"10.1007\/978-3-030-64537-3_9"},{"key":"e_1_2_13_34_1","first-page":"632","article-title":"Essential Characteristics of Self\u2010Determined Behavior of Individuals With Mental Retardation","volume":"100","author":"Wehmeyer M.","year":"1996","journal-title":"American Journal on Mental Retardation"},{"key":"e_1_2_13_35_1","doi-asserted-by":"publisher","DOI":"10.1352\/1934\u20109556\u201060.1.41"}],"container-title":["Journal of Applied Research in Intellectual Disabilities"],"original-title":[],"language":"en","link":[{"URL":"https:\/\/onlinelibrary.wiley.com\/doi\/pdf\/10.1111\/jar.70191","content-type":"application\/pdf","content-version":"vor","intended-application":"text-mining"},{"URL":"https:\/\/onlinelibrary.wiley.com\/doi\/full-xml\/10.1111\/jar.70191","content-type":"application\/xml","content-version":"vor","intended-application":"text-mining"},{"URL":"https:\/\/onlinelibrary.wiley.com\/doi\/pdf\/10.1111\/jar.70191","content-type":"unspecified","content-version":"vor","intended-application":"similarity-checking"}],"deposited":{"date-parts":[[2026,3,16]],"date-time":"2026-03-16T07:52:23Z","timestamp":1773647543000},"score":1,"resource":{"primary":{"URL":"https:\/\/onlinelibrary.wiley.com\/doi\/10.1111\/jar.70191"}},"subtitle":[],"short-title":[],"issued":{"date-parts":[[2026,1]]},"references-count":34,"journal-issue":{"issue":"1","published-print":{"date-parts":[[2026,1]]}},"alternative-id":["10.1111\/jar.70191"],"URL":"https:\/\/doi.org\/10.1111\/jar.70191","archive":["Portico"],"relation":{},"ISSN":["1360-2322","1468-3148"],"issn-type":[{"value":"1360-2322","type":"print"},{"value":"1468-3148","type":"electronic"}],"subject":[],"published":{"date-parts":[[2026,1]]},"assertion":[{"value":"2025-02-24","order":0,"name":"received","label":"Received","group":{"name":"publication_history","label":"Publication History"}},{"value":"2025-12-18","order":2,"name":"accepted","label":"Accepted","group":{"name":"publication_history","label":"Publication History"}},{"value":"2026-02-03","order":3,"name":"published","label":"Published","group":{"name":"publication_history","label":"Publication History"}}],"article-number":"e70191"}}