{"status":"ok","message-type":"work","message-version":"1.0.0","message":{"indexed":{"date-parts":[[2026,2,25]],"date-time":"2026-02-25T01:32:30Z","timestamp":1771983150843,"version":"3.50.1"},"reference-count":97,"publisher":"Geological Society of London","issue":"1","license":[{"start":{"date-parts":[[2023,1,30]],"date-time":"2023-01-30T00:00:00Z","timestamp":1675036800000},"content-version":"vor","delay-in-days":0,"URL":"https:\/\/www.geolsoc.org.uk\/publications\/lyell-collection\/user-license-1-1"},{"start":{"date-parts":[[2024,1,30]],"date-time":"2024-01-30T00:00:00Z","timestamp":1706572800000},"content-version":"vor","delay-in-days":365,"URL":"https:\/\/www.geolsoc.org.uk\/publications\/lyell-collection\/user-license-1-2"}],"funder":[{"DOI":"10.13039\/501100011100","name":"Fundaci\u00f3n Espa\u00f1ola para la Ciencia y la Tecnolog\u00eda","doi-asserted-by":"publisher","award":["PGC2018-096534-B-I00"],"award-info":[{"award-number":["PGC2018-096534-B-I00"]}],"id":[{"id":"10.13039\/501100011100","id-type":"DOI","asserted-by":"publisher"}]},{"name":"Funda\u00e7\u00e3o para a Ci\u00eancia e Tecnologia","award":["FCT\/UIDB\/04683\/2020- ICT"],"award-info":[{"award-number":["FCT\/UIDB\/04683\/2020- ICT"]}]},{"DOI":"10.13039\/100016970","name":"Consejer\u00eda de Econom\u00eda, Conocimiento, Empresas y Universidad, Junta de Andaluc\u00eda","doi-asserted-by":"publisher","award":["DOC-01689"],"award-info":[{"award-number":["DOC-01689"]}],"id":[{"id":"10.13039\/100016970","id-type":"DOI","asserted-by":"publisher"}]},{"name":"Funda\u00e7\u00e3o para a Ci\u00eancia e Tecnologia","award":["FCT\/UID\/GEO\/50019\/2019-IDL"],"award-info":[{"award-number":["FCT\/UID\/GEO\/50019\/2019-IDL"]}]},{"name":"Funda\u00e7\u00e3o para a Ciencia e Tecnologia","award":["FCT\/UIDB\/50019\/2020-IDL"],"award-info":[{"award-number":["FCT\/UIDB\/50019\/2020-IDL"]}]},{"DOI":"10.13039\/501100011100","name":"Fundaci\u00f3n Espa\u00f1ola para la Ciencia y la Tecnologia","doi-asserted-by":"crossref","award":["PID2020-117332GB-C21"],"award-info":[{"award-number":["PID2020-117332GB-C21"]}],"id":[{"id":"10.13039\/501100011100","id-type":"DOI","asserted-by":"crossref"}]}],"content-domain":{"domain":["www.lyellcollection.org"],"crossmark-restriction":true},"short-container-title":["SP"],"published-print":{"date-parts":[[2023,10,4]]},"abstract":"<jats:title>Abstract<\/jats:title>\n          <jats:p>\n            Field relationships and new U\u2013Pb geochronology data indicate a temporal link between the diverse high-K mafic\u2013intermediate magmas of the Ossa\u2013Morena Zone (OMZ). Ages of\n            <jats:italic>c.<\/jats:italic>\n            338\u2013335 Ma for the Vale de Maceiras gabbro and the Campo Maior microdiorite and quartz-diorite indicate that plutonism took place during a Variscan extensional D\n            <jats:sub>2<\/jats:sub>\n            deformation event in the OMZ. The syntectonic nature of the Vale de Maceiras pluton is attested to by the orientation of intrusive contacts, magmatic foliation and the growth of contact metamorphic minerals in relation to the Variscan extensional D\n            <jats:sub>2<\/jats:sub>\n            foliation. The Campo Maior microdiorite, quartz-diorite and orthomigmatites are temporally linked to high-temperature mylonitic gneisses formed simultaneously with the Variscan extensional D\n            <jats:sub>2<\/jats:sub>\n            deformation event. The geochemical features of the Vale de Maceiras and Campo Maior mafic\u2013intermediate rocks show an affinity with the sanukitoid series. This finding suggests that the observed geochemical variability, from tholeiitic to calc-alkaline and sanukitoid, in the Visean OMZ plutonic rocks (\n            <jats:italic>c.<\/jats:italic>\n            349\u2013335 Ma) may have been inherited from partially melted mantle domains that were previously contaminated by crustal melts during subduction.\n          <\/jats:p>","DOI":"10.1144\/sp531-2022-118","type":"journal-article","created":{"date-parts":[[2022,10,17]],"date-time":"2022-10-17T09:37:36Z","timestamp":1665999456000},"page":"345-367","update-policy":"https:\/\/doi.org\/10.1144\/crossmark-policy","source":"Crossref","is-referenced-by-count":9,"title":["Visean high-K mafic\u2013intermediate plutonic rocks of the Ossa\u2013Morena Zone (SW Iberia): implications for regional extensional tectonics"],"prefix":"10.1144","volume":"531","author":[{"ORCID":"https:\/\/orcid.org\/0000-0001-9032-2318","authenticated-orcid":false,"given":"M. Francisco","family":"Pereira","sequence":"first","affiliation":[{"name":"Departamento de Geoci\u00eancias, Instituto de Ci\u00eancias da Terra, ECT, Universidade de \u00c9vora, Apt. 94, 7002-554 \u00c9vora, Portugal"}]},{"given":"\u00cdcaro","family":"Dias da Silva","sequence":"additional","affiliation":[{"name":"Faculdade de Ci\u00eancias, Instituto Dom Luiz, Universidade de Lisboa, Campo Grande, Edifif\u00edcio C1, Piso 1, 1749-016 Lisboa, Portugal"}]},{"given":"C\u00e1rmen","family":"Rodr\u00edguez","sequence":"additional","affiliation":[{"name":"Instituto Andaluz de Ciencias de la Tierra (IACT), Consejo Superior de Investigaciones Cient\u00edficas\u2013Universidad de Granada, Avenida de las Palmeras 4, 18100 Armilla, Granada, Spain"}]},{"given":"Fernando","family":"Corfu","sequence":"additional","affiliation":[{"name":"Department of Geosciences and Centre for Earth Evolution and Dynamics (CEED), University of Oslo, Postbox 1047, Blindern, N-0316 Oslo, Norway"}]},{"given":"Ant\u00f3nio","family":"Castro","sequence":"additional","affiliation":[{"name":"Instituto Andaluz de Ciencias de la Tierra (IACT), Consejo Superior de Investigaciones Cient\u00edficas\u2013Universidad de Granada, Avenida de las Palmeras 4, 18100 Armilla, Granada, Spain"}]}],"member":"1881","published-online":{"date-parts":[[2023,1,30]]},"reference":[{"key":"e_1_3_6_2_1","doi-asserted-by":"publisher","DOI":"10.1016\/j.lithos.2018.07.032"},{"key":"e_1_3_6_3_1","first-page":"9","volume-title":"\u00c1vila, Spain, July 2011","author":"Antunes A.","year":"2011","unstructured":"Antunes, A., Santos, J.F., Azevedo, M.R. and Corfu, F. 2011. New U\u2013Pb zircon age constraints for the emplacement of the Reguengos de Monsaraz Massif (Ossa Morena Zone). In: Seventh Hutton Symposium on Granites and Related Rocks: Outcome of Sessions at Seventh Hutton Symposium on Granites and Related Rocks, \u00c1vila, Spain, July 2011. Elsevier, Amsterdam, 9\u201310."},{"key":"e_1_3_6_4_1","doi-asserted-by":"publisher","DOI":"10.1016\/j.tecto.2008.02.007"},{"key":"e_1_3_6_5_1","doi-asserted-by":"publisher","DOI":"10.1029\/93TC02724"},{"key":"e_1_3_6_6_1","doi-asserted-by":"publisher","DOI":"10.1029\/2008TC002306"},{"key":"e_1_3_6_7_1","doi-asserted-by":"publisher","DOI":"10.1016\/S0009-2541(03)00166-9"},{"key":"e_1_3_6_8_1","doi-asserted-by":"publisher","DOI":"10.1130\/0091-7613(2003)031<0351:GCOTKF>2.0.CO;2"},{"key":"e_1_3_6_9_1","doi-asserted-by":"publisher","DOI":"10.1016\/0040-1951(81)90012-3"},{"key":"e_1_3_6_10_1","doi-asserted-by":"publisher","DOI":"10.1016\/j.gr.2014.05.013"},{"key":"e_1_3_6_11_1","series-title":"Regional Geology Reviews","first-page":"514","volume-title":"The Geology of Iberia: A Geodynamic Approach, Volume 2: The Variscan Cycle","author":"Castro A.","year":"2019","unstructured":"Castro, A. 2019. Variscan magmatism. 13.3 An overview on the petrogenesis of the large batholiths and the mantle-related, basic and intermediate rocks. In: Quesada, C. and Oliveira, J.T. (eds) The Geology of Iberia: A Geodynamic Approach, Volume 2: The Variscan Cycle. Regional Geology Reviews. Springer, Cham, Switzerland, 514\u2013521."},{"key":"e_1_3_6_12_1","doi-asserted-by":"publisher","DOI":"10.1144\/SP491-2018-110"},{"key":"e_1_3_6_13_1","doi-asserted-by":"publisher","DOI":"10.1016\/j.lithos.2020.105929"},{"key":"e_1_3_6_14_1","doi-asserted-by":"publisher","DOI":"10.1007\/BF00192076"},{"key":"e_1_3_6_15_1","first-page":"3","article-title":"Two Carboniferous ages: A comparison of SHRIMP zircon dating with conventional zircon ages and 40Ar\/39Ar analysis","volume":"54","author":"Claou\u00e9-Long J.C.","year":"1995","unstructured":"Claou\u00e9-Long, J.C., Compston, W., Roberts, J. and Fanning, C.M. 1995. Two Carboniferous ages: A comparison of SHRIMP zircon dating with conventional zircon ages and 40Ar\/39Ar analysis. SEPM Special Publications, 54, 3\u201321, https:\/\/doi.org\/10.2110\/pec.95.04.0003","journal-title":"SEPM Special Publications"},{"key":"e_1_3_6_16_1","doi-asserted-by":"publisher","DOI":"10.1130\/B25658.1"},{"key":"e_1_3_6_17_1","doi-asserted-by":"publisher","DOI":"10.1093\/petrology\/egh034"},{"key":"e_1_3_6_18_1","doi-asserted-by":"publisher","DOI":"10.1016\/0012-821X(75)90223-X"},{"key":"e_1_3_6_19_1","doi-asserted-by":"publisher","DOI":"10.1007\/978-3-642-83980-1"},{"key":"e_1_3_6_20_1","doi-asserted-by":"publisher","DOI":"10.1016\/j.tecto.2018.10.015"},{"key":"e_1_3_6_21_1","doi-asserted-by":"publisher","DOI":"10.1130\/L379.1"},{"key":"e_1_3_6_22_1","doi-asserted-by":"publisher","DOI":"10.1016\/j.earscirev.2016.08.002"},{"key":"e_1_3_6_23_1","doi-asserted-by":"publisher","DOI":"10.1016\/j.lithos.2016.10.031"},{"key":"e_1_3_6_24_1","doi-asserted-by":"publisher","DOI":"10.1130\/0016-7606(2000)112<1398:SHACOC>2.0.CO;2"},{"key":"e_1_3_6_25_1","doi-asserted-by":"publisher","DOI":"10.1016\/j.aca.2008.07.024"},{"key":"e_1_3_6_26_1","doi-asserted-by":"publisher","DOI":"10.1016\/j.lithos.2022.106632"},{"key":"e_1_3_6_27_1","volume-title":"Not\u00edcia explicativa da Carta Geol\u00f3gica de Portugal, 1:50 000, Folha 32D (Sousel)","author":"Gon\u00e7alves F.","year":"1975","unstructured":"Gon\u00e7alves, F., Ladeira, F.L. and Joaquim, A.N. 1975. Not\u00edcia explicativa da Carta Geol\u00f3gica de Portugal, 1:50 000, Folha 32D (Sousel). Servi\u00e7os Geol\u00f3gicos de Portugal, Lisbon."},{"key":"e_1_3_6_28_1","doi-asserted-by":"publisher","DOI":"10.1093\/petrology\/42.6.1067"},{"key":"e_1_3_6_29_1","doi-asserted-by":"publisher","DOI":"10.1130\/L706.1"},{"key":"e_1_3_6_30_1","doi-asserted-by":"publisher","DOI":"10.1007\/978-3-030-10519-8_3"},{"key":"e_1_3_6_31_1","doi-asserted-by":"publisher","DOI":"10.1139\/e71-055"},{"key":"e_1_3_6_32_1","doi-asserted-by":"publisher","DOI":"10.1103\/PhysRevC.4.1889"},{"key":"e_1_3_6_33_1","doi-asserted-by":"publisher","DOI":"10.1016\/j.tecto.2016.06.001"},{"key":"e_1_3_6_34_1","doi-asserted-by":"publisher","DOI":"10.1016\/0016-7037(73)90213-5"},{"key":"e_1_3_6_35_1","series-title":"Regional Geology Reviews","first-page":"505","volume-title":"The Geology of Iberia: A Geodynamic Approach, Volume 2: The Variscan Cycle","author":"Lains J.A.","year":"2019","unstructured":"Lains, J.A., Moita, P., Lopes, J.M.C. and Mata, J. 2019. Variscan magmatism. 13.2.4 Late-Devonian shoshonitic magmatism at the Ossa-Morena Zone. In: Quesada, C. and Oliveira, J.T. (eds) The Geology of Iberia: A Geodynamic Approach, Volume 2: The Variscan Cycle. Regional Geology Reviews. Springer, Cham, Switzerland, 505\u2013507."},{"key":"e_1_3_6_36_1","unstructured":"Lains Amaral J. 2017. Petrologia e Geoqu\u00edmica dos maci\u00e7os shoshon\u00edticos de Veiros e Vale de Maceira (Zona de Ossa-Morena): implica\u00e7\u00f5es geodin\u00e2micas. MSc dissertation Universidade de Lisboa Lisbon Portugal."},{"key":"e_1_3_6_37_1","first-page":"53","volume-title":"Livro de Atas do XIV Congresso de Geoqu\u00edmica dos Pa\u00edses de L\u00edngua Portuguesa e XIX Semana de Geoqu\u00edmica","author":"Lains Amaral J.","year":"2018","unstructured":"Lains Amaral, J. and Mata, J. 2018. On the late-Variscan occurrence of high-K dykes at the Ossa-Morena Zone. In: Livro de Atas do XIV Congresso de Geoqu\u00edmica dos Pa\u00edses de L\u00edngua Portuguesa e XIX Semana de Geoqu\u00edmica. Universidade de Tr\u00e1s-os-Montes e Alto Douro, Vila Real, Portugal, 53\u201356, https:\/\/doi.org\/10.5281\/zenodo.1210940"},{"key":"e_1_3_6_38_1","doi-asserted-by":"publisher","DOI":"10.1093\/petrology\/egs037"},{"key":"e_1_3_6_39_1","unstructured":"Lopes J.M.C. 2004. Petrologia e Geoqu\u00edmica de Complexos Plut\u00f3nicos do NE Alentejano (Z.O.M.) Portugal central \u2013 Prov\u00edncia Alcalina e Maci\u00e7o de Campo Maior. PhD thesis Universidade de \u00c9vora \u00c9vora Portugal."},{"key":"e_1_3_6_40_1","first-page":"5","article-title":"Petrologia e geocronologia, Sm\u2013Nd, do maci\u00e7o de Campo Maior, Alentejo","volume":"92","author":"Lopes J.M.C.","year":"2005","unstructured":"Lopes, J.M.C., Munh\u00e1, J., Tassinari, C. and Pin, C. 2005. Petrologia e geocronologia, Sm\u2013Nd, do maci\u00e7o de Campo Maior, Alentejo. Portugal central Comunica\u00e7\u00f5es Geol\u00f3gicas, 92, 5\u201330, https:\/\/www.lneg.pt\/product\/tomo-92-2005\/","journal-title":"Portugal central Comunica\u00e7\u00f5es Geol\u00f3gicas"},{"key":"e_1_3_6_41_1","doi-asserted-by":"publisher","DOI":"10.1130\/2007.1200(21)"},{"key":"e_1_3_6_42_1","doi-asserted-by":"publisher","DOI":"10.1016\/j.earscirev.2021.103700"},{"key":"e_1_3_6_43_1","doi-asserted-by":"publisher","DOI":"10.1016\/0040-1951(91)90328-P"},{"key":"e_1_3_6_44_1","doi-asserted-by":"publisher","DOI":"10.1016\/j.chemgeo.2005.03.011"},{"key":"e_1_3_6_45_1","first-page":"463","volume-title":"Actas do XIV Semana de Geoqu\u00edmica, Actas do XIV Semana de Geoqu\u00edmica\/VIII Congresso de Geoqu\u00edmica dos Pa\u00edses de L\u00edngua Portuguesa","author":"Moita P.","year":"2005","unstructured":"Moita, P., Munh\u00e1, J., Fonseca, P.E., Pedro, J., Tassinari, C.C.G., Ara\u00fajo, A. and Palacios, T. 2005a. Phase equilibria and geochronology of Ossa-Morena eclogites. In: Actas do XIV Semana de Geoqu\u00edmica, Actas do XIV Semana de Geoqu\u00edmica\/VIII Congresso de Geoqu\u00edmica dos Pa\u00edses de L\u00edngua Portuguesa. Universidade de Aveiro, Aveiro, Portugal, 463\u2013466."},{"key":"e_1_3_6_46_1","first-page":"459","volume-title":"Actas do XIV Semana de Geoqu\u00edmica\/VIII Congresso de Geoqu\u00edmica dos Pa\u00edses de L\u00edngua Portuguesa","author":"Moita P.","year":"2005","unstructured":"Moita, P., Munh\u00e1, J., Fonseca, P., Tassinari, C., Ara\u00fajo, A. and Pal\u00e1cios, T. 2005b. Dating orogenic events in Ossa-Morena Zone. In: Actas do XIV Semana de Geoqu\u00edmica\/VIII Congresso de Geoqu\u00edmica dos Pa\u00edses de L\u00edngua Portuguesa. Universidade de Aveiro, Aveiro, Portugal, 459\u2013462."},{"key":"e_1_3_6_47_1","doi-asserted-by":"publisher","DOI":"10.1016\/j.lithos.2009.02.009"},{"key":"e_1_3_6_48_1","doi-asserted-by":"publisher","DOI":"10.1016\/j.lithos.2015.02.012"},{"key":"e_1_3_6_49_1","first-page":"136","article-title":"New data on the geochronology of the Ossa Morena Zone, Iberian Massif","volume":"15","author":"Montero P.","year":"2000","unstructured":"Montero, P., Salman, K. 2000. New data on the geochronology of the Ossa Morena Zone, Iberian Massif. Basement Tectonics, 15, 136\u2013138.","journal-title":"Basement Tectonics"},{"key":"e_1_3_6_50_1","doi-asserted-by":"publisher","DOI":"10.1016\/j.lithos.2008.10.009"},{"key":"e_1_3_6_51_1","doi-asserted-by":"publisher","DOI":"10.1016\/j.tecto.2016.01.006"},{"key":"e_1_3_6_52_1","doi-asserted-by":"publisher","DOI":"10.1016\/0016-7037(74)90149-5"},{"key":"e_1_3_6_53_1","volume-title":"Carta Geol\u00f3gica de Portugal, Scale 1\/500 000","author":"Oliveira J.T.","year":"1992","unstructured":"Oliveira, J.T., Pereira, E., Ramalho, M., Antunes, M.T. and Monteiro, J.H. 1992. Carta Geol\u00f3gica de Portugal, Scale 1\/500 000. Servi\u00e7os Geol\u00f3gicos de Portugal, Lisbon."},{"key":"e_1_3_6_54_1","volume-title":"Microtectonics","author":"Passchier C.W.","year":"2005","unstructured":"Passchier, C.W. and Trouw, R.A.J. 2005. Microtectonics. 2nd edn. Springer, Berlin.","edition":"2"},{"key":"e_1_3_6_55_1","doi-asserted-by":"publisher","DOI":"10.1093\/petrology\/25.4.956"},{"key":"e_1_3_6_56_1","doi-asserted-by":"publisher","DOI":"10.1007\/BF00384745"},{"key":"e_1_3_6_57_1","doi-asserted-by":"publisher","DOI":"10.1016\/j.tecto.2007.11.042"},{"key":"e_1_3_6_58_1","doi-asserted-by":"publisher","DOI":"10.1144\/SP297.18"},{"key":"e_1_3_6_59_1","doi-asserted-by":"publisher","DOI":"10.1144\/SP327.11"},{"key":"e_1_3_6_60_1","doi-asserted-by":"publisher","DOI":"10.1016\/j.gr.2009.10.001"},{"key":"e_1_3_6_61_1","doi-asserted-by":"publisher","DOI":"10.1016\/j.tecto.2012.06.020"},{"key":"e_1_3_6_62_1","doi-asserted-by":"publisher","DOI":"10.1007\/s00531-015-1149-3"},{"key":"e_1_3_6_63_1","doi-asserted-by":"publisher","DOI":"10.1016\/j.lithos.2017.02.009"},{"key":"e_1_3_6_64_1","doi-asserted-by":"publisher","DOI":"10.5194\/se-11-1291-2020"},{"key":"e_1_3_6_65_1","doi-asserted-by":"publisher","DOI":"10.3390\/min12050597"},{"key":"e_1_3_6_66_1","doi-asserted-by":"publisher","DOI":"10.1002\/2015TC003947"},{"key":"e_1_3_6_67_1","unstructured":"Pi\u00e7arra J.M. 2000. Estudo estratigr\u00e1fico do sector Estremoz-Barrancos Zona de Ossa Morena Portugal. PhD thesis Universidade de \u00c9vora \u00c9vora Portugal."},{"key":"e_1_3_6_68_1","doi-asserted-by":"publisher","DOI":"10.1029\/2009TC002495"},{"key":"e_1_3_6_69_1","doi-asserted-by":"publisher","DOI":"10.1016\/j.tecto.2008.06.001"},{"key":"e_1_3_6_70_1","first-page":"59","article-title":"Nota previa sobre o prov\u00e1vel Precambrico mais antigo do Alto Alentejo. Serie de afinidade charnoquitica de Campo Maior","volume":"13","author":"Pinto Coelho A.V.","year":"1972","unstructured":"Pinto Coelho, A.V. and Gon\u00e7alves, F. 1972. Nota previa sobre o prov\u00e1vel Precambrico mais antigo do Alto Alentejo. Serie de afinidade charnoquitica de Campo Maior. Boletim do Museu e Laborat\u00f3rio de Mineralogia e Geologia da Faculdade de Ciencias de Lisboa, 13, 59\u201381.","journal-title":"Boletim do Museu e Laborat\u00f3rio de Mineralogia e Geologia da Faculdade de Ciencias de Lisboa"},{"key":"e_1_3_6_71_1","first-page":"601","article-title":"Rochas hiperst\u00e9nicas do Alto-Alentejo","volume":"15","author":"Pinto Coelho A.V.","year":"1974","unstructured":"Pinto Coelho, A.V., Gon\u00e7alves, F. and Torquato, J.R. 1974. Rochas hiperst\u00e9nicas do Alto-Alentejo. Bolet\u00edn Geol\u00f3gico y Minero, 15, 601\u2013603.","journal-title":"Bolet\u00edn Geol\u00f3gico y Minero"},{"key":"e_1_3_6_72_1","first-page":"273","volume-title":"Pre-Mesozoic Geology of Iberia","author":"Quesada C.","year":"1990","unstructured":"Quesada, C., Robardet, M. and Gabaldon, V. 1990. Ossa-Morena Zone. Stratigraphy. Synorogenic phase (Upper Devonian\u2013 Carboniferous\u2013Lower Permian). In: Dallmeyer, R.D. and Mart\u00ednez Garc\u00eda, E. (eds) Pre-Mesozoic Geology of Iberia. Springer, Berlin, 273\u2013279."},{"key":"e_1_3_6_73_1","first-page":"3","article-title":"The Beja-Acebuches Ophiolite (Southern Iberia Variscan fold belt): geological characterization and significance","volume":"105","author":"Quesada C.","year":"1994","unstructured":"Quesada, C., Fonseca, P.E., Munha, J., Oliveira, J.T. and Ribeiro, A. 1994. The Beja-Acebuches Ophiolite (Southern Iberia Variscan fold belt): geological characterization and significance. Boletin Geol\u00f3gico y Minero, 105, 3\u201349.","journal-title":"Boletin Geol\u00f3gico y Minero"},{"key":"e_1_3_6_74_1","doi-asserted-by":"publisher","DOI":"10.1007\/978-3-642-83980-1_28"},{"key":"e_1_3_6_75_1","doi-asserted-by":"publisher","DOI":"10.1029\/2006TC002058"},{"key":"e_1_3_6_76_1","doi-asserted-by":"publisher","DOI":"10.1016\/j.gr.2009.09.005"},{"key":"e_1_3_6_77_1","doi-asserted-by":"publisher","DOI":"10.1007\/978-3-030-10519-8_13"},{"key":"e_1_3_6_78_1","first-page":"73","article-title":"The Ordovician, Silurian and Devonian sedimentary rocks of the Ossa Morena Zone (SW Iberian Peninsula, Spain)","volume":"30","author":"Robardet M.","year":"2004","unstructured":"Robardet, M. and Guti\u00e9rrez-Marco, J.C. 2004. The Ordovician, Silurian and Devonian sedimentary rocks of the Ossa Morena Zone (SW Iberian Peninsula, Spain). Journal of Iberian Geology, 30, 73\u201392.","journal-title":"Journal of Iberian Geology"},{"key":"e_1_3_6_79_1","doi-asserted-by":"publisher","DOI":"10.1130\/B36111.1"},{"key":"e_1_3_6_80_1","doi-asserted-by":"publisher","DOI":"10.1144\/0016-76492005-065"},{"key":"e_1_3_6_81_1","doi-asserted-by":"publisher","DOI":"10.1029\/2008TC002333"},{"key":"e_1_3_6_82_1","doi-asserted-by":"publisher","DOI":"10.1111\/j.1525-1314.1988.tb00446.x"},{"key":"e_1_3_6_83_1","doi-asserted-by":"publisher","DOI":"10.1007\/978-3-642-83980-1_19"},{"key":"e_1_3_6_84_1","doi-asserted-by":"publisher","DOI":"10.1016\/j.gr.2009.10.005"},{"key":"e_1_3_6_85_1","doi-asserted-by":"publisher","DOI":"10.1007\/s00531-013-0939-8"},{"key":"e_1_3_6_86_1","doi-asserted-by":"publisher","DOI":"10.1016\/j.tecto.2015.09.020"},{"key":"e_1_3_6_87_1","first-page":"29","article-title":"Contribui\u00e7\u00e3o para o conhecimento Geol\u00f3gico-Petrol\u00f3gico da Regi\u00e3o de Santa Susana: O Complexo Vulcano-sedimentar da Toca da Moura","volume":"73","author":"Santos J.","year":"1987","unstructured":"Santos, J., Mata, J., Gon\u00e7alves, F. and Munh\u00e1, J. 1987. Contribui\u00e7\u00e3o para o conhecimento Geol\u00f3gico-Petrol\u00f3gico da Regi\u00e3o de Santa Susana: O Complexo Vulcano-sedimentar da Toca da Moura. Comunica\u00e7\u00f5es dos Servi\u00e7os Geol\u00f3gicos de Portugal, 73, 29\u201348.","journal-title":"Comunica\u00e7\u00f5es dos Servi\u00e7os Geol\u00f3gicos de Portugal"},{"key":"e_1_3_6_88_1","first-page":"91","article-title":"Magmatismo orog\u00e9nico Varisco no limite meridional da Zona de Ossa-Morena","volume":"76","author":"Santos J.F.","year":"1990","unstructured":"Santos, J.F., Andrade, A.S. and Munh\u00e1, J. 1990. Magmatismo orog\u00e9nico Varisco no limite meridional da Zona de Ossa-Morena. Comunica\u00e7\u00f5es dos Servi\u00e7os Geol\u00f3gicos de Portugal, 76, 91\u2013124.","journal-title":"Comunica\u00e7\u00f5es dos Servi\u00e7os Geol\u00f3gicos de Portugal"},{"key":"e_1_3_6_89_1","doi-asserted-by":"publisher","DOI":"10.1016\/S0040-1951(00)00262-6"},{"key":"e_1_3_6_90_1","doi-asserted-by":"publisher","DOI":"10.1144\/GSL.MEM.2006.032.01.21"},{"key":"e_1_3_6_91_1","doi-asserted-by":"publisher","DOI":"10.1016\/j.crte.2008.11.003"},{"key":"e_1_3_6_92_1","doi-asserted-by":"publisher","DOI":"10.1016\/j.lithos.2020.105700"},{"key":"e_1_3_6_93_1","volume-title":"Metamorphic Phase Equilibria and Pressure\u2013Temperature\u2013Time Paths","author":"Spear F.S.","year":"1995","unstructured":"Spear, F.S. 1995. Metamorphic Phase Equilibria and Pressure\u2013Temperature\u2013Time Paths. 2nd edn. Mineralogical Society of America, Chelsea, MI.","edition":"2"},{"key":"e_1_3_6_94_1","doi-asserted-by":"publisher","DOI":"10.1111\/ter.12071"},{"key":"e_1_3_6_95_1","first-page":"93","article-title":"The Iberian Massif: a Carboniferous assembly","volume":"30","author":"Wagner R.H.","year":"2004","unstructured":"Wagner, R.H. 2004. The Iberian Massif: a Carboniferous assembly. Journal of Iberian Geology, 30, 93\u2013108.","journal-title":"Journal of Iberian Geology"},{"key":"e_1_3_6_96_1","doi-asserted-by":"publisher","DOI":"10.2138\/am.2010.3371"},{"key":"e_1_3_6_97_1","first-page":"1","article-title":"U\u2013Th\u2013Pb geochronology by ion microprobe","volume":"7","author":"Williams I.S.","year":"1998","unstructured":"Williams, I.S. 1998. U\u2013Th\u2013Pb geochronology by ion microprobe. Reviews in Economic Geology, 7, 1\u201335, https:\/\/doi.org\/10.5382\/Rev.07.01","journal-title":"Reviews in Economic Geology"},{"key":"e_1_3_6_98_1","first-page":"185","volume-title":"Beyond 2000: New Frontiers in Isotope Science (Incorporating ACOG 4): Abstracts and Proceedings","author":"Williams I.S.","year":"2000","unstructured":"Williams, I.S. and Hergt, J.M. 2000. U\u2013Pb dating of Tasmanian dolerites: a cautionary tale of SHRIMP analysis of high-U zircon. In: Woodhead, J.D., Hergt, J.M. and Noble, W.P. (eds) Beyond 2000: New Frontiers in Isotope Science (Incorporating ACOG 4): Abstracts and Proceedings, Lorne, Australia, 30 January\u20134 February 2000. Eastern Press, Melbourne, Australia, 185\u2013188"}],"container-title":["Geological Society, London, Special Publications"],"original-title":[],"language":"en","link":[{"URL":"https:\/\/www.lyellcollection.org\/doi\/pdf\/10.1144\/SP531-2022-118","content-type":"unspecified","content-version":"vor","intended-application":"similarity-checking"}],"deposited":{"date-parts":[[2025,3,7]],"date-time":"2025-03-07T16:25:19Z","timestamp":1741364719000},"score":1,"resource":{"primary":{"URL":"https:\/\/www.lyellcollection.org\/doi\/10.1144\/SP531-2022-118"},"secondary":[{"URL":"https:\/\/www.lyellcollection.org\/doi\/10.1144\/SP531-2022-118","label":"\/doi_batch\/body\/doi_resources\/collection[@property=\"list-based\"]\/item\/@geoscienceworld"},{"URL":"https:\/\/pubs.geoscienceworld.org\/UrlRedirectHandler.ashx?routename=books&amp;chapterdoi=10.1144\/SP531-2022-118&amp;request=chapter","label":"geoscienceworld"}]},"subtitle":[],"short-title":[],"issued":{"date-parts":[[2023,1,30]]},"references-count":97,"journal-issue":{"issue":"1","published-online":{"date-parts":[[2022,10,17]]},"published-print":{"date-parts":[[2023,10,4]]}},"alternative-id":["10.1144\/SP531-2022-118"],"URL":"https:\/\/doi.org\/10.1144\/sp531-2022-118","relation":{},"ISSN":["0305-8719","2041-4927"],"issn-type":[{"value":"0305-8719","type":"print"},{"value":"2041-4927","type":"electronic"}],"subject":[],"published":{"date-parts":[[2023,1,30]]},"assertion":[{"value":"2022-04-08","order":0,"name":"received","label":"Received","group":{"name":"publication_history","label":"Publication History"}},{"value":"2022-07-11","order":1,"name":"revised","label":"Revised","group":{"name":"publication_history","label":"Publication History"}},{"value":"2022-07-11","order":2,"name":"accepted","label":"Accepted","group":{"name":"publication_history","label":"Publication History"}},{"value":"2023-01-30","order":3,"name":"published","label":"Published","group":{"name":"publication_history","label":"Publication History"}}]}}