{"status":"ok","message-type":"work","message-version":"1.0.0","message":{"indexed":{"date-parts":[[2025,6,19]],"date-time":"2025-06-19T04:44:32Z","timestamp":1750308272315,"version":"3.41.0"},"publisher-location":"New York, NY, USA","reference-count":5,"publisher":"ACM","license":[{"start":{"date-parts":[[2011,6,20]],"date-time":"2011-06-20T00:00:00Z","timestamp":1308528000000},"content-version":"vor","delay-in-days":0,"URL":"https:\/\/www.acm.org\/publications\/policies\/copyright_policy#Background"}],"content-domain":{"domain":["dl.acm.org"],"crossmark-restriction":true},"short-container-title":[],"published-print":{"date-parts":[[2011,6,20]]},"DOI":"10.1145\/2181101.2181121","type":"proceedings-article","created":{"date-parts":[[2012,4,10]],"date-time":"2012-04-10T12:19:38Z","timestamp":1334060378000},"page":"86-88","update-policy":"https:\/\/doi.org\/10.1145\/crossmark-policy","source":"Crossref","is-referenced-by-count":0,"title":["The GAL project"],"prefix":"10.1145","author":[{"given":"Lars","family":"R\u00f6lker-Denker","sequence":"first","affiliation":[{"name":"OFFIS --- Institute for Information Technology, Escherweg, Oldenburg"}]},{"given":"Marco","family":"Eichelberg","sequence":"additional","affiliation":[{"name":"OFFIS --- Institute for Information Technology, Escherweg, Oldenburg"}]}],"member":"320","published-online":{"date-parts":[[2011,6,20]]},"reference":[{"key":"e_1_3_2_1_1_1","unstructured":"Homepage \"Design of Environments for Ageing\" URL: http:\/\/www.altersgerechte-lebenswelten.de\/Home.21.0.html?&L=1  Homepage \"Design of Environments for Ageing\" URL: http:\/\/www.altersgerechte-lebenswelten.de\/Home.21.0.html?&L=1"},{"key":"e_1_3_2_1_2_1","unstructured":"Haux R Hein A Appell J. E. et al. 2010. The Lower Saxony research network design of environments for ageing: towards interdisciplinary research on information and communication technologies in ageing societies. Informatics for Health and Social Care 2010 35 92--103.  Haux R Hein A Appell J. E. et al. 2010. The Lower Saxony research network design of environments for ageing: towards interdisciplinary research on information and communication technologies in ageing societies. Informatics for Health and Social Care 2010 35 92--103."},{"key":"e_1_3_2_1_3_1","unstructured":"Pschyrembel - Klinisches W\u00f6rterbuch. 2007. 261. Auflage De Gruyter Berlin.  Pschyrembel - Klinisches W\u00f6rterbuch. 2007. 261. Auflage De Gruyter Berlin."},{"key":"e_1_3_2_1_4_1","first-page":"51","article-title":"2009. F\u00fchren ohne Hierarchie: Macht, Vertrauen und Verst\u00f6ndigung im Prozess des Latera-len F\u00fchrens","volume":"2","author":"K\u00fchl S.","year":"2009","journal-title":"OrganisationsEntwicklung"},{"key":"e_1_3_2_1_5_1","unstructured":"Kendrick T. 2006. Results Without Authority. Controlling A Project When The Team Doesn't Report To You. Amacom New York NY   Kendrick T. 2006. Results Without Authority. Controlling A Project When The Team Doesn't Report To You . Amacom New York NY"}],"event":{"name":"Profes '11: Conference on Product Focused Software Development and Process Improvement","sponsor":["Dipartimento di Informatica \"Renato M. Capocelli\", Universit\u00e0 degli Studi di Salerno, Italy Dipartimento di Informatica \"Renato M. Capocelli\", Universit\u00e0 degli Studi di Salerno, Italy","SER&Practices SER&Practices","Universit\u00e0 di Bari Universit\u00e0 di Bari","Daisy-Net Daisy-Net","Exprevia Exprevia SpA","Project Management Institute Project Management Institute","UNIBA Department of Informatics, UNIBA"],"location":"Torre Canne Brindisi Italy","acronym":"Profes '11"},"container-title":["Proceedings of the 12th International Conference on Product Focused Software Development and Process Improvement"],"original-title":[],"link":[{"URL":"https:\/\/dl.acm.org\/doi\/10.1145\/2181101.2181121","content-type":"unspecified","content-version":"vor","intended-application":"text-mining"},{"URL":"https:\/\/dl.acm.org\/doi\/pdf\/10.1145\/2181101.2181121","content-type":"unspecified","content-version":"vor","intended-application":"similarity-checking"}],"deposited":{"date-parts":[[2025,6,18]],"date-time":"2025-06-18T17:24:09Z","timestamp":1750267449000},"score":1,"resource":{"primary":{"URL":"https:\/\/dl.acm.org\/doi\/10.1145\/2181101.2181121"}},"subtitle":["an interdisciplinary PM challenge"],"short-title":[],"issued":{"date-parts":[[2011,6,20]]},"references-count":5,"alternative-id":["10.1145\/2181101.2181121","10.1145\/2181101"],"URL":"https:\/\/doi.org\/10.1145\/2181101.2181121","relation":{},"subject":[],"published":{"date-parts":[[2011,6,20]]},"assertion":[{"value":"2011-06-20","order":2,"name":"published","label":"Published","group":{"name":"publication_history","label":"Publication History"}}]}}