{"status":"ok","message-type":"work","message-version":"1.0.0","message":{"indexed":{"date-parts":[[2025,6,19]],"date-time":"2025-06-19T04:50:21Z","timestamp":1750308621044,"version":"3.41.0"},"publisher-location":"New York, NY, USA","reference-count":7,"publisher":"ACM","license":[{"start":{"date-parts":[[2013,10,28]],"date-time":"2013-10-28T00:00:00Z","timestamp":1382918400000},"content-version":"vor","delay-in-days":0,"URL":"https:\/\/www.acm.org\/publications\/policies\/copyright_policy#Background"}],"content-domain":{"domain":["dl.acm.org"],"crossmark-restriction":true},"short-container-title":[],"published-print":{"date-parts":[[2013,10,28]]},"DOI":"10.1145\/2536146.2536194","type":"proceedings-article","created":{"date-parts":[[2013,11,27]],"date-time":"2013-11-27T14:14:02Z","timestamp":1385561642000},"page":"306-308","update-policy":"https:\/\/doi.org\/10.1145\/crossmark-policy","source":"Crossref","is-referenced-by-count":0,"title":["Panorama Brazil's assistive technology based on the living without limit plan and the CNRTA contributions"],"prefix":"10.1145","author":[{"given":"Maria A.","family":"Ramires Zulian","sequence":"first","affiliation":[{"name":"Centro de Tecnologia da Informa\u00e7\u00e3o Renato Archer - CTI, Amarais - Campinas SP - Brasil"}]},{"given":"Andressa I.","family":"Fonseca","sequence":"additional","affiliation":[{"name":"Centro de Tecnologia da Informa\u00e7\u00e3o Renato Archer - CTI, Amarais - Campinas SP - Brasil"}]},{"given":"Silvio Aparecido","family":"Spinella","sequence":"additional","affiliation":[{"name":"Centro de Tecnologia da Informa\u00e7\u00e3o Renato Archer - CTI, Amarais - Campinas SP - Brasil"}]},{"given":"Deise A. A.","family":"Fernandes","sequence":"additional","affiliation":[{"name":"Centro de Tecnologia da Informa\u00e7\u00e3o Renato Archer - CTI, Amarais - Campinas SP - Brasil"}]},{"given":"Juliano C.","family":"Dall'Antonia","sequence":"additional","affiliation":[{"name":"Centro de Tecnologia da Informa\u00e7\u00e3o Renato Archer - CTI, Amarais - Campinas SP - Brasil"}]},{"given":"Fabiana F. Gouv\u00eaa","family":"Bonilha","sequence":"additional","affiliation":[{"name":"Centro de Tecnologia da Informa\u00e7\u00e3o Renato Archer - CTI, Amarais - Campinas SP - Brasil"}]}],"member":"320","published-online":{"date-parts":[[2013,10,28]]},"reference":[{"key":"e_1_3_2_1_1_1","unstructured":"Brasil Senado Federal. (1988) Constitui\u00e7\u00e3o da Rep\u00fablica Federativa do Brasil: texto constitucional promulgado em 5 de outubro de 1988. Bras\u00edlia: Senado Federal Subsecretaria de Edi\u00e7\u00f5es T\u00e9cnicas.  Brasil Senado Federal. (1988) Constitui\u00e7\u00e3o da Rep\u00fablica Federativa do Brasil: texto constitucional promulgado em 5 de outubro de 1988. Bras\u00edlia: Senado Federal Subsecretaria de Edi\u00e7\u00f5es T\u00e9cnicas."},{"key":"e_1_3_2_1_2_1","unstructured":"Brasil. Decreto n\u00b0 5.296 de 2 de dezembro de 2004. Regulamenta as Leis nos 10.048 de 8 de novembro de 2000 que d\u00e1 prioridade de atendimento \u00e0s pessoas que especifica e 10.098 de 19 de dezembro de 2000 que estabelece normas gerais e crit\u00e9rios b\u00e1sicos para a promo\u00e7\u00e3o da acessibilidade das pessoas portadoras de defici\u00eancia ou com mobilidade reduzida e d\u00e1 outras provid\u00eancias. Di\u00e1rio Oficial {da} Republica Federativa do Brasil Bras\u00edlia DF 03 dez. de 2004. Se\u00e7\u00e3o 2.  Brasil. Decreto n\u00b0 5.296 de 2 de dezembro de 2004. Regulamenta as Leis nos 10.048 de 8 de novembro de 2000 que d\u00e1 prioridade de atendimento \u00e0s pessoas que especifica e 10.098 de 19 de dezembro de 2000 que estabelece normas gerais e crit\u00e9rios b\u00e1sicos para a promo\u00e7\u00e3o da acessibilidade das pessoas portadoras de defici\u00eancia ou com mobilidade reduzida e d\u00e1 outras provid\u00eancias. Di\u00e1rio Oficial {da} Republica Federativa do Brasil Bras\u00edlia DF 03 dez. de 2004. Se\u00e7\u00e3o 2."},{"key":"e_1_3_2_1_3_1","unstructured":"Brasil. Decreto n\u00b0 6.949 de 25 de Agosto de 2009. Promulga a Conven\u00e7\u00e3o Internacional sobre os Direitos das Pessoas com Defici\u00eancia e seu Protocolo Facultativo assinados em Nova York em 30 de mar\u00e7o de 2007. Di\u00e1rio Oficial {da} Republica Federativa do Brasil Bras\u00edlia DF 26 agost. 2009. Se\u00e7\u00e3o 3.  Brasil. Decreto n\u00b0 6.949 de 25 de Agosto de 2009. Promulga a Conven\u00e7\u00e3o Internacional sobre os Direitos das Pessoas com Defici\u00eancia e seu Protocolo Facultativo assinados em Nova York em 30 de mar\u00e7o de 2007. Di\u00e1rio Oficial {da} Republica Federativa do Brasil Bras\u00edlia DF 26 agost. 2009. Se\u00e7\u00e3o 3."},{"key":"e_1_3_2_1_4_1","unstructured":"Brasil. Decreto n\u00b0 7.612 de 17 de novembro de 2011. Institui o Plano Nacional dos Direitos da Pessoa com Defici\u00eancia -- Plano Viver sem Limite. Di\u00e1rio Oficial {da} Republica Federativa do Brasil Bras\u00edlia DF 18 nov. 2011. Se\u00e7\u00e3o 1.  Brasil. Decreto n\u00b0 7.612 de 17 de novembro de 2011. Institui o Plano Nacional dos Direitos da Pessoa com Defici\u00eancia -- Plano Viver sem Limite. Di\u00e1rio Oficial {da} Republica Federativa do Brasil Bras\u00edlia DF 18 nov. 2011. Se\u00e7\u00e3o 1."},{"key":"e_1_3_2_1_5_1","unstructured":"Brasil. Portaria n\u00b0 139 de 23 de fevereiro de 2012. Institui o Centro Nacional de Refer\u00eancia em Tecnologia Assistiva - CNRTA. Di\u00e1rio Oficial da Uni\u00e3o Bras\u00edlia DF 24 fev 2012.  Brasil. Portaria n\u00b0 139 de 23 de fevereiro de 2012. Institui o Centro Nacional de Refer\u00eancia em Tecnologia Assistiva - CNRTA. Di\u00e1rio Oficial da Uni\u00e3o Bras\u00edlia DF 24 fev 2012."},{"key":"e_1_3_2_1_6_1","first-page":"43","article-title":"Pesquisa Nacional de Tecnologia Assistiva. Conhecimento: Ponte para a vida","volume":"1","author":"Morya E.","year":"2012","journal-title":"S\u00e3o Paulo"},{"key":"e_1_3_2_1_7_1","first-page":"71","article-title":"Reflex\u00f5es sobre as poss\u00edveis contribui\u00e7\u00f5es da terapia ocupacional nos processos de inclus\u00e3o escolar","volume":"14","author":"Rocha E. F.","year":"2003","journal-title":"Rev. Ter. Ocup"}],"event":{"name":"MEDES '13: Fifth International Conference on Management of Emergent Digital EcoSystems","sponsor":["LBBC Luxembourg Brazil Business Council","IPv6 Luxembourg Council Luxembourg IPv6 Council","Luxembourg Green Business Awards 2013 Luxembourg Green Business Awards 2013","LUXINNOVATION Agence Nationale pour la Promotion de l Innovation et de la Recherche","Pro Newtech Pro Newtech","CTI Centro de Tecnologia da Informa\u00e7\u00e3o Renato Archer","SIGAPP ACM Special Interest Group on Applied Computing"],"location":"Luxembourg Luxembourg","acronym":"MEDES '13"},"container-title":["Proceedings of the Fifth International Conference on Management of Emergent Digital EcoSystems"],"original-title":[],"link":[{"URL":"https:\/\/dl.acm.org\/doi\/10.1145\/2536146.2536194","content-type":"unspecified","content-version":"vor","intended-application":"text-mining"},{"URL":"https:\/\/dl.acm.org\/doi\/pdf\/10.1145\/2536146.2536194","content-type":"unspecified","content-version":"vor","intended-application":"similarity-checking"}],"deposited":{"date-parts":[[2025,6,18]],"date-time":"2025-06-18T19:07:40Z","timestamp":1750273660000},"score":1,"resource":{"primary":{"URL":"https:\/\/dl.acm.org\/doi\/10.1145\/2536146.2536194"}},"subtitle":[],"short-title":[],"issued":{"date-parts":[[2013,10,28]]},"references-count":7,"alternative-id":["10.1145\/2536146.2536194","10.1145\/2536146"],"URL":"https:\/\/doi.org\/10.1145\/2536146.2536194","relation":{},"subject":[],"published":{"date-parts":[[2013,10,28]]},"assertion":[{"value":"2013-10-28","order":2,"name":"published","label":"Published","group":{"name":"publication_history","label":"Publication History"}}]}}