{"status":"ok","message-type":"work","message-version":"1.0.0","message":{"indexed":{"date-parts":[[2026,3,8]],"date-time":"2026-03-08T11:35:03Z","timestamp":1772969703097,"version":"3.50.1"},"publisher-location":"New York, NY, USA","reference-count":6,"publisher":"ACM","license":[{"start":{"date-parts":[[2015,10,27]],"date-time":"2015-10-27T00:00:00Z","timestamp":1445904000000},"content-version":"vor","delay-in-days":0,"URL":"https:\/\/www.acm.org\/publications\/policies\/copyright_policy#Background"}],"content-domain":{"domain":["dl.acm.org"],"crossmark-restriction":true},"short-container-title":[],"published-print":{"date-parts":[[2015,10,27]]},"DOI":"10.1145\/2820619.2825023","type":"proceedings-article","created":{"date-parts":[[2015,11,30]],"date-time":"2015-11-30T19:03:51Z","timestamp":1448910231000},"page":"1-6","update-policy":"https:\/\/doi.org\/10.1145\/crossmark-policy","source":"Crossref","is-referenced-by-count":1,"title":["Complementary approaches between clinic of work and ergonomics (human-machine interaction) in industry"],"prefix":"10.1145","author":[{"given":"Lauranne","family":"Weill","sequence":"first","affiliation":[{"name":"PSA Peugeot Citro\u00ebn, SiLab IT Innovation Lab., V\u00e9lizy- Villacoublay"}],"role":[{"role":"author","vocabulary":"crossref"}]},{"given":"Dominique","family":"Sala\u00fcn","sequence":"additional","affiliation":[{"name":"PSA Peugeot Citro\u00ebn, Direction de la Qualit\u00e9, V\u00e9lizy- Villacoublay"}],"role":[{"role":"author","vocabulary":"crossref"}]}],"member":"320","published-online":{"date-parts":[[2015,10,27]]},"reference":[{"key":"e_1_3_2_1_1_1","volume-title":"Rapport du Centre d'analyse strat\u00e9gique et de la direction G\u00e9n\u00e9rale du Travail.","author":"Klein T.","year":"2012","unstructured":"Klein T. , Ratier D. , ( 2012 ), L'impact des TIC sur les conditions de travail , Rapport du Centre d'analyse strat\u00e9gique et de la direction G\u00e9n\u00e9rale du Travail. Klein T., Ratier D., (2012), L'impact des TIC sur les conditions de travail, Rapport du Centre d'analyse strat\u00e9gique et de la direction G\u00e9n\u00e9rale du Travail."},{"key":"e_1_3_2_1_2_1","volume-title":"Rapid Contextual Design: A How-to Guide to Key Techniques for User-Centered Design","author":"Holtzblatt K.","year":"2004","unstructured":"Holtzblatt K. , Burns Wendell J. & Wood S. , ( 2004 ), Rapid Contextual Design: A How-to Guide to Key Techniques for User-Centered Design . Holtzblatt K., Burns Wendell J. & Wood S., (2004), Rapid Contextual Design: A How-to Guide to Key Techniques for User-Centered Design."},{"key":"e_1_3_2_1_3_1","volume-title":"Video artifacts for design: bridging the gap between abstraction and detail","author":"Wendy E.","year":"2000","unstructured":"Wendy E. Mackay , Anne V. Ratzer & Paul Janecek , ( 2000 ), Video artifacts for design: bridging the gap between abstraction and detail . Wendy E. Mackay, Anne V. Ratzer & Paul Janecek, (2000), Video artifacts for design: bridging the gap between abstraction and detail."},{"key":"e_1_3_2_1_4_1","first-page":"7","article-title":"Genres et styles en analyse du travail. Concepts et m\u00e9thodes","volume":"4","author":"Clot Y","year":"2000","unstructured":"Clot , Y , & Fa\u00efta , D ( 2000 ). Genres et styles en analyse du travail. Concepts et m\u00e9thodes . Travailler , 4 , 7 -- 42 Clot, Y, & Fa\u00efta, D (2000). Genres et styles en analyse du travail. Concepts et m\u00e9thodes. Travailler, 4, 7--42","journal-title":"Travailler"},{"key":"e_1_3_2_1_5_1","volume-title":"Le travail humain","author":"Clot Yves","year":"2015","unstructured":"Clot Yves et Simonet Pascal , ( 2015 ), Pouvoirs d'agir et marges de manoeuvre , Le travail humain , 2015\/1 Vol. 78 , p. 31--52. DOI: 10.3917\/th.781.0031 10.3917\/th.781.0031 Clot Yves et Simonet Pascal, (2015), Pouvoirs d'agir et marges de manoeuvre, Le travail humain, 2015\/1 Vol. 78, p. 31--52. DOI: 10.3917\/th.781.0031"},{"key":"e_1_3_2_1_6_1","volume-title":"Le travail humain","author":"Coutarel Fabien","year":"2015","unstructured":"Coutarel Fabien et al. , ( 2015 ), Marge de man&oelig;uvre situationnelle et pouvoir d'agir: des concepts \u00e0 l'intervention ergonomique , Le travail humain , 2015\/1 Vol. 78 , p. 9--29. DOI: 10.3917\/th.781.000 10.3917\/th.781.000 Coutarel Fabien et al., (2015), Marge de man&oelig;uvre situationnelle et pouvoir d'agir: des concepts \u00e0 l'intervention ergonomique, Le travail humain, 2015\/1 Vol. 78, p. 9--29. DOI: 10.3917\/th.781.000"}],"event":{"name":"IHM'15: 27e conference francophone sur l'Interaction Homme-Machine","location":"Toulouse France","acronym":"IHM'15","sponsor":["SIGCHI ACM Special Interest Group on Computer-Human Interaction"]},"container-title":["Proceedings of the 27th Conference on l'Interaction Homme-Machine"],"original-title":[],"link":[{"URL":"https:\/\/dl.acm.org\/doi\/10.1145\/2820619.2825023","content-type":"unspecified","content-version":"vor","intended-application":"text-mining"},{"URL":"https:\/\/dl.acm.org\/doi\/pdf\/10.1145\/2820619.2825023","content-type":"unspecified","content-version":"vor","intended-application":"similarity-checking"}],"deposited":{"date-parts":[[2025,6,18]],"date-time":"2025-06-18T05:48:13Z","timestamp":1750225693000},"score":1,"resource":{"primary":{"URL":"https:\/\/dl.acm.org\/doi\/10.1145\/2820619.2825023"}},"subtitle":[],"short-title":[],"issued":{"date-parts":[[2015,10,27]]},"references-count":6,"alternative-id":["10.1145\/2820619.2825023","10.1145\/2820619"],"URL":"https:\/\/doi.org\/10.1145\/2820619.2825023","relation":{},"subject":[],"published":{"date-parts":[[2015,10,27]]},"assertion":[{"value":"2015-10-27","order":2,"name":"published","label":"Published","group":{"name":"publication_history","label":"Publication History"}}]}}