{"status":"ok","message-type":"work","message-version":"1.0.0","message":{"indexed":{"date-parts":[[2026,3,13]],"date-time":"2026-03-13T02:04:03Z","timestamp":1773367443653,"version":"3.50.1"},"publisher-location":"New York, NY, USA","reference-count":16,"publisher":"ACM","license":[{"start":{"date-parts":[[2017,6,28]],"date-time":"2017-06-28T00:00:00Z","timestamp":1498608000000},"content-version":"vor","delay-in-days":0,"URL":"https:\/\/www.acm.org\/publications\/policies\/copyright_policy#Background"}],"funder":[{"DOI":"10.13039\/100000001","name":"National Science Foundation","doi-asserted-by":"publisher","award":["1138526, 0833612, 1312129"],"award-info":[{"award-number":["1138526, 0833612, 1312129"]}],"id":[{"id":"10.13039\/100000001","id-type":"DOI","asserted-by":"publisher"}]},{"name":"Hasler Foundation"}],"content-domain":{"domain":["dl.acm.org"],"crossmark-restriction":true},"short-container-title":[],"published-print":{"date-parts":[[2017,6,28]]},"DOI":"10.1145\/3059009.3059017","type":"proceedings-article","created":{"date-parts":[[2017,6,28]],"date-time":"2017-06-28T12:30:41Z","timestamp":1498653041000},"page":"218-223","update-policy":"https:\/\/doi.org\/10.1145\/crossmark-policy","source":"Crossref","is-referenced-by-count":15,"title":["The Solothurn Project"],"prefix":"10.1145","author":[{"given":"Anna","family":"Lamprou","sequence":"first","affiliation":[{"name":"Univ. of Applied Sciences and Arts, Northwestern Switzerland (FHNW), Windisch, Switzerland"}]},{"given":"Alexander","family":"Repenning","sequence":"additional","affiliation":[{"name":"Univ. of Applied Sciences and Arts, Northwestern Switzerland (FHNW), Windisch, Switzerland"}]},{"given":"Nora A.","family":"Escherle","sequence":"additional","affiliation":[{"name":"Univ. of Applied Sciences and Arts, Northwestern Switzerland (FHNW), Windisch, Switzerland"}]}],"member":"320","published-online":{"date-parts":[[2017,6,28]]},"reference":[{"key":"e_1_3_2_1_1_1","doi-asserted-by":"publisher","DOI":"10.1145\/2676723.2677269"},{"key":"e_1_3_2_1_2_1","doi-asserted-by":"publisher","DOI":"10.1145\/2493394.2493404"},{"key":"e_1_3_2_1_3_1","unstructured":"Cs\u00edkszentmih\u00e1lyi M. 1977. Beyond Boredom and Anxiety. San Francisco: Jossey-Bass.  Cs\u00edkszentmih\u00e1lyi M. 1977. Beyond Boredom and Anxiety. San Francisco: Jossey-Bass."},{"key":"e_1_3_2_1_4_1","unstructured":"Econlab (Braun N. and Gm\u00fcnder M.). 2012. Ict-Fachkr\u00e4ftesituation. Bildungsbedarfsprognose 2020. Schlussbericht. ICT Berufsbildung Schweiz Bern.  Econlab (Braun N. and Gm\u00fcnder M.). 2012. Ict-Fachkr\u00e4ftesituation. Bildungsbedarfsprognose 2020. Schlussbericht. ICT Berufsbildung Schweiz Bern."},{"key":"e_1_3_2_1_5_1","doi-asserted-by":"publisher","DOI":"10.1145\/2818314.2818321"},{"key":"e_1_3_2_1_6_1","unstructured":"Federal Office of Communications (OFCOM). 2016. \"Digital Switzerland\" Strategy. Retrieved November 2 2016 from https:\/\/www.bakom.admin.ch\/dam\/bakom\/en\/dokumente\/informationsgesellschaft\/strategie\/strategie_digitale_schweiz.pdf.download.pdf\/strategie_digitale_schweiz_EN.pdf  Federal Office of Communications (OFCOM). 2016. \"Digital Switzerland\" Strategy. Retrieved November 2 2016 from https:\/\/www.bakom.admin.ch\/dam\/bakom\/en\/dokumente\/informationsgesellschaft\/strategie\/strategie_digitale_schweiz.pdf.download.pdf\/strategie_digitale_schweiz_EN.pdf"},{"key":"e_1_3_2_1_7_1","unstructured":"Federal Office of Communications (OFCOM). 2016. \"Digital Switzerland\" Action Plan. Retrieved November 2 2016 from https:\/\/www.bakom.admin.ch\/dam\/bakom\/en\/dokumente\/informationsgesellschaft\/strategie\/aktionsplan_digitale_schweiz.pdf.download.pdf\/aktionsplan_digitale_schweiz_EN.pdf  Federal Office of Communications (OFCOM). 2016. \"Digital Switzerland\" Action Plan. Retrieved November 2 2016 from https:\/\/www.bakom.admin.ch\/dam\/bakom\/en\/dokumente\/informationsgesellschaft\/strategie\/aktionsplan_digitale_schweiz.pdf.download.pdf\/aktionsplan_digitale_schweiz_EN.pdf"},{"key":"e_1_3_2_1_8_1","unstructured":"Gehrig M. Gardiol L. & Schaerrer M. 2010. Der MINT-Fachkr\u00e4ftemangel in der Schweiz. Ausmass Prognose konjunkturelle Abh\u00e4ngigkeit Ursachen und Auswirkungen des Fachkr\u00e4ftemangels in den Bereichen Mathematik Informatik Naturwissenschaften Technik. B\u00fcro Bass Bern. Retrieved November 3 2016 from http:\/\/www.buerobass.ch\/pdf\/2010\/SBF_2010_MINT_Schlussbericht.pdf  Gehrig M. Gardiol L. & Schaerrer M. 2010. Der MINT-Fachkr\u00e4ftemangel in der Schweiz. Ausmass Prognose konjunkturelle Abh\u00e4ngigkeit Ursachen und Auswirkungen des Fachkr\u00e4ftemangels in den Bereichen Mathematik Informatik Naturwissenschaften Technik. B\u00fcro Bass Bern. Retrieved November 3 2016 from http:\/\/www.buerobass.ch\/pdf\/2010\/SBF_2010_MINT_Schlussbericht.pdf"},{"key":"e_1_3_2_1_9_1","doi-asserted-by":"publisher","DOI":"10.1145\/2591708.2591724"},{"key":"e_1_3_2_1_10_1","volume-title":"NSF Cyberinfrastructure Team Workshop, Washington, D.C.","author":"Pea R. D.","year":"2007"},{"key":"e_1_3_2_1_11_1","doi-asserted-by":"publisher","DOI":"10.1145\/2700517"},{"key":"e_1_3_2_1_12_1","doi-asserted-by":"publisher","DOI":"10.1145\/2839509.2844597"},{"key":"e_1_3_2_1_13_1","volume-title":"Proceedings of the IEEE Symposium on Visual Languages and Human-Centric Computing, VL\/HCC '16: 218--222","author":"Repenning A."},{"key":"e_1_3_2_1_14_1","doi-asserted-by":"publisher","DOI":"10.1007\/978-3-642-24722-4_13"},{"key":"e_1_3_2_1_15_1","doi-asserted-by":"crossref","unstructured":"Vygotsky L.S. 1980. Mind in Society: The Development of Higher Psychological Processes. Harvard University Press.  Vygotsky L.S. 1980. Mind in Society: The Development of Higher Psychological Processes. Harvard University Press.","DOI":"10.2307\/j.ctvjf9vz4"},{"key":"e_1_3_2_1_16_1","doi-asserted-by":"publisher","DOI":"10.1145\/1118178.1118215"}],"event":{"name":"ITiCSE '17: Innovation and Technology in Computer Science Education","location":"Bologna Italy","acronym":"ITiCSE '17","sponsor":["SIGCSE ACM Special Interest Group on Computer Science Education"]},"container-title":["Proceedings of the 2017 ACM Conference on Innovation and Technology in Computer Science Education"],"original-title":[],"link":[{"URL":"https:\/\/dl.acm.org\/doi\/10.1145\/3059009.3059017","content-type":"unspecified","content-version":"vor","intended-application":"text-mining"},{"URL":"https:\/\/dl.acm.org\/doi\/pdf\/10.1145\/3059009.3059017","content-type":"application\/pdf","content-version":"vor","intended-application":"syndication"},{"URL":"https:\/\/dl.acm.org\/doi\/pdf\/10.1145\/3059009.3059017","content-type":"unspecified","content-version":"vor","intended-application":"similarity-checking"}],"deposited":{"date-parts":[[2025,6,18]],"date-time":"2025-06-18T03:50:27Z","timestamp":1750218627000},"score":1,"resource":{"primary":{"URL":"https:\/\/dl.acm.org\/doi\/10.1145\/3059009.3059017"}},"subtitle":["Bringing Computer Science Education to Primary Schools in Switzerland"],"short-title":[],"issued":{"date-parts":[[2017,6,28]]},"references-count":16,"alternative-id":["10.1145\/3059009.3059017","10.1145\/3059009"],"URL":"https:\/\/doi.org\/10.1145\/3059009.3059017","relation":{},"subject":[],"published":{"date-parts":[[2017,6,28]]},"assertion":[{"value":"2017-06-28","order":2,"name":"published","label":"Published","group":{"name":"publication_history","label":"Publication History"}}]}}