{"status":"ok","message-type":"work","message-version":"1.0.0","message":{"indexed":{"date-parts":[[2025,8,29]],"date-time":"2025-08-29T10:08:24Z","timestamp":1756462104691,"version":"3.41.0"},"publisher-location":"New York, NY, USA","reference-count":8,"publisher":"ACM","license":[{"start":{"date-parts":[[2017,6,27]],"date-time":"2017-06-27T00:00:00Z","timestamp":1498521600000},"content-version":"vor","delay-in-days":0,"URL":"https:\/\/www.acm.org\/publications\/policies\/copyright_policy#Background"}],"content-domain":{"domain":["dl.acm.org"],"crossmark-restriction":true},"short-container-title":[],"published-print":{"date-parts":[[2017,6,27]]},"DOI":"10.1145\/3078072.3084306","type":"proceedings-article","created":{"date-parts":[[2017,6,26]],"date-time":"2017-06-26T12:13:28Z","timestamp":1498479208000},"page":"439-444","update-policy":"https:\/\/doi.org\/10.1145\/crossmark-policy","source":"Crossref","is-referenced-by-count":4,"title":["Programming Literacy"],"prefix":"10.1145","author":[{"given":"Adelmo Antonio da Silva","family":"Eloy","sequence":"first","affiliation":[{"name":"Universidade de S\u00e3o Paulo &amp; Instituto Ayrton Senna, S\u00e3o Paulo, Brazil"}]},{"given":"Amilton Rodrigues Quadros","family":"Martins","sequence":"additional","affiliation":[{"name":"Faculdade Meridional (IMED), Passo Fundo, Brazil"}]},{"given":"Ariane Mileidi","family":"Pazinato","sequence":"additional","affiliation":[{"name":"Faculdade Meridional (IMED), Passo Fundo, Brazil"}]},{"given":"Maria de Fatima S. Polesi","family":"Lukjanenko","sequence":"additional","affiliation":[{"name":"Universidade S\u00e3o Francisco, Itatiba, Brazil"}]},{"given":"Roseli de Deus","family":"Lopes","sequence":"additional","affiliation":[{"name":"Universidade de S\u00e3o Paulo, S\u00e3o Paulo, Brazil"}]}],"member":"320","published-online":{"date-parts":[[2017,6,27]]},"reference":[{"key":"e_1_3_2_1_1_1","volume-title":"Paulo Blikstein. Retrieved","author":"Blikstein Paulo","year":"2008","unstructured":"Paulo Blikstein . 2008 . O Pensamento Computacional e a Reinven\u00e7\u00e3o do Computador na Educa\u00e7\u00e3o . Paulo Blikstein. Retrieved August 29, 2016 from: http:\/\/www.blikstein.com\/paulo\/documents\/online\/ ol_pensamento_computacional.html. Paulo Blikstein. 2008. O Pensamento Computacional e a Reinven\u00e7\u00e3o do Computador na Educa\u00e7\u00e3o. Paulo Blikstein. Retrieved August 29, 2016 from: http:\/\/www.blikstein.com\/paulo\/documents\/online\/ ol_pensamento_computacional.html."},{"key":"e_1_3_2_1_2_1","volume-title":"American Educational Research Association","author":"Brennan Karen","year":"2012","unstructured":"Karen Brennan , Mithcel Resnick . 2012 . New frameworks for studying and assessing the development of computational thinking . American Educational Research Association . Vancouver , 2012. Karen Brennan, Mithcel Resnick. 2012. New frameworks for studying and assessing the development of computational thinking. American Educational Research Association. Vancouver, 2012."},{"key":"e_1_3_2_1_3_1","volume-title":"Retrieved","author":"O.","year":"2016","unstructured":"G1 EDUCA\u00c7\u00c3 O. 2016 . Filho aprende a programar e cria app para facilitar o trabalho do pai . Retrieved August 29, 2016 from http:\/\/glo.bo\/2byKDZt. G1 EDUCA\u00c7\u00c3O. 2016. Filho aprende a programar e cria app para facilitar o trabalho do pai. Retrieved August 29, 2016 from http:\/\/glo.bo\/2byKDZt."},{"volume-title":"Mindstorms: children, computers, and powerful ideas","author":"Papert Seymour","key":"e_1_3_2_1_4_1","unstructured":"Seymour Papert . 1980. Mindstorms: children, computers, and powerful ideas . New York : Basic Books . Seymour Papert. 1980. Mindstorms: children, computers, and powerful ideas. New York: Basic Books."},{"volume-title":"Professor: Programa\u00ea! Retrieved","year":"2015","key":"e_1_3_2_1_5_1","unstructured":"Programa\u00ea. 2015 . Professor: Programa\u00ea! Retrieved August 29, 2016 from http:\/\/programae.org.br\/professor\/. Programa\u00ea. 2015. Professor: Programa\u00ea! Retrieved August 29, 2016 from http:\/\/programae.org.br\/professor\/."},{"key":"e_1_3_2_1_6_1","volume-title":"Retrieved","author":"Senna Instituto Ayrton","year":"2016","unstructured":"Instituto Ayrton Senna . 2016 . Educa\u00e7\u00e3o Online . Retrieved August 29, 2016 from http:\/\/www.educacaoonline.org.br\/ead. Instituto Ayrton Senna. 2016. Educa\u00e7\u00e3o Online. Retrieved August 29, 2016 from http:\/\/www.educacaoonline.org.br\/ead."},{"key":"e_1_3_2_1_7_1","unstructured":"Technovation. Curr\u00edculo Technovation. Retrieved August 29 2016 from http:\/\/www.technovationbrasil.org\/curriculo  Technovation. Curr\u00edculo Technovation. Retrieved August 29 2016 from http:\/\/www.technovationbrasil.org\/curriculo"},{"key":"e_1_3_2_1_8_1","volume-title":"Computational Thinking: What and Why? Link Magazine\".","author":"Wing Jeannette M.","year":"2010","unstructured":"Jeannette M. Wing . 2010 . Computational Thinking: What and Why? Link Magazine\". Jeannette M. Wing. 2010. Computational Thinking: What and Why? Link Magazine\"."}],"event":{"name":"IDC '17: Interaction Design and Children","sponsor":["SIGCHI ACM Special Interest Group on Computer-Human Interaction"],"location":"Stanford California USA","acronym":"IDC '17"},"container-title":["Proceedings of the 2017 Conference on Interaction Design and Children"],"original-title":[],"link":[{"URL":"https:\/\/dl.acm.org\/doi\/10.1145\/3078072.3084306","content-type":"unspecified","content-version":"vor","intended-application":"text-mining"},{"URL":"https:\/\/dl.acm.org\/doi\/pdf\/10.1145\/3078072.3084306","content-type":"unspecified","content-version":"vor","intended-application":"similarity-checking"}],"deposited":{"date-parts":[[2025,6,18]],"date-time":"2025-06-18T03:03:38Z","timestamp":1750215818000},"score":1,"resource":{"primary":{"URL":"https:\/\/dl.acm.org\/doi\/10.1145\/3078072.3084306"}},"subtitle":["Computational Thinking in Brazilian Public Schools"],"short-title":[],"issued":{"date-parts":[[2017,6,27]]},"references-count":8,"alternative-id":["10.1145\/3078072.3084306","10.1145\/3078072"],"URL":"https:\/\/doi.org\/10.1145\/3078072.3084306","relation":{},"subject":[],"published":{"date-parts":[[2017,6,27]]},"assertion":[{"value":"2017-06-27","order":2,"name":"published","label":"Published","group":{"name":"publication_history","label":"Publication History"}}]}}