{"status":"ok","message-type":"work","message-version":"1.0.0","message":{"indexed":{"date-parts":[[2025,6,18]],"date-time":"2025-06-18T04:28:15Z","timestamp":1750220895813,"version":"3.41.0"},"publisher-location":"New York, NY, USA","reference-count":38,"publisher":"ACM","license":[{"start":{"date-parts":[[2019,10,22]],"date-time":"2019-10-22T00:00:00Z","timestamp":1571702400000},"content-version":"vor","delay-in-days":0,"URL":"https:\/\/www.acm.org\/publications\/policies\/copyright_policy#Background"}],"content-domain":{"domain":["dl.acm.org"],"crossmark-restriction":true},"short-container-title":[],"published-print":{"date-parts":[[2019,10,22]]},"DOI":"10.1145\/3357155.3358434","type":"proceedings-article","created":{"date-parts":[[2019,10,7]],"date-time":"2019-10-07T12:21:06Z","timestamp":1570450866000},"page":"1-10","update-policy":"https:\/\/doi.org\/10.1145\/crossmark-policy","source":"Crossref","is-referenced-by-count":4,"title":["Augmented reality and museum accessibility"],"prefix":"10.1145","author":[{"given":"Priscyla","family":"Barbosa","sequence":"first","affiliation":[{"name":"Universidade Federal do Estado do, Rio de Janeiro - UNIRIO, Rio de Janeiro, Brasil"}]},{"given":"Patr\u00edcia","family":"Amorim","sequence":"additional","affiliation":[{"name":"Universidade Federal do Estado do, Rio de Janeiro - UNIRIO, Rio de Janeiro, Brasil"}]},{"given":"Simone Bacellar","family":"Leal Ferreira","sequence":"additional","affiliation":[{"name":"Universidade Federal do Estado do Rio, de Janeiro - UNIRIO, Rio de Janeiro, Brasil"}]}],"member":"320","published-online":{"date-parts":[[2019,10,22]]},"reference":[{"key":"e_1_3_2_1_1_1","unstructured":"ABNT Associa\u00e7\u00e3o Brasileira de Normas T\u00e9cnicas. (2005). NBR 15.290: Acessibilidade em Comunica\u00e7\u00e3o na Televis\u00e3o. Rio de Janeiro Brasil.  ABNT Associa\u00e7\u00e3o Brasileira de Normas T\u00e9cnicas. (2005). NBR 15.290: Acessibilidade em Comunica\u00e7\u00e3o na Televis\u00e3o. Rio de Janeiro Brasil."},{"key":"e_1_3_2_1_2_1","volume-title":"Associa\u00e7\u00e3o Brasileira de Normas T\u00e9cnicas","author":"ABNT","year":"2008","unstructured":"ABNT , Associa\u00e7\u00e3o Brasileira de Normas T\u00e9cnicas ( 2008 ). NBR 15.599: Acessibilidade - comunica\u00e7\u00e3o na presta\u00e7\u00e3o de servi\u00e7os. Rio de Janeiro, Brasil . ABNT, Associa\u00e7\u00e3o Brasileira de Normas T\u00e9cnicas (2008). NBR 15.599: Acessibilidade - comunica\u00e7\u00e3o na presta\u00e7\u00e3o de servi\u00e7os. Rio de Janeiro, Brasil."},{"key":"e_1_3_2_1_3_1","volume-title":"Disserta\u00e7\u00e3o de Mestrado, Programa de P\u00f3s-Gradua\u00e7\u00e3o em Inform\u00e1tica da Universidade Federal do Estado do Rio de Janeiro (UNIRIO).","author":"Alves A.S.","year":"2012","unstructured":"A.S. Alves ( 2012 ). \" Estudo do Uso de Di\u00e1logos de Media\u00e7\u00e3o para Melhorar a Intera\u00e7\u00e3o de Surdos Bil\u00edngues na Web \", Disserta\u00e7\u00e3o de Mestrado, Programa de P\u00f3s-Gradua\u00e7\u00e3o em Inform\u00e1tica da Universidade Federal do Estado do Rio de Janeiro (UNIRIO). A.S. Alves (2012). \"Estudo do Uso de Di\u00e1logos de Media\u00e7\u00e3o para Melhorar a Intera\u00e7\u00e3o de Surdos Bil\u00edngues na Web\", Disserta\u00e7\u00e3o de Mestrado, Programa de P\u00f3s-Gradua\u00e7\u00e3o em Inform\u00e1tica da Universidade Federal do Estado do Rio de Janeiro (UNIRIO)."},{"key":"e_1_3_2_1_4_1","volume-title":"A Survey of Augmented Reality","author":"Azuma R.","year":"1997","unstructured":"R. Azuma ( 1997 ). \" A Survey of Augmented Reality \", Presence : Teleoperators and Virtual Environments , v.6, n.4. R. Azuma (1997). \"A Survey of Augmented Reality\", Presence: Teleoperators and Virtual Environments, v.6, n.4."},{"key":"e_1_3_2_1_5_1","volume-title":"Bruno Santana da Silva. - Rio de Janeiro: Elsevier.","author":"Barbosa S.D.J.","year":"2010","unstructured":"S.D.J. Barbosa ( 2010 ). Intera\u00e7\u00e3o humano-computador \/ Simone Diniz Junqueira Barbosa , Bruno Santana da Silva. - Rio de Janeiro: Elsevier. S.D.J. Barbosa (2010). Intera\u00e7\u00e3o humano-computador \/ Simone Diniz Junqueira Barbosa, Bruno Santana da Silva. - Rio de Janeiro: Elsevier."},{"key":"e_1_3_2_1_6_1","volume-title":"Decreto n\u00b0 5.296, de 2 de dezembro de","author":"BRASIL","year":"2014","unstructured":"BRASIL ( 2014 ). Decreto n\u00b0 5.296, de 2 de dezembro de 2004. Lei Brasileira de Inclus\u00e3o , Bras\u00edlia, DF . BRASIL (2014). Decreto n\u00b0 5.296, de 2 de dezembro de 2004. Lei Brasileira de Inclus\u00e3o, Bras\u00edlia, DF."},{"key":"e_1_3_2_1_7_1","volume-title":"Lei n\u00b0 13.146\/2015, de 06 de julho de","author":"BRASIL","year":"2015","unstructured":"BRASIL ( 2015 ). Lei n\u00b0 13.146\/2015, de 06 de julho de 2015. Lei Brasileira de Inclus\u00e3o , Bras\u00edlia, DF . BRASIL (2015). Lei n\u00b0 13.146\/2015, de 06 de julho de 2015. Lei Brasileira de Inclus\u00e3o, Bras\u00edlia, DF."},{"key":"e_1_3_2_1_8_1","volume-title":"Secretaria Nacional de Justi\u00e7a. A Classifica\u00e7\u00e3o Indicativa na L\u00edngua Brasileira de Sinais. Org. Secretaria Nacional de Justi\u00e7a. Bras\u00edlia: SNJ","author":"BRASIL","year":"2009","unstructured":"BRASIL ( 2009 ). Secretaria Nacional de Justi\u00e7a. A Classifica\u00e7\u00e3o Indicativa na L\u00edngua Brasileira de Sinais. Org. Secretaria Nacional de Justi\u00e7a. Bras\u00edlia: SNJ . BRASIL (2009). Secretaria Nacional de Justi\u00e7a. A Classifica\u00e7\u00e3o Indicativa na L\u00edngua Brasileira de Sinais. Org. Secretaria Nacional de Justi\u00e7a. Bras\u00edlia: SNJ."},{"key":"e_1_3_2_1_9_1","unstructured":"A.R.S.F. Castro P.D. Greco K.L. Mansur E.M. Romeiro M.C. Diogo I.S.A Carvalho (2011). A atua\u00e7\u00e3o do Museu da Geodiversidade (MGEO - IGEO\/UFRJ) na prote\u00e7\u00e3o e divulga\u00e7\u00e3o do patrim\u00f4nio geol\u00f3gico. Actas del I Simposio de Geoparques y Geoturismo en Chile. Santiago: Sociedad Geologica de Chile.  A.R.S.F. Castro P.D. Greco K.L. Mansur E.M. Romeiro M.C. Diogo I.S.A Carvalho (2011). A atua\u00e7\u00e3o do Museu da Geodiversidade (MGEO - IGEO\/UFRJ) na prote\u00e7\u00e3o e divulga\u00e7\u00e3o do patrim\u00f4nio geol\u00f3gico. Actas del I Simposio de Geoparques y Geoturismo en Chile. Santiago: Sociedad Geologica de Chile."},{"key":"e_1_3_2_1_10_1","volume-title":"Rio de Janeiro.","author":"Castro A.R.S.F.","year":"2014","unstructured":"A.R.S.F. Castro ( 2014 ). Caminhando em dire\u00e7\u00e3o ao museu inclusivo: diagn\u00f3stico de acessibilidade da exposi\u00e7\u00e3o \"Mem\u00f3rias da Terra\" (Museu da Geodiversidade - IGEO\/UFRJ) com o mapeamento das interven\u00e7\u00f5es necess\u00e1rias. Monografia em Acessibilidade Cultural - Faculdade de Medicina. Universidade Federal do Rio de Janeiro , Rio de Janeiro. A.R.S.F. Castro (2014). Caminhando em dire\u00e7\u00e3o ao museu inclusivo: diagn\u00f3stico de acessibilidade da exposi\u00e7\u00e3o \"Mem\u00f3rias da Terra\" (Museu da Geodiversidade - IGEO\/UFRJ) com o mapeamento das interven\u00e7\u00f5es necess\u00e1rias. Monografia em Acessibilidade Cultural - Faculdade de Medicina. Universidade Federal do Rio de Janeiro, Rio de Janeiro."},{"key":"e_1_3_2_1_11_1","volume-title":"Olimp\u00edada Brasileira de Geoci\u00eancias: contribui\u00e7\u00e3o para a populariza\u00e7\u00e3o das Ci\u00eancias da Terra. Terra e Didatica","author":"Castro A.R.S.F.","year":"2015","unstructured":"A.R.S.F. Castro , E.M.R.P. Aracri , M.C. Diogo , P.D. Greco , K.L. Mansur , I.S.A. Carvalho ( 2015 ). Olimp\u00edada Brasileira de Geoci\u00eancias: contribui\u00e7\u00e3o para a populariza\u00e7\u00e3o das Ci\u00eancias da Terra. Terra e Didatica . http:\/\/www.ige.unicamp.br\/terraedidatica A.R.S.F. Castro, E.M.R.P. Aracri, M.C. Diogo, P.D. Greco, K.L. Mansur, I.S.A. Carvalho (2015). Olimp\u00edada Brasileira de Geoci\u00eancias: contribui\u00e7\u00e3o para a populariza\u00e7\u00e3o das Ci\u00eancias da Terra. Terra e Didatica. http:\/\/www.ige.unicamp.br\/terraedidatica"},{"key":"e_1_3_2_1_12_1","volume-title":"Secretaria de Transpar\u00eancia, Coordena\u00e7\u00e3o de Pesquisa e Opini\u00e3o. https:\/\/www12.senado.leg.br\/institucional\/programas\/senadoinclusivo\/pdf\/pesquisa-2013","author":"DATASENADO","year":"2013","unstructured":"DATASENADO ( 2013 ). \" Condi\u00e7\u00f5es de Vida das Pessoas com Defici\u00eancia no Brasil \", Secretaria de Transpar\u00eancia, Coordena\u00e7\u00e3o de Pesquisa e Opini\u00e3o. https:\/\/www12.senado.leg.br\/institucional\/programas\/senadoinclusivo\/pdf\/pesquisa-2013 DATASENADO (2013). \"Condi\u00e7\u00f5es de Vida das Pessoas com Defici\u00eancia no Brasil\", Secretaria de Transpar\u00eancia, Coordena\u00e7\u00e3o de Pesquisa e Opini\u00e3o. https:\/\/www12.senado.leg.br\/institucional\/programas\/senadoinclusivo\/pdf\/pesquisa-2013"},{"key":"e_1_3_2_1_13_1","volume-title":"Universidade Federal de Pelotas","author":"Doerr M. M.","year":"2014","unstructured":"M. M. Doerr ( 2014 ). DESIGNMOB: proposta metodol\u00f3gica para cria\u00e7\u00e3o de interfaces digitais para dispositvos m\u00f3veis. Monografia (Bacharelado em Design Digital) . Universidade Federal de Pelotas , (2014). M. M. Doerr (2014). DESIGNMOB: proposta metodol\u00f3gica para cria\u00e7\u00e3o de interfaces digitais para dispositvos m\u00f3veis. Monografia (Bacharelado em Design Digital). Universidade Federal de Pelotas, (2014)."},{"key":"e_1_3_2_1_14_1","volume-title":"Int\u00e9rpretes e Guias-Int\u00e9rpretes de L\u00edngua Brasileira de Sinais - LIBRAS","author":"Febraplis","year":"2017","unstructured":"Febraplis ( 2017 ). Tabela de Refer\u00eanda para Pagamento de Honor\u00e1rios na Contrata\u00e7\u00e3o de Tradutores , Int\u00e9rpretes e Guias-Int\u00e9rpretes de L\u00edngua Brasileira de Sinais - LIBRAS . http:\/\/febrapils.org.br\/tabela-dehonorarios\/ Febraplis (2017). Tabela de Refer\u00eanda para Pagamento de Honor\u00e1rios na Contrata\u00e7\u00e3o de Tradutores, Int\u00e9rpretes e Guias-Int\u00e9rpretes de L\u00edngua Brasileira de Sinais - LIBRAS. http:\/\/febrapils.org.br\/tabela-dehonorarios\/"},{"key":"e_1_3_2_1_15_1","volume-title":"Rio de Janeiro, LTC.","author":"Nunes S.B.L.","year":"2008","unstructured":"S.B.L. Ferreira e R. Nunes ( 2008 ) \" e-Usabilidade \", Rio de Janeiro, LTC. S.B.L. Ferreira e R. Nunes (2008) \"e-Usabilidade\", Rio de Janeiro, LTC."},{"key":"e_1_3_2_1_16_1","doi-asserted-by":"publisher","DOI":"10.1016\/j.procs.2012.10.006"},{"key":"e_1_3_2_1_17_1","volume-title":"The Elements of User Experience: User-Centered Design for the web. New Riders","author":"Garrett J.J.","year":"2003","unstructured":"J.J. Garrett ( 2003 ). The Elements of User Experience: User-Centered Design for the web. New Riders . J.J. Garrett (2003). The Elements of User Experience: User-Centered Design for the web. New Riders."},{"key":"e_1_3_2_1_18_1","volume-title":"AZ Gravador de Tela. https:\/\/play.google.com\/store\/apps\/details?id=com.hecorat.screenrecorder.free","author":"Play Google","year":"2018","unstructured":"Google Play ( 2018 ). AZ Gravador de Tela. https:\/\/play.google.com\/store\/apps\/details?id=com.hecorat.screenrecorder.free Google Play (2018). AZ Gravador de Tela. https:\/\/play.google.com\/store\/apps\/details?id=com.hecorat.screenrecorder.free"},{"key":"e_1_3_2_1_19_1","doi-asserted-by":"publisher","DOI":"10.1145\/3033701.3033728"},{"key":"e_1_3_2_1_20_1","volume-title":"Or\u00e7amento e Gest\u00e3o, Instituto Brasileiro de Geografia e Estat\u00edstica - IBGE, Diretoria de Pesquisas Coordena\u00e7\u00e3o de Trabalho e Rendimento. Rio de Janeiro","author":"IBGE","year":"2013","unstructured":"IBGE ( 2013 ). Pesquisa Nacional de Sa\u00fade - PNS. Ciclos de Vida. Brasil e Grandes Regi\u00f5es. Minist\u00e9rio do Planejamento , Or\u00e7amento e Gest\u00e3o, Instituto Brasileiro de Geografia e Estat\u00edstica - IBGE, Diretoria de Pesquisas Coordena\u00e7\u00e3o de Trabalho e Rendimento. Rio de Janeiro , 2015 IBGE (2013). Pesquisa Nacional de Sa\u00fade - PNS. Ciclos de Vida. Brasil e Grandes Regi\u00f5es. Minist\u00e9rio do Planejamento, Or\u00e7amento e Gest\u00e3o, Instituto Brasileiro de Geografia e Estat\u00edstica - IBGE, Diretoria de Pesquisas Coordena\u00e7\u00e3o de Trabalho e Rendimento. Rio de Janeiro, 2015"},{"key":"e_1_3_2_1_21_1","volume-title":"Censo Demogr\u00e1fico 2010: Caracter\u00edsticas gerais da popula\u00e7\u00e3o, religi\u00e3o e pessoas com defici\u00eancia","author":"IBGE","year":"2010","unstructured":"IBGE ( 2010 ). Censo Demogr\u00e1fico 2010: Caracter\u00edsticas gerais da popula\u00e7\u00e3o, religi\u00e3o e pessoas com defici\u00eancia . http:\/\/www.ibge.gov.br\/home\/estatistica\/populacao\/censo2010\/caracteristicas_r_eligiao_deficienciadefault_caracteristicas_religiao_deficiencia.shtm IBGE (2010). Censo Demogr\u00e1fico 2010: Caracter\u00edsticas gerais da popula\u00e7\u00e3o, religi\u00e3o e pessoas com defici\u00eancia. http:\/\/www.ibge.gov.br\/home\/estatistica\/populacao\/censo2010\/caracteristicas_r_eligiao_deficienciadefault_caracteristicas_religiao_deficiencia.shtm"},{"key":"e_1_3_2_1_22_1","volume-title":"Encontro da Qualidade e Produtividade em Software - EQPS","author":"Gresse T.C.","year":"2013","unstructured":"T.C. Lacerda; J.V. Nunes; C.V.W. Gresse ( 2013 ). Customiza\u00e7\u00e3o de Heur\u00edsticas de Usabilidade para Celulares . In: Encontro da Qualidade e Produtividade em Software - EQPS . http:\/\/www.gqs.ufsc.br\/match-measuringusability-of-touchscreen-phoneapplications\/ T.C. Lacerda; J.V. Nunes; C.V.W. Gresse (2013). Customiza\u00e7\u00e3o de Heur\u00edsticas de Usabilidade para Celulares. In: Encontro da Qualidade e Produtividade em Software - EQPS. http:\/\/www.gqs.ufsc.br\/match-measuringusability-of-touchscreen-phoneapplications\/"},{"key":"e_1_3_2_1_23_1","unstructured":"T. Ling. Android UI Design Kit for Photoshop 4.4. https:\/\/androiduiux.com\/2014\/01\/10\/android-ui-design-kit-for-photoshop-4-4-free-download\/  T. Ling. Android UI Design Kit for Photoshop 4.4. https:\/\/androiduiux.com\/2014\/01\/10\/android-ui-design-kit-for-photoshop-4-4-free-download\/"},{"key":"e_1_3_2_1_24_1","doi-asserted-by":"publisher","DOI":"10.18089\/DAMeJ.2015.26.1.1"},{"key":"e_1_3_2_1_25_1","volume-title":"Livro do XIII Symposium on Virtual and Augmented Reality. Realidade Virtual e Aumentada: Aplica\u00e7\u00f5es e Tend\u00eancias","author":"Mustaro R.L.","year":"2011","unstructured":"R.L. Mendon\u00e7a e P.N. Mustaro ( 2011 ). \" Como tornar aplica\u00e7\u00f5es de realidade virtual e aumentada, ambientes virtuais e sistemas de realidade mista mais imersivos \", Livro do XIII Symposium on Virtual and Augmented Reality. Realidade Virtual e Aumentada: Aplica\u00e7\u00f5es e Tend\u00eancias , Editora SBC , MG. R.L. Mendon\u00e7a e P.N. Mustaro (2011). \"Como tornar aplica\u00e7\u00f5es de realidade virtual e aumentada, ambientes virtuais e sistemas de realidade mista mais imersivos\", Livro do XIII Symposium on Virtual and Augmented Reality. Realidade Virtual e Aumentada: Aplica\u00e7\u00f5es e Tend\u00eancias, Editora SBC, MG."},{"key":"e_1_3_2_1_26_1","volume-title":"Severity Ratings for Usability Problems. https:\/\/www.nngroup.com\/articles\/how-to-rate-the-severity-of-usability-problems\/","author":"Nielsen J.","year":"1995","unstructured":"J. Nielsen ( 1995 ). Severity Ratings for Usability Problems. https:\/\/www.nngroup.com\/articles\/how-to-rate-the-severity-of-usability-problems\/ . J. Nielsen (1995). Severity Ratings for Usability Problems. https:\/\/www.nngroup.com\/articles\/how-to-rate-the-severity-of-usability-problems\/."},{"key":"e_1_3_2_1_27_1","volume-title":"Why you only need to test with five users","author":"Nielsen J.","year":"2000","unstructured":"J. Nielsen ( 2000 ). Why you only need to test with five users . 2000. https:\/\/www.nngroup.com\/articles\/why-you-only-need-to-test-with-5-users\/. J. Nielsen (2000). Why you only need to test with five users. 2000. https:\/\/www.nngroup.com\/articles\/why-you-only-need-to-test-with-5-users\/."},{"key":"e_1_3_2_1_28_1","volume-title":"Perguntas a serem evitadas em pesquisa com usu\u00e1rios. https:\/\/uxdesign.blog.br\/perguntas-a-evitar-em-pesquisascomusuarios-8ae93a205264","author":"Pagani T.","year":"2013","unstructured":"T. Pagani ( 2013 ). Perguntas a serem evitadas em pesquisa com usu\u00e1rios. https:\/\/uxdesign.blog.br\/perguntas-a-evitar-em-pesquisascomusuarios-8ae93a205264 T. Pagani (2013). Perguntas a serem evitadas em pesquisa com usu\u00e1rios. https:\/\/uxdesign.blog.br\/perguntas-a-evitar-em-pesquisascomusuarios-8ae93a205264"},{"key":"e_1_3_2_1_29_1","volume-title":"Congresso Nacional da Sociedade Brasileira de Computa\u00e7\u00e3o, 23","author":"Barbosa R.O.","year":"2003","unstructured":"R.O. Prates e S.D.J. Barbosa ( 2003 ). Avalia\u00e7\u00e3o de Interfaces de Usu\u00e1rio: conceitos e m\u00e9todos . In: Congresso Nacional da Sociedade Brasileira de Computa\u00e7\u00e3o, 23 ., 2003, Rio de Janeiro. R.O. Prates e S.D.J. Barbosa (2003). Avalia\u00e7\u00e3o de Interfaces de Usu\u00e1rio: conceitos e m\u00e9todos. In: Congresso Nacional da Sociedade Brasileira de Computa\u00e7\u00e3o, 23., 2003, Rio de Janeiro."},{"key":"e_1_3_2_1_30_1","volume-title":"Universidade de S\u00e3o Paulo, S\u00e3o Paulo.","author":"Sarraf V.P.","year":"2008","unstructured":"V.P. Sarraf ( 2008 ) Reabilita\u00e7\u00e3o do Museu: pol\u00edticas de inclus\u00e3o cultural por meio da acessibilidade. Disserta\u00e7\u00e3o (Mestrado em Ci\u00eancia da Informa\u00e7\u00e3o) Escola de Comunica\u00e7\u00e3o e Artes , Universidade de S\u00e3o Paulo, S\u00e3o Paulo. V.P. Sarraf (2008) Reabilita\u00e7\u00e3o do Museu: pol\u00edticas de inclus\u00e3o cultural por meio da acessibilidade. Disserta\u00e7\u00e3o (Mestrado em Ci\u00eancia da Informa\u00e7\u00e3o) Escola de Comunica\u00e7\u00e3o e Artes, Universidade de S\u00e3o Paulo, S\u00e3o Paulo."},{"key":"e_1_3_2_1_31_1","volume-title":"Diretrizes Mobideaf: uma abordagem para desenvolvimento de aplica\u00e7\u00f5es de redes sociais em dispositivos m\u00f3veis para os surdos. Disserta\u00e7\u00e3o de mestrado da Universidade Federal de S\u00e3o Carlos","author":"Schefer R.P.","year":"2016","unstructured":"R.P. Schefer ( 2016 ). Diretrizes Mobideaf: uma abordagem para desenvolvimento de aplica\u00e7\u00f5es de redes sociais em dispositivos m\u00f3veis para os surdos. Disserta\u00e7\u00e3o de mestrado da Universidade Federal de S\u00e3o Carlos . R.P. Schefer (2016). Diretrizes Mobideaf: uma abordagem para desenvolvimento de aplica\u00e7\u00f5es de redes sociais em dispositivos m\u00f3veis para os surdos. Disserta\u00e7\u00e3o de mestrado da Universidade Federal de S\u00e3o Carlos."},{"key":"e_1_3_2_1_32_1","unstructured":"Unity Asssets Store. https:\/\/assetstore.unity.co  Unity Asssets Store. https:\/\/assetstore.unity.co"},{"issue":"1","key":"e_1_3_2_1_33_1","first-page":"156","article-title":"How Augmented Reality Enables Conceptual Understanding of Challenging Science Content","volume":"20","author":"Yoon S.","year":"2017","unstructured":"S. Yoon , E. Anderson , J. Lin , K. Elinich ( 2017 ). \" How Augmented Reality Enables Conceptual Understanding of Challenging Science Content \", Educational Technology & Society , 20 ( 1 ), 156 -- 168 . https:\/\/www.researchgate.net\/publication\/312053926. S. Yoon, E. Anderson, J. Lin, K. Elinich (2017). \"How Augmented Reality Enables Conceptual Understanding of Challenging Science Content\", Educational Technology & Society, 20 (1), 156--168. https:\/\/www.researchgate.net\/publication\/312053926.","journal-title":"Educational Technology & Society"},{"volume-title":"Mobile Web Best Practices 1.0 - Basic Guidelines - W3C Recommendation. https:\/\/www.w3.org\/TR\/mobile-bp\/","year":"2008","key":"e_1_3_2_1_34_1","unstructured":"W3C ( 2008 ). Mobile Web Best Practices 1.0 - Basic Guidelines - W3C Recommendation. https:\/\/www.w3.org\/TR\/mobile-bp\/ W3C (2008). Mobile Web Best Practices 1.0 - Basic Guidelines - W3C Recommendation. https:\/\/www.w3.org\/TR\/mobile-bp\/"},{"volume-title":"Mobile Web Application Best Practices - W3C Recommendation. https:\/\/www.w3.org\/TR\/mwabp","year":"2010","key":"e_1_3_2_1_35_1","unstructured":"W3C ( 2010 ). Mobile Web Application Best Practices - W3C Recommendation. https:\/\/www.w3.org\/TR\/mwabp W3C (2010). Mobile Web Application Best Practices - W3C Recommendation. https:\/\/www.w3.org\/TR\/mwabp"},{"volume-title":"Mobile Accessibility Examples from UAAG 2.0 Reference. https:\/\/www.w3.org\/TR\/IMPLEMENTING-UAAG20\/mobile","year":"2014","key":"e_1_3_2_1_36_1","unstructured":"W3C ( 2014 ). Mobile Accessibility Examples from UAAG 2.0 Reference. https:\/\/www.w3.org\/TR\/IMPLEMENTING-UAAG20\/mobile W3C (2014). Mobile Accessibility Examples from UAAG 2.0 Reference. https:\/\/www.w3.org\/TR\/IMPLEMENTING-UAAG20\/mobile"},{"volume-title":"WCAG 2.0 Techniques that Apply to Mobile. Dispon\u00edvel em https:\/\/www.w3.org\/WAI\/GL\/mobile-a11y-tf\/MobileTechniques\/, acesso em nov","year":"2015","key":"e_1_3_2_1_37_1","unstructured":"W3C ( 2015 ). WCAG 2.0 Techniques that Apply to Mobile. Dispon\u00edvel em https:\/\/www.w3.org\/WAI\/GL\/mobile-a11y-tf\/MobileTechniques\/, acesso em nov . 2017. W3C (2015). WCAG 2.0 Techniques that Apply to Mobile. Dispon\u00edvel em https:\/\/www.w3.org\/WAI\/GL\/mobile-a11y-tf\/MobileTechniques\/, acesso em nov. 2017."},{"volume-title":"Mobile Accessibility: How WCAG 2.0 and Other W3C\/WAI Guidelines Apply to Mobile. https:\/\/www.w3.org\/TR\/mobile-accessibility-mapping","year":"2015","key":"e_1_3_2_1_38_1","unstructured":"W3C ( 2015 ). Mobile Accessibility: How WCAG 2.0 and Other W3C\/WAI Guidelines Apply to Mobile. https:\/\/www.w3.org\/TR\/mobile-accessibility-mapping W3C (2015). Mobile Accessibility: How WCAG 2.0 and Other W3C\/WAI Guidelines Apply to Mobile. https:\/\/www.w3.org\/TR\/mobile-accessibility-mapping"}],"event":{"name":"IHC '19: XVIII Brazilian Symposium on Human Factors in Computing Systems","sponsor":["SBC Brazilian Computer Society"],"location":"Vit\u00f3ria Esp\u00edrito Santo Brazil","acronym":"IHC '19"},"container-title":["Proceedings of the 18th Brazilian Symposium on Human Factors in Computing Systems"],"original-title":[],"link":[{"URL":"https:\/\/dl.acm.org\/doi\/10.1145\/3357155.3358434","content-type":"unspecified","content-version":"vor","intended-application":"text-mining"},{"URL":"https:\/\/dl.acm.org\/doi\/pdf\/10.1145\/3357155.3358434","content-type":"unspecified","content-version":"vor","intended-application":"similarity-checking"}],"deposited":{"date-parts":[[2025,6,17]],"date-time":"2025-06-17T23:44:38Z","timestamp":1750203878000},"score":1,"resource":{"primary":{"URL":"https:\/\/dl.acm.org\/doi\/10.1145\/3357155.3358434"}},"subtitle":["a case study to support hard of hearing people"],"short-title":[],"issued":{"date-parts":[[2019,10,22]]},"references-count":38,"alternative-id":["10.1145\/3357155.3358434","10.1145\/3357155"],"URL":"https:\/\/doi.org\/10.1145\/3357155.3358434","relation":{},"subject":[],"published":{"date-parts":[[2019,10,22]]},"assertion":[{"value":"2019-10-22","order":2,"name":"published","label":"Published","group":{"name":"publication_history","label":"Publication History"}}]}}