{"status":"ok","message-type":"work","message-version":"1.0.0","message":{"indexed":{"date-parts":[[2025,11,1]],"date-time":"2025-11-01T17:11:43Z","timestamp":1762017103030,"version":"build-2065373602"},"publisher-location":"New York, NY, USA","reference-count":29,"publisher":"ACM","license":[{"start":{"date-parts":[[2019,10,22]],"date-time":"2019-10-22T00:00:00Z","timestamp":1571702400000},"content-version":"vor","delay-in-days":0,"URL":"https:\/\/www.acm.org\/publications\/policies\/copyright_policy#Background"}],"funder":[{"name":"Funda\u00e7\u00e3o de Amparo \u00e0 Pesquisa do Estado de S\u00e3o Paulo","award":["#2017\/23023-7,#2015\/16528-0"],"award-info":[{"award-number":["#2017\/23023-7,#2015\/16528-0"]}]}],"content-domain":{"domain":["dl.acm.org"],"crossmark-restriction":true},"short-container-title":[],"published-print":{"date-parts":[[2019,10,22]]},"DOI":"10.1145\/3357155.3358443","type":"proceedings-article","created":{"date-parts":[[2019,10,7]],"date-time":"2019-10-07T12:21:06Z","timestamp":1570450866000},"page":"1-11","update-policy":"https:\/\/doi.org\/10.1145\/crossmark-policy","source":"Crossref","is-referenced-by-count":4,"title":["A framework for socio-enactive educational systems"],"prefix":"10.1145","author":[{"given":"Rafael Eiki Matheus","family":"Imamura","sequence":"first","affiliation":[{"name":"State University of Campinas, Campinas, S\u00e3o Paulo, Brazil"}]},{"given":"Maria Cec\u00edlia Calani","family":"Baranauskas","sequence":"additional","affiliation":[{"name":"State University of Campinas, Campinas, S\u00e3o Paulo, Brazil"}]}],"member":"320","published-online":{"date-parts":[[2019,10,22]]},"reference":[{"key":"e_1_3_2_1_1_1","unstructured":"M. C. C. Baranauskas Socio-enactive systems: investigating new dimensions in the design of interaction mediated by information and communication technologies FAPESP Thematic Project (2015\/16528-0) 2015.  M. C. C. Baranauskas Socio-enactive systems: investigating new dimensions in the design of interaction mediated by information and communication technologies FAPESP Thematic Project (2015\/16528-0) 2015."},{"volume-title":"Phoenix","year":"2016","author":"Imamura R. E. M.","key":"e_1_3_2_1_2_1"},{"key":"e_1_3_2_1_3_1","doi-asserted-by":"crossref","unstructured":"R. E. M. Imamura and M. C. C. Baranauskas \"Criando uma experi\u00eancia de leitura colaborativa de hist\u00f3rias ficticias f\u00edsico-virtuais com realidade aumentada \" in Brazilian Symposium on Computers in Education (Simp\u00f3sio Brasileiro de Inform\u00e1tica na Educa\u00e7\u00e3o - SBIE) Fortaleza 2018.  R. E. M. Imamura and M. C. C. Baranauskas \"Criando uma experi\u00eancia de leitura colaborativa de hist\u00f3rias ficticias f\u00edsico-virtuais com realidade aumentada \" in Brazilian Symposium on Computers in Education (Simp\u00f3sio Brasileiro de Inform\u00e1tica na Educa\u00e7\u00e3o - SBIE) Fortaleza 2018.","DOI":"10.5753\/cbie.sbie.2018.31"},{"key":"e_1_3_2_1_4_1","unstructured":"R. Caceffo J. d'Abreu F. M. Goncalves . O. Takinami R. Romani and M. C. C. Baranauskas \"Socio-enactive Systems:The Educational Scenario \" State University of Campinas - Institute of Computing Campinas 2018.  R. Caceffo J. d'Abreu F. M. Goncalves . O. Takinami R. Romani and M. C. C. Baranauskas \"Socio-enactive Systems:The Educational Scenario \" State University of Campinas - Institute of Computing Campinas 2018."},{"key":"e_1_3_2_1_5_1","doi-asserted-by":"publisher","DOI":"10.1162\/LEON_a_00244"},{"volume-title":"New York: W. W. Norton","year":"1966","author":"Bruner J. S.","key":"e_1_3_2_1_6_1"},{"key":"e_1_3_2_1_7_1","doi-asserted-by":"publisher","DOI":"10.7551\/mitpress\/6730.001.0001"},{"volume-title":"Palas Athena","year":"2001","author":"Maturana H. R.","key":"e_1_3_2_1_8_1"},{"key":"e_1_3_2_1_9_1","doi-asserted-by":"crossref","unstructured":"T. Fuchs and H. De Jaegher \"Enactive intersubjectivity: Participatory sense-making and mutual incorporation \" Phenomenology and the cognitive sciences vol. 8 no. 4 pp. 465--486 2009.  T. Fuchs and H. De Jaegher \"Enactive intersubjectivity: Participatory sense-making and mutual incorporation \" Phenomenology and the cognitive sciences vol. 8 no. 4 pp. 465--486 2009.","DOI":"10.1007\/s11097-009-9136-4"},{"key":"e_1_3_2_1_10_1","first-page":"409","volume-title":"Cambridge University Press.","author":"Stahl G.","year":"2006"},{"key":"e_1_3_2_1_11_1","doi-asserted-by":"publisher","DOI":"10.1016\/S0747-5632(02)00057-2"},{"key":"e_1_3_2_1_12_1","unstructured":"R. C. Gardner and P. C. Smythe \"Second Language Acquisition: A Social Psychological Approach \" Research Bulletin No. 332 1975.  R. C. Gardner and P. C. Smythe \"Second Language Acquisition: A Social Psychological Approach \" Research Bulletin No. 332 1975."},{"key":"e_1_3_2_1_13_1","doi-asserted-by":"publisher","DOI":"10.3138\/cmlr.32.3.198"},{"key":"e_1_3_2_1_14_1","doi-asserted-by":"publisher","DOI":"10.1145\/2621933"},{"key":"e_1_3_2_1_15_1","doi-asserted-by":"publisher","DOI":"10.1145\/353485.353487"},{"key":"e_1_3_2_1_16_1","unstructured":"C. S. Peirce Collected Papers of Charles Sanders Peirce Vol. 1--6 Cambridge: Harvard University Press 1931--1958.  C. S. Peirce Collected Papers of Charles Sanders Peirce Vol. 1--6 Cambridge: Harvard University Press 1931--1958."},{"volume-title":"Springer Science Business Media","year":"2008","author":"O'Neil S.","key":"e_1_3_2_1_17_1"},{"key":"e_1_3_2_1_18_1","doi-asserted-by":"publisher","DOI":"10.1080\/014492900118768"},{"issue":"83","key":"e_1_3_2_1_19_1","first-page":"7","article-title":"O que \u00e9 construtivismo?","volume":"21","author":"Becker F.","year":"1992","journal-title":"Revista de educa\u00e7\u00e3o AEC"},{"key":"e_1_3_2_1_20_1","first-page":"11","volume-title":"Springer","author":"Chun A. H. W.","year":"2004"},{"key":"e_1_3_2_1_21_1","doi-asserted-by":"publisher","DOI":"10.5539\/elt.v12n5p73"},{"volume-title":"Porto Alegre","year":"2018","author":"Habowsk A. C.","key":"e_1_3_2_1_22_1"},{"issue":"21","key":"e_1_3_2_1_23_1","first-page":"143","article-title":"Leitura colaborativa-critica: A leitura como ato social e pol\u00edtico","volume":"13","author":"Alves M. C. C. L.","year":"2004","journal-title":"Educa\u00e7\u00e3o e Contemporaneidade"},{"key":"e_1_3_2_1_24_1","first-page":"249","article-title":"Reading as a Collaborative Construction: supporting the design of physico-virtual environments,\" in Nuevas Ideas en Inform\u00e1tica Educativa Volumen 14, vol. 14, Santiago de Chile, S\u00e1nchez","author":"Imamura R. E. M.","year":"2018","journal-title":"J. Editor."},{"key":"e_1_3_2_1_25_1","doi-asserted-by":"publisher","DOI":"10.1207\/s15327051hci1904_2"},{"volume-title":"S\u00e3o Paulo","year":"2016","author":"Hayashi E. C. S.","key":"e_1_3_2_1_26_1"},{"key":"e_1_3_2_1_27_1","doi-asserted-by":"crossref","unstructured":"T. Boren and J. Ramey \"Thinking aloud: Reconciling theory and practice \" IEEE transactions on professional communication vol. 43 no. 3 pp. 261--278 2000.  T. Boren and J. Ramey \"Thinking aloud: Reconciling theory and practice \" IEEE transactions on professional communication vol. 43 no. 3 pp. 261--278 2000.","DOI":"10.1109\/47.867942"},{"key":"e_1_3_2_1_28_1","doi-asserted-by":"publisher","DOI":"10.1016\/0005-7916(94)90063-9"},{"key":"e_1_3_2_1_29_1","doi-asserted-by":"publisher","DOI":"10.4018\/IJICTE.2019070104"}],"event":{"name":"IHC '19: XVIII Brazilian Symposium on Human Factors in Computing Systems","sponsor":["SBC Brazilian Computer Society"],"location":"Vit\u00f3ria Esp\u00edrito Santo Brazil","acronym":"IHC '19"},"container-title":["Proceedings of the 18th Brazilian Symposium on Human Factors in Computing Systems"],"original-title":[],"link":[{"URL":"https:\/\/dl.acm.org\/doi\/10.1145\/3357155.3358443","content-type":"unspecified","content-version":"vor","intended-application":"text-mining"},{"URL":"https:\/\/dl.acm.org\/doi\/pdf\/10.1145\/3357155.3358443","content-type":"unspecified","content-version":"vor","intended-application":"similarity-checking"}],"deposited":{"date-parts":[[2025,6,17]],"date-time":"2025-06-17T23:44:38Z","timestamp":1750203878000},"score":1,"resource":{"primary":{"URL":"https:\/\/dl.acm.org\/doi\/10.1145\/3357155.3358443"}},"subtitle":["linking learning, design, and technology"],"short-title":[],"issued":{"date-parts":[[2019,10,22]]},"references-count":29,"alternative-id":["10.1145\/3357155.3358443","10.1145\/3357155"],"URL":"https:\/\/doi.org\/10.1145\/3357155.3358443","relation":{},"subject":[],"published":{"date-parts":[[2019,10,22]]},"assertion":[{"value":"2019-10-22","order":2,"name":"published","label":"Published","group":{"name":"publication_history","label":"Publication History"}}]}}