{"status":"ok","message-type":"work","message-version":"1.0.0","message":{"indexed":{"date-parts":[[2025,6,18]],"date-time":"2025-06-18T04:27:18Z","timestamp":1750220838507,"version":"3.41.0"},"publisher-location":"New York, NY, USA","reference-count":18,"publisher":"ACM","license":[{"start":{"date-parts":[[2019,10,22]],"date-time":"2019-10-22T00:00:00Z","timestamp":1571702400000},"content-version":"vor","delay-in-days":0,"URL":"https:\/\/www.acm.org\/publications\/policies\/copyright_policy#Background"}],"content-domain":{"domain":["dl.acm.org"],"crossmark-restriction":true},"short-container-title":[],"published-print":{"date-parts":[[2019,10,22]]},"DOI":"10.1145\/3357155.3360476","type":"proceedings-article","created":{"date-parts":[[2019,10,7]],"date-time":"2019-10-07T12:21:06Z","timestamp":1570450866000},"page":"1-5","update-policy":"https:\/\/doi.org\/10.1145\/crossmark-policy","source":"Crossref","is-referenced-by-count":1,"title":["An online survey design approach considering the diversity of pre-linguistic deaf respondents"],"prefix":"10.1145","author":[{"given":"Patr\u00edcia Felippe","family":"Amorim","sequence":"first","affiliation":[{"name":"UNIRIO, ISERJ-FAETEC, Rio de Janeiro, RJ, Brazil"}]},{"given":"Simone Bacellar Leal","family":"Ferreira","sequence":"additional","affiliation":[{"name":"UNIRIO, Rio de Janeiro, RJ, Brazil"}]}],"member":"320","published-online":{"date-parts":[[2019,10,22]]},"reference":[{"key":"e_1_3_2_1_1_1","unstructured":"WFD. World Federation of the Deaf (WFD). Federa\u00e7\u00e3o Mundial de Surdos. Dispon\u00edvel em:&lt;http:\/\/www.wfdeaf.org&gt;. Acesso em: 26 Mai. 2018.  WFD. World Federation of the Deaf (WFD). Federa\u00e7\u00e3o Mundial de Surdos. Dispon\u00edvel em:&lt;http:\/\/www.wfdeaf.org&gt;. Acesso em: 26 Mai. 2018."},{"key":"e_1_3_2_1_2_1","unstructured":"Oliver Sacks. Vendo vozes: uma viagem ao mundo dos surdos. S\u00e3o Paulo Companhia das Letras 1998.  Oliver Sacks. Vendo vozes: uma viagem ao mundo dos surdos. S\u00e3o Paulo Companhia das Letras 1998."},{"key":"e_1_3_2_1_3_1","unstructured":"Brasil. Lei n. 10.436 de 24 de abr. de 2002. Disp\u00f5e sobre a L\u00edngua Brasileira de Sinais - Libras e d\u00e1 outras provid\u00eancias. Dispon\u00edvel em: &lt;http:\/\/www.camara.gov.br\/sileg\/integras\/821803.pdf&gt;. Acesso em: 15 mai. 2018.  Brasil. Lei n. 10.436 de 24 de abr. de 2002. Disp\u00f5e sobre a L\u00edngua Brasileira de Sinais - Libras e d\u00e1 outras provid\u00eancias. Dispon\u00edvel em: &lt;http:\/\/www.camara.gov.br\/sileg\/integras\/821803.pdf&gt;. Acesso em: 15 mai. 2018."},{"key":"e_1_3_2_1_4_1","unstructured":"HANDTALK. Acessibilidade em v\u00eddeos: por que a legenda n\u00e3o \u00e9 suficiente para surdos. Rio de Janeiro. 2019. Dispon\u00edvel em &lt;http:\/\/blog.handtalk.me\/acessibilidade-em-videos-para-surdos\/. Acesso em: 06 mai. 2019.  HANDTALK. Acessibilidade em v\u00eddeos: por que a legenda n\u00e3o \u00e9 suficiente para surdos. Rio de Janeiro. 2019. Dispon\u00edvel em &lt;http:\/\/blog.handtalk.me\/acessibilidade-em-videos-para-surdos\/. Acesso em: 06 mai. 2019."},{"volume-title":"XIII Simp\u00f3sio Brasileiro de Sistemas de Informa\u00e7\u00e3o","year":"2017","author":"Santos Marques Jo\u00e3o Marcelo","key":"e_1_3_2_1_5_1"},{"key":"e_1_3_2_1_6_1","unstructured":"Priscyla Gon\u00e7alves Ferreira Barbosa. Acessibilidade em museus: um estudo de caso para apoiar as pessoas com defici\u00eancia auditiva com o uso de Realidade Aumentada. Rio de Janeiro. 2018. Disserta\u00e7\u00e3o de mestrado. Universidade Federal do Estado do Rio de Janeiro. RJ. Brasil.  Priscyla Gon\u00e7alves Ferreira Barbosa. Acessibilidade em museus: um estudo de caso para apoiar as pessoas com defici\u00eancia auditiva com o uso de Realidade Aumentada. Rio de Janeiro. 2018. Disserta\u00e7\u00e3o de mestrado. Universidade Federal do Estado do Rio de Janeiro. RJ. Brasil."},{"key":"e_1_3_2_1_7_1","unstructured":"Marcia Goldfeld. A crian\u00e7a surda: linguagem e cogni\u00e7\u00e3o numa perspectiva s\u00f3cio-interacionista. S\u00e3o Paulo Plexus. 2a edi\u00e7\u00e3o 2002.  Marcia Goldfeld. A crian\u00e7a surda: linguagem e cogni\u00e7\u00e3o numa perspectiva s\u00f3cio-interacionista. S\u00e3o Paulo Plexus. 2 a edi\u00e7\u00e3o 2002."},{"issue":"23","key":"e_1_3_2_1_8_1","first-page":"68","volume":"12","author":"da Silva Giselli Mara","year":"2019","journal-title":"Linguisticos"},{"key":"e_1_3_2_1_9_1","unstructured":"Pollyanna Miranda de Abreu. Recomenda\u00e7\u00f5es para projetos de TICs para apoio a alfabetiza\u00e7\u00f5o com Libras. Belo Horizonte. 2010. Disserta\u00e7\u00e3o de mestrado. Universidade Federal de Minas Gerais. MG. Brasil.  Pollyanna Miranda de Abreu. Recomenda\u00e7\u00f5es para projetos de TICs para apoio a alfabetiza\u00e7\u00f5o com Libras. Belo Horizonte. 2010. Disserta\u00e7\u00e3o de mestrado. Universidade Federal de Minas Gerais. MG. Brasil."},{"volume-title":"XVIII Simp\u00f3sio Brasileiro sobre Fatores Humanos em Sistemas Computacionais. Bel\u00e9m. Brasil.","author":"Schefer Ricardo Pezzotti","key":"e_1_3_2_1_10_1"},{"volume-title":"XVIII ENEQ - Encontro Nacional de Ensino de Qu\u00edmica.","year":"2016","author":"de Freitas Ivoni","key":"e_1_3_2_1_11_1"},{"key":"e_1_3_2_1_12_1","unstructured":"Renata da Silva Krusser. Design Editorial Na Tradu\u00e7\u00e3o de Portugu\u00eas para Libras. 2017. Tese Doutorado. Universidade Federal de Santa Catarina Florian\u00f3polis Brasil 2017. Dispon\u00edvel em: &lt;https:\/\/repositorio.ufsc.br\/xmlui\/handle\/123456789\/177595&gt;. Acesso em: 06 mai. 2019.  Renata da Silva Krusser. Design Editorial Na Tradu\u00e7\u00e3o de Portugu\u00eas para Libras. 2017. Tese Doutorado. Universidade Federal de Santa Catarina Florian\u00f3polis Brasil 2017. Dispon\u00edvel em: &lt;https:\/\/repositorio.ufsc.br\/xmlui\/handle\/123456789\/177595&gt;. Acesso em: 06 mai. 2019."},{"key":"e_1_3_2_1_13_1","unstructured":"Secretaria Municipal de Educa\u00e7\u00e3o do Rio de Janeiro. SME. RJ Dispon\u00edvel em: &lt;http:\/\/prefeitura.rio\/web\/sme&gt;. Acesso em: 19 de mar\u00e7o de 2018.  Secretaria Municipal de Educa\u00e7\u00e3o do Rio de Janeiro. SME. RJ Dispon\u00edvel em: &lt;http:\/\/prefeitura.rio\/web\/sme&gt;. Acesso em: 19 de mar\u00e7o de 2018."},{"key":"e_1_3_2_1_14_1","unstructured":"Secretaria do Estado de Educa\u00e7\u00e3o do Rio de Janeiro. SEEDUC. RJ. Dispon\u00edvel em:&lt;http:\/\/www.rj.gov.br\/Secretarias.aspx#&gt;. Acesso em: 19 de mar\u00e7o de 2018.  Secretaria do Estado de Educa\u00e7\u00e3o do Rio de Janeiro. SEEDUC. RJ. Dispon\u00edvel em:&lt;http:\/\/www.rj.gov.br\/Secretarias.aspx#&gt;. Acesso em: 19 de mar\u00e7o de 2018."},{"key":"e_1_3_2_1_15_1","unstructured":"NCH Software \u00a9. 2018. Dispon\u00edvel em: &lt;https:\/\/www.nchsoftware.com\/videopad\/pt\/index.html&gt; Acesso em: 10 de setembro de 2018.  NCH Software \u00a9. 2018. Dispon\u00edvel em: &lt;https:\/\/www.nchsoftware.com\/videopad\/pt\/index.html&gt; Acesso em: 10 de setembro de 2018."},{"key":"e_1_3_2_1_16_1","unstructured":"Soraya Ferreira Alves. Guia Orientador para Acessibilidade de Produ\u00e7\u00f5es Audiovisuais. Universidade Federal do Cear\u00e1. CE. Brasil. Dispon\u00edvel em: &lt;https:\/\/www.camara.leg.br\/internet\/agencia\/pdf\/guia_audiovisuais.pdf&gt;. Acesso em: 10 de setembro de 2018.  Soraya Ferreira Alves. Guia Orientador para Acessibilidade de Produ\u00e7\u00f5es Audiovisuais. Universidade Federal do Cear\u00e1. CE. Brasil. Dispon\u00edvel em: &lt;https:\/\/www.camara.leg.br\/internet\/agencia\/pdf\/guia_audiovisuais.pdf&gt;. Acesso em: 10 de setembro de 2018."},{"key":"e_1_3_2_1_17_1","unstructured":"Simone D. J. Barbosa and Bruno S. Silva. Intera\u00e7\u00e3o humano-computador. Ed. Elsevier 9a. Tiragem. 2010. Rio de Janeiro - RJ.  Simone D. J. Barbosa and Bruno S. Silva. Intera\u00e7\u00e3o humano-computador. Ed. Elsevier 9 a . Tiragem. 2010. Rio de Janeiro - RJ."},{"volume-title":"Org. Secretaria Nacional de Justi\u00e7a. Bras\u00edlia: SNJ","year":"2009","author":"BRASIL.","key":"e_1_3_2_1_18_1"}],"event":{"name":"IHC '19: XVIII Brazilian Symposium on Human Factors in Computing Systems","sponsor":["SBC Brazilian Computer Society"],"location":"Vit\u00f3ria Esp\u00edrito Santo Brazil","acronym":"IHC '19"},"container-title":["Proceedings of the 18th Brazilian Symposium on Human Factors in Computing Systems"],"original-title":[],"link":[{"URL":"https:\/\/dl.acm.org\/doi\/10.1145\/3357155.3360476","content-type":"unspecified","content-version":"vor","intended-application":"text-mining"},{"URL":"https:\/\/dl.acm.org\/doi\/pdf\/10.1145\/3357155.3360476","content-type":"unspecified","content-version":"vor","intended-application":"similarity-checking"}],"deposited":{"date-parts":[[2025,6,17]],"date-time":"2025-06-17T23:13:44Z","timestamp":1750202024000},"score":1,"resource":{"primary":{"URL":"https:\/\/dl.acm.org\/doi\/10.1145\/3357155.3360476"}},"subtitle":[],"short-title":[],"issued":{"date-parts":[[2019,10,22]]},"references-count":18,"alternative-id":["10.1145\/3357155.3360476","10.1145\/3357155"],"URL":"https:\/\/doi.org\/10.1145\/3357155.3360476","relation":{},"subject":[],"published":{"date-parts":[[2019,10,22]]},"assertion":[{"value":"2019-10-22","order":2,"name":"published","label":"Published","group":{"name":"publication_history","label":"Publication History"}}]}}