{"status":"ok","message-type":"work","message-version":"1.0.0","message":{"indexed":{"date-parts":[[2025,6,18]],"date-time":"2025-06-18T04:27:19Z","timestamp":1750220839001,"version":"3.41.0"},"publisher-location":"New York, NY, USA","reference-count":15,"publisher":"ACM","license":[{"start":{"date-parts":[[2019,10,22]],"date-time":"2019-10-22T00:00:00Z","timestamp":1571702400000},"content-version":"vor","delay-in-days":0,"URL":"https:\/\/www.acm.org\/publications\/policies\/copyright_policy#Background"}],"content-domain":{"domain":["dl.acm.org"],"crossmark-restriction":true},"short-container-title":[],"published-print":{"date-parts":[[2019,10,22]]},"DOI":"10.1145\/3357155.3360485","type":"proceedings-article","created":{"date-parts":[[2019,10,7]],"date-time":"2019-10-07T12:21:06Z","timestamp":1570450866000},"page":"1-5","update-policy":"https:\/\/doi.org\/10.1145\/crossmark-policy","source":"Crossref","is-referenced-by-count":2,"title":["Truck drivers' fatigue and stress"],"prefix":"10.1145","author":[{"given":"Igor Fillippe","family":"Goldstein","sequence":"first","affiliation":[{"name":"CargoX, S\u00e3o Paulo, SP, Brasil"}]},{"given":"Lucia Vilela Leite","family":"Filgueiras","sequence":"additional","affiliation":[{"name":"Universidade de S\u00e3o Paulo, S\u00e3o Paulo, SP, Brasil"}]}],"member":"320","published-online":{"date-parts":[[2019,10,22]]},"reference":[{"key":"e_1_3_2_1_1_1","doi-asserted-by":"publisher","DOI":"10.1007\/s00138-014-0644-z"},{"key":"e_1_3_2_1_2_1","doi-asserted-by":"publisher","DOI":"10.1016\/j.asoc.2014.01.020"},{"key":"e_1_3_2_1_3_1","doi-asserted-by":"publisher","DOI":"10.1109\/IVS.2012.6232239"},{"key":"e_1_3_2_1_4_1","doi-asserted-by":"publisher","DOI":"10.1590\/S0102-35862001000200007"},{"key":"e_1_3_2_1_5_1","doi-asserted-by":"publisher","DOI":"10.1109\/ICSMC.2004.1400934"},{"key":"e_1_3_2_1_6_1","doi-asserted-by":"publisher","DOI":"10.5325\/transportationj.56.1.0054"},{"key":"e_1_3_2_1_7_1","doi-asserted-by":"publisher","DOI":"10.1016\/S0167-6393(02)00080-8"},{"key":"e_1_3_2_1_8_1","doi-asserted-by":"publisher","DOI":"10.1145\/3357155.3358453"},{"volume-title":"Lean UX: Applying lean principles to improve user experience. \"O'Reilly Media","year":"2013","author":"Gothelf Jeff","key":"e_1_3_2_1_9_1"},{"key":"e_1_3_2_1_10_1","doi-asserted-by":"publisher","DOI":"10.1109\/ICPR.2000.902898"},{"key":"e_1_3_2_1_11_1","doi-asserted-by":"publisher","DOI":"10.1109\/TITS.2005.848368"},{"key":"e_1_3_2_1_12_1","doi-asserted-by":"publisher","DOI":"10.1016\/j.neucom.2019.02.014"},{"key":"e_1_3_2_1_13_1","doi-asserted-by":"publisher","DOI":"10.1016\/J.MATPR.2017.07.121"},{"key":"e_1_3_2_1_14_1","doi-asserted-by":"publisher","DOI":"10.1109\/ICABME.2015.7323251"},{"key":"e_1_3_2_1_15_1","unstructured":"Giovana de Souza Quirino and Anna Elisa de Villemor-Amaral. 2015. Rela\u00e7\u00e3o entre estresse e agressividade em motoristas profissionais. Revista Psicologia e Sa\u00fade 7 2: 125--132. Retrieved June 8 2019 from http:\/\/pepsic.bvsalud.org\/pdf\/rpsaude\/v7n2\/v7n2a06.pdf  Giovana de Souza Quirino and Anna Elisa de Villemor-Amaral. 2015. Rela\u00e7\u00e3o entre estresse e agressividade em motoristas profissionais. Revista Psicologia e Sa\u00fade 7 2: 125--132. Retrieved June 8 2019 from http:\/\/pepsic.bvsalud.org\/pdf\/rpsaude\/v7n2\/v7n2a06.pdf"}],"event":{"name":"IHC '19: XVIII Brazilian Symposium on Human Factors in Computing Systems","sponsor":["SBC Brazilian Computer Society"],"location":"Vit\u00f3ria Esp\u00edrito Santo Brazil","acronym":"IHC '19"},"container-title":["Proceedings of the 18th Brazilian Symposium on Human Factors in Computing Systems"],"original-title":[],"link":[{"URL":"https:\/\/dl.acm.org\/doi\/10.1145\/3357155.3360485","content-type":"unspecified","content-version":"vor","intended-application":"text-mining"},{"URL":"https:\/\/dl.acm.org\/doi\/pdf\/10.1145\/3357155.3360485","content-type":"unspecified","content-version":"vor","intended-application":"similarity-checking"}],"deposited":{"date-parts":[[2025,6,17]],"date-time":"2025-06-17T23:13:44Z","timestamp":1750202024000},"score":1,"resource":{"primary":{"URL":"https:\/\/dl.acm.org\/doi\/10.1145\/3357155.3360485"}},"subtitle":["a user study for requirements elicitation of an affective computer application"],"short-title":[],"issued":{"date-parts":[[2019,10,22]]},"references-count":15,"alternative-id":["10.1145\/3357155.3360485","10.1145\/3357155"],"URL":"https:\/\/doi.org\/10.1145\/3357155.3360485","relation":{},"subject":[],"published":{"date-parts":[[2019,10,22]]},"assertion":[{"value":"2019-10-22","order":2,"name":"published","label":"Published","group":{"name":"publication_history","label":"Publication History"}}]}}