{"status":"ok","message-type":"work","message-version":"1.0.0","message":{"indexed":{"date-parts":[[2025,6,18]],"date-time":"2025-06-18T04:27:36Z","timestamp":1750220856984,"version":"3.41.0"},"publisher-location":"New York, NY, USA","reference-count":26,"publisher":"ACM","license":[{"start":{"date-parts":[[2019,10,2]],"date-time":"2019-10-02T00:00:00Z","timestamp":1569974400000},"content-version":"vor","delay-in-days":0,"URL":"https:\/\/www.acm.org\/publications\/policies\/copyright_policy#Background"}],"content-domain":{"domain":["dl.acm.org"],"crossmark-restriction":true},"short-container-title":[],"published-print":{"date-parts":[[2019,10,2]]},"DOI":"10.1145\/3368756.3368982","type":"proceedings-article","created":{"date-parts":[[2019,12,18]],"date-time":"2019-12-18T13:21:21Z","timestamp":1576675281000},"page":"1-7","update-policy":"https:\/\/doi.org\/10.1145\/crossmark-policy","source":"Crossref","is-referenced-by-count":2,"title":["Neural networks for measurement of the eco-responsible decision's impact on the governance system"],"prefix":"10.1145","author":[{"given":"Oumaima","family":"Riad","sequence":"first","affiliation":[{"name":"Ecole Nationale de Commerce et de Gestion Agadir, Maroc"}]},{"given":"Sahar","family":"Saoud","sequence":"additional","affiliation":[{"name":"Ecole Nationale de Commerce et de Gestion Agadir, Maroc"}]},{"given":"Lamia","family":"Boukaya","sequence":"additional","affiliation":[{"name":"Ecole Nationale de Commerce et de Gestion Agadir, Maroc"}]},{"given":"Khalid","family":"Azami","sequence":"additional","affiliation":[{"name":"Facult\u00e9 des sciences juridiques \u00e9conomiques et sociales, Ait melloul Maroc"}]}],"member":"320","published-online":{"date-parts":[[2019,10,2]]},"reference":[{"key":"e_1_3_2_1_1_1","doi-asserted-by":"publisher","DOI":"10.1002\/smj.2629"},{"key":"e_1_3_2_1_2_1","volume-title":"G. Charreaux, Le Gouvernement des entreprises : Corporate Governance, th\u00e9ories et faits","author":"Charreaux G.","year":"1997","unstructured":"Charreaux G. ( \u00e9d .) , \u00ab Vers une th\u00e9orie du gouvernement des entreprises\u00bb , in G. Charreaux, Le Gouvernement des entreprises : Corporate Governance, th\u00e9ories et faits , Paris , \u00c9conomica, 1997 , p. 421--469. Charreaux G. (\u00e9d.), \u00ab Vers une th\u00e9orie du gouvernement des entreprises\u00bb, in G. Charreaux, Le Gouvernement des entreprises : Corporate Governance, th\u00e9ories et faits, Paris, \u00c9conomica, 1997, p. 421--469."},{"key":"e_1_3_2_1_3_1","volume-title":"Variation sur le th\u00e8me:\"\u00c0 la recherche de nouvelles fondations pour la finance et la gouvernance d'entreprise\" Finance Contr\u00f4le Strat\u00e9gie -","author":"G\u00e9rard Charreaux","year":"2002","unstructured":"G\u00e9rard Charreaux , Variation sur le th\u00e8me:\"\u00c0 la recherche de nouvelles fondations pour la finance et la gouvernance d'entreprise\" Finance Contr\u00f4le Strat\u00e9gie - Volume 5 , N\u00b0 3, septembre 2002 , p. 5 -- 68. G\u00e9rard Charreaux, Variation sur le th\u00e8me:\"\u00c0 la recherche de nouvelles fondations pour la finance et la gouvernance d'entreprise\" Finance Contr\u00f4le Strat\u00e9gie - Volume 5, N\u00b0 3, septembre 2002, p. 5 -- 68."},{"key":"e_1_3_2_1_4_1","unstructured":"R\u00e9f\u00e9rentiel pour une gouvernance raisonnable des entreprises Book May 2015 L'effet Gullivier : l'\u00e9crasement de la diversit\u00e9 des PME par les g\u00e9ants.  R\u00e9f\u00e9rentiel pour une gouvernance raisonnable des entreprises Book May 2015 L'effet Gullivier : l'\u00e9crasement de la diversit\u00e9 des PME par les g\u00e9ants."},{"key":"e_1_3_2_1_5_1","first-page":"134","volume-title":"Les presses de l'universit\u00e9 Laval","author":"Andr\u00e9 Hayfty","year":"2001","unstructured":"Andr\u00e9 Hayfty ,Introduction \u00e0 la climatologie , le rayonnement et la temp\u00e9rature, l'atmosph\u00e8re, l'eau, le climat et l'activit\u00e9 humaine , Les presses de l'universit\u00e9 Laval 2001 , pp. 134 -- 144 . Andr\u00e9 Hayfty,Introduction \u00e0 la climatologie, le rayonnement et la temp\u00e9rature, l'atmosph\u00e8re, l'eau, le climat et l'activit\u00e9 humaine, Les presses de l'universit\u00e9 Laval 2001, pp.134--144."},{"key":"e_1_3_2_1_6_1","volume-title":"Entreprises et histoire","author":"Aggeri Franck","year":"2017","unstructured":"Aggeri Franck , Cartel M\u00e9lodie , \u00ab Le changement climatique et les entreprises : enjeux, espaces d'action, r\u00e9gulations internationales \u00bb , Entreprises et histoire , 2017 \/1 (n\u00b0 86), p. 6--20 Aggeri Franck, Cartel M\u00e9lodie, \u00ab Le changement climatique et les entreprises : enjeux, espaces d'action, r\u00e9gulations internationales \u00bb, Entreprises et histoire, 2017\/1 (n\u00b0 86), p. 6--20"},{"key":"e_1_3_2_1_7_1","volume-title":"et Anil","author":"Ajay M.","year":"1997","unstructured":"Ajay M. et Anil ( 1997 ), Enviropreneurial marketing strategy : the emergence of corporate environmentalism as market strategy, Journal Ajay M. et Anil (1997), Enviropreneurial marketing strategy : the emergence of corporate environmentalism as market strategy, Journal"},{"key":"e_1_3_2_1_8_1","doi-asserted-by":"publisher","DOI":"10.1007\/s10551-018-3866-6"},{"key":"e_1_3_2_1_9_1","first-page":"80","volume-title":"Strat\u00e9gie, comp\u00e9titivit\u00e9 et \u00e9cologie, Revue Fran\u00e7aise de Gestion, n\u00b0 89","author":"Boiral O.","unstructured":"Boiral O. et Jolly D. (1992) , Strat\u00e9gie, comp\u00e9titivit\u00e9 et \u00e9cologie, Revue Fran\u00e7aise de Gestion, n\u00b0 89 , pp. 80 -- 95 . Boiral O. et Jolly D. (1992), Strat\u00e9gie, comp\u00e9titivit\u00e9 et \u00e9cologie, Revue Fran\u00e7aise de Gestion, n\u00b0 89, pp. 80--95."},{"key":"e_1_3_2_1_10_1","first-page":"96","volume-title":"Comment g\u00e9rer \u00e9cologique, Revue Fran\u00e7aise de Gestion, n\u00b0 89","author":"Boyer A.","unstructured":"Boyer A. et Poisson C. (1992) , Comment g\u00e9rer \u00e9cologique, Revue Fran\u00e7aise de Gestion, n\u00b0 89 , pp. 96 -- 117 . Boyer A. et Poisson C. (1992), Comment g\u00e9rer \u00e9cologique, Revue Fran\u00e7aise de Gestion, n\u00b0 89, pp. 96--117."},{"key":"e_1_3_2_1_11_1","first-page":"15","volume-title":"Dans Management & Avenir 2011\/7 (n\u00b0 47)","author":"B\u00e9rang\u00e8re Deschamps","unstructured":"B\u00e9rang\u00e8re Deschamps et S\u00e9bastien Geindre , Les effets perturbateurs des biais cognitifs et affectifs dans le processus de d\u00e9cision de reprendre une PME , Dans Management & Avenir 2011\/7 (n\u00b0 47) , pages 15 \u00e0 34 B\u00e9rang\u00e8re Deschamps et S\u00e9bastien Geindre, Les effets perturbateurs des biais cognitifs et affectifs dans le processus de d\u00e9cision de reprendre une PME, Dans Management & Avenir 2011\/7 (n\u00b0 47), pages 15 \u00e0 34"},{"key":"e_1_3_2_1_12_1","first-page":"109","volume-title":"Revue fran\u00e7aise de gestion 2012\/6 (N\u00b0 225)","author":"Beno\u00eet Journ\u00e9","unstructured":"Beno\u00eet Journ\u00e9 et Nathalie Raulet-Croset , La d\u00e9cision comme activit\u00e9 manag\u00e9riale situ\u00e9e Une approche pragmatiste , Revue fran\u00e7aise de gestion 2012\/6 (N\u00b0 225) , pages 109 \u00e0 128 Beno\u00eet Journ\u00e9 et Nathalie Raulet-Croset, La d\u00e9cision comme activit\u00e9 manag\u00e9riale situ\u00e9e Une approche pragmatiste, Revue fran\u00e7aise de gestion 2012\/6 (N\u00b0 225), pages 109 \u00e0 128"},{"volume-title":"Psychology Today, November1975","author":"Shapero A.","key":"e_1_3_2_1_13_1","unstructured":"Shapero A. , \" The displaced , uncomfortable entrepreneur \", Psychology Today, November1975 , vol. 9 , n\u00b0 6, p. 83--88. Shapero A., \"The displaced, uncomfortable entrepreneur\", Psychology Today, November1975, vol. 9, n\u00b0 6, p. 83--88."},{"key":"e_1_3_2_1_14_1","doi-asserted-by":"publisher","DOI":"10.1108\/S0742-332220180000038011"},{"key":"e_1_3_2_1_15_1","volume-title":"The New York Times Magazine","author":"Milton Friedman","year":"1970","unstructured":"Milton Friedman , The Social Responsibility of Business Is to Increase Its Profits , The New York Times Magazine , September 13, 1970 . Milton Friedman, The Social Responsibility of Business Is to Increase Its Profits, The New York Times Magazine, September 13, 1970."},{"key":"e_1_3_2_1_16_1","volume-title":"La RSE : entre gouvernance locale et gouvernance d'entreprise","author":"Grochain S.","year":"2009","unstructured":"Grochain S. ( 2009 ), La RSE : entre gouvernance locale et gouvernance d'entreprise , Publications de l'Universit\u00e9 de Lille . Grochain S. (2009), La RSE : entre gouvernance locale et gouvernance d'entreprise, Publications de l'Universit\u00e9 de Lille."},{"key":"e_1_3_2_1_17_1","doi-asserted-by":"publisher","DOI":"10.1177\/0007650315570701"},{"key":"e_1_3_2_1_18_1","doi-asserted-by":"publisher","DOI":"10.3917\/edd.293.0005"},{"key":"e_1_3_2_1_19_1","volume-title":"London).","author":"Carney M.","year":"2015","unstructured":"Carney , M. ( 2015 ). Breaking the tragedy of the horizon: Climate change and financial stability (Speech at Lloyd's of London , London). Retrieved from https:\/\/www.bis.org\/review\/r151009a.pdf Carney, M. (2015). Breaking the tragedy of the horizon: Climate change and financial stability (Speech at Lloyd's of London, London). Retrieved from https:\/\/www.bis.org\/review\/r151009a.pdf"},{"key":"e_1_3_2_1_20_1","doi-asserted-by":"publisher","DOI":"10.1017\/9781108120586"},{"key":"e_1_3_2_1_21_1","first-page":"165","volume-title":"Dans Management & Avenir 2013\/5 (N\u00b0 63)","author":"Andr\u00e9 Boyer","unstructured":"Andr\u00e9 Boyer , Gouvernance d'entreprise et responsabilit\u00e9 sociale au Maroc : l'\u00e9volution de l'OCP , Dans Management & Avenir 2013\/5 (N\u00b0 63) , pages 165 \u00e0 186. Andr\u00e9 Boyer, Gouvernance d'entreprise et responsabilit\u00e9 sociale au Maroc : l'\u00e9volution de l'OCP, Dans Management & Avenir 2013\/5 (N\u00b0 63), pages 165 \u00e0 186."},{"key":"e_1_3_2_1_22_1","volume-title":"Septembre","author":"Dreyfus","year":"1998","unstructured":"G. Dreyfus , les r\u00e9seaux de neurones, m\u00e9canique industrielle et mat\u00e9riaux, n\u00b051 , Septembre 1998 . G. Dreyfus, les r\u00e9seaux de neurones, m\u00e9canique industrielle et mat\u00e9riaux, n\u00b051, Septembre 1998."},{"key":"e_1_3_2_1_23_1","volume-title":"Cr\u00e9ation de valeur et management de l'entreprise","author":"Hoarau C.","year":"2001","unstructured":"Hoarau C. et Teller Robert , Cr\u00e9ation de valeur et management de l'entreprise , Paris , Vuibert , 2001 .P 124. Hoarau C. et Teller Robert, Cr\u00e9ation de valeur et management de l'entreprise, Paris, Vuibert, 2001.P 124."},{"key":"e_1_3_2_1_24_1","doi-asserted-by":"publisher","DOI":"10.1111\/j.1468-0335.1937.tb00002.x"},{"key":"e_1_3_2_1_25_1","first-page":"600","volume-title":"American Economic Review","volume":"70","author":"Aoki M., A","year":"1980","unstructured":"Aoki M., A Model of the Firm as a Stakeholder-Employee co-operative game , American Economic Review , vol. 70 , 4, 1980 , p. 600 -- 610 . Aoki M., A Model of the Firm as a Stakeholder-Employee co-operative game, American Economic Review, vol. 70, 4, 1980, p. 600--610."},{"key":"e_1_3_2_1_26_1","volume-title":"Proceedings of 157th ISERD International Conference","author":"Riad L.","year":"2019","unstructured":"O. Riad , L. Boukaya , S. Saoud and Kh. Azami Hassani . Proceedings of 157th ISERD International Conference , Madrid, Spain, 22- -23 April 2019 . O. Riad, L. Boukaya, S. Saoud and Kh. Azami Hassani. Proceedings of 157th ISERD International Conference, Madrid, Spain, 22--23 April 2019."}],"event":{"name":"SCA2019: The Fourth International Conference on Smart City Applications","acronym":"SCA2019","location":"Casablanca Morocco"},"container-title":["Proceedings of the 4th International Conference on Smart City Applications"],"original-title":[],"link":[{"URL":"https:\/\/dl.acm.org\/doi\/10.1145\/3368756.3368982","content-type":"unspecified","content-version":"vor","intended-application":"text-mining"},{"URL":"https:\/\/dl.acm.org\/doi\/pdf\/10.1145\/3368756.3368982","content-type":"unspecified","content-version":"vor","intended-application":"similarity-checking"}],"deposited":{"date-parts":[[2025,6,17]],"date-time":"2025-06-17T23:23:27Z","timestamp":1750202607000},"score":1,"resource":{"primary":{"URL":"https:\/\/dl.acm.org\/doi\/10.1145\/3368756.3368982"}},"subtitle":["the case of Moroccan companies"],"short-title":[],"issued":{"date-parts":[[2019,10,2]]},"references-count":26,"alternative-id":["10.1145\/3368756.3368982","10.1145\/3368756"],"URL":"https:\/\/doi.org\/10.1145\/3368756.3368982","relation":{},"subject":[],"published":{"date-parts":[[2019,10,2]]},"assertion":[{"value":"2019-10-02","order":2,"name":"published","label":"Published","group":{"name":"publication_history","label":"Publication History"}}]}}