{"status":"ok","message-type":"work","message-version":"1.0.0","message":{"indexed":{"date-parts":[[2026,3,3]],"date-time":"2026-03-03T01:51:23Z","timestamp":1772502683661,"version":"3.50.1"},"publisher-location":"New York, NY, USA","reference-count":113,"publisher":"ACM","license":[{"start":{"date-parts":[[2020,10,26]],"date-time":"2020-10-26T00:00:00Z","timestamp":1603670400000},"content-version":"vor","delay-in-days":0,"URL":"https:\/\/www.acm.org\/publications\/policies\/copyright_policy#Background"}],"funder":[{"name":"U.S. Admin. for Community Living, NIDILRR, Dept. of Health & Human Services","award":["90REGE0008"],"award-info":[{"award-number":["90REGE0008"]}]}],"content-domain":{"domain":["dl.acm.org"],"crossmark-restriction":true},"short-container-title":[],"published-print":{"date-parts":[[2020,10,26]]},"DOI":"10.1145\/3373625.3417000","type":"proceedings-article","created":{"date-parts":[[2020,10,30]],"date-time":"2020-10-30T00:58:07Z","timestamp":1604019487000},"page":"1-12","update-policy":"https:\/\/doi.org\/10.1145\/crossmark-policy","source":"Crossref","is-referenced-by-count":30,"title":["The Role of Sensory Changes in Everyday Technology use by People with Mild to Moderate Dementia"],"prefix":"10.1145","author":[{"given":"Emma","family":"Dixon","sequence":"first","affiliation":[{"name":"College of Information Studies University of Maryland, USA"}]},{"given":"Amanda","family":"Lazar","sequence":"additional","affiliation":[{"name":"College of Information Studies University of Maryland, United States"}]}],"member":"320","published-online":{"date-parts":[[2020,10,29]]},"reference":[{"key":"e_1_3_2_1_1_1","volume-title":"Younger\/Early-Onset Alzheimer\u2019s. Alzheimer\u2019s Disease and Dementia. Retrieved","year":"2020","unstructured":"[1.] 2020 Alzheimer\u2019s Association. Younger\/Early-Onset Alzheimer\u2019s. Alzheimer\u2019s Disease and Dementia. Retrieved March 16, 2020 from https:\/\/alz.org\/alzheimers-dementia\/what-is-alzheimers\/younger-early-onset"},{"key":"e_1_3_2_1_2_1","doi-asserted-by":"publisher","unstructured":"[2.] Norman Alm Richard F. Dye Arlene Astell Maggie Ellis Gary Gowans and Jim Campbell. 2005. Making software accessible to people with severe memory deficits. https:\/\/doi.org\/10.14236\/ewic\/AD2005.16","DOI":"10.14236\/ewic"},{"key":"e_1_3_2_1_3_1","doi-asserted-by":"publisher","DOI":"10.12998\/wjcc.v2.i11.661"},{"key":"e_1_3_2_1_4_1","doi-asserted-by":"publisher","DOI":"10.1145\/3170427.3188693"},{"key":"e_1_3_2_1_5_1","unstructured":"[5.] Alzheimer\u2019s Association. 2019.2019 Alzheimer\u2019s Disease Facts and Figures."},{"key":"e_1_3_2_1_6_1","doi-asserted-by":"publisher","DOI":"10.1007\/978-3-642-39194-1_50"},{"key":"e_1_3_2_1_7_1","doi-asserted-by":"publisher","unstructured":"[7.] Cathrine Arntzen Torhild Holthe and Rita Jentoft. 2016. Tracing the successful incorporation of assistive technology into everyday life for younger people with dementia and family carers. Dementia (London England)15 4: 646\u2013662. https:\/\/doi.org\/10.1177\/1471301214532263","DOI":"10.1177\/1471301214532263"},{"key":"e_1_3_2_1_8_1","doi-asserted-by":"publisher","DOI":"10.1007\/s11042-018-7089-8"},{"key":"e_1_3_2_1_9_1","doi-asserted-by":"publisher","DOI":"10.1192\/apt.bp.110.008342"},{"key":"e_1_3_2_1_10_1","doi-asserted-by":"publisher","DOI":"10.1017\/S0144686X10000693"},{"key":"e_1_3_2_1_11_1","doi-asserted-by":"publisher","DOI":"10.1145\/3234695.3236348"},{"key":"e_1_3_2_1_12_1","doi-asserted-by":"publisher","DOI":"10.1145\/2702613.2732918"},{"key":"e_1_3_2_1_13_1","doi-asserted-by":"publisher","unstructured":"[13.] Megan Witte Bewernitz William C. Mann Patricia Dasler and Patr\u00edcia Belchior. 2009. Feasibility of machine-based prompting to assist persons with dementia. Assistive technology: the official journal of RESNA 21 4: 196\u2013207. https:\/\/doi.org\/10.1080\/10400430903246050","DOI":"10.1080\/10400430903246050"},{"key":"e_1_3_2_1_14_1","doi-asserted-by":"publisher","DOI":"10.1177\/153331759901400103"},{"key":"e_1_3_2_1_15_1","doi-asserted-by":"publisher","DOI":"10.1145\/3027063.3049266"},{"key":"e_1_3_2_1_16_1","doi-asserted-by":"publisher","DOI":"10.1145\/1414471.1414549"},{"key":"e_1_3_2_1_17_1","doi-asserted-by":"publisher","DOI":"10.1177\/2397172X18802501"},{"key":"e_1_3_2_1_18_1","volume-title":"Constructing Grounded Theory: A practical guide through qualitative analysis.SAGE","author":"Charmaz Kathy","unstructured":"[18.] Kathy Charmaz. 2014. Constructing Grounded Theory: A practical guide through qualitative analysis.SAGE, London."},{"key":"e_1_3_2_1_19_1","doi-asserted-by":"publisher","DOI":"10.1192\/apt.bp.112.011023"},{"key":"e_1_3_2_1_20_1","doi-asserted-by":"publisher","DOI":"10.1145\/2479787.2479808"},{"key":"e_1_3_2_1_21_1","doi-asserted-by":"crossref","unstructured":"[21.] Jiska Cohen-Mansfield Marcia S Marx Maha Dakheel-Ali Natalie G. Regier and Khin Thein. 2010. Can Persons With Dementia Be Engaged With Stimuli? The American journal of geriatric psychiatry: official journal of the American Association for Geriatric Psychiatry 18 4: 351\u2013362.","DOI":"10.1097\/JGP.0b013e3181c531fd"},{"key":"e_1_3_2_1_22_1","doi-asserted-by":"publisher","DOI":"10.1177\/1533317512473194"},{"key":"e_1_3_2_1_23_1","doi-asserted-by":"publisher","DOI":"10.1370\/afm.1426"},{"key":"e_1_3_2_1_24_1","doi-asserted-by":"publisher","DOI":"10.1109\/MC.2004.1297237"},{"key":"e_1_3_2_1_25_1","doi-asserted-by":"publisher","DOI":"10.1145\/3313831.3376432"},{"key":"e_1_3_2_1_26_1","doi-asserted-by":"publisher","DOI":"10.1145\/3167918.3167935"},{"key":"e_1_3_2_1_27_1","volume-title":"Where the Action is: The Foundation of Embodied Interaction","author":"Dourish Paul","unstructured":"[27.] Paul Dourish. 2001. Where the Action is: The Foundation of Embodied Interaction. MIT Press."},{"key":"e_1_3_2_1_28_1","first-page":"M2","article-title":"Using Culturally Informed Strategies to Enhance Recruitment of African Americans in Dementia Research: A Nurse Researcher\u2019s Experience","volume":"11","author":"Epps Fayron Recha","year":"2015","unstructured":"[28.] Fayron Recha Epps, Lisa Skemp, and Janet Specht. 2015. Using Culturally Informed Strategies to Enhance Recruitment of African Americans in Dementia Research: A Nurse Researcher\u2019s Experience. Journal of Research Practice 11, 1: M2\u2013M2.","journal-title":"Journal of Research Practice"},{"key":"e_1_3_2_1_29_1","doi-asserted-by":"publisher","DOI":"10.1145\/2541016.2541088"},{"key":"e_1_3_2_1_30_1","doi-asserted-by":"publisher","DOI":"10.1145\/3322276.3322331"},{"key":"e_1_3_2_1_31_1","doi-asserted-by":"publisher","DOI":"10.1145\/3202667.3202674"},{"key":"e_1_3_2_1_32_1","doi-asserted-by":"publisher","DOI":"10.1145\/3290605.3300634"},{"key":"e_1_3_2_1_33_1","volume-title":"HCI and design in the context of dementia","author":"Frohlich David M.","unstructured":"[33.] David M. Frohlich, Emily Corrigan-Kavanagh, Sarah Campbell, Theti Chrysanthaki, Paula Castro, Isabela Zaine, and Maria da Gra\u00e7a Campos Pimentel. 2020. Assistive media for wellbeing. In HCI and design in the context of dementia. Springer, Chapter 12."},{"key":"e_1_3_2_1_34_1","doi-asserted-by":"publisher","DOI":"10.1145\/1978942.1979198"},{"key":"e_1_3_2_1_35_1","doi-asserted-by":"publisher","DOI":"10.1186\/s12877-015-0091-3"},{"key":"e_1_3_2_1_36_1","doi-asserted-by":"publisher","DOI":"10.1017\/S0144686X18000661"},{"key":"e_1_3_2_1_37_1","doi-asserted-by":"publisher","DOI":"10.1177\/1471301214532643"},{"key":"e_1_3_2_1_38_1","doi-asserted-by":"publisher","unstructured":"[38.] Gary Gowans Jim Campbell Norm Alm Richard Dye Arlene Astell and Maggie Ellis. 2004. Designing a multimedia conversation aid for reminiscence therapy in dementia care environments. In CHI \u201904 Extended Abstracts on Human Factors in Computing Systems (CHI EA \u201904) 825\u2013836. https:\/\/doi.org\/10.1145\/985921.985943","DOI":"10.1145\/985921.985943"},{"key":"e_1_3_2_1_39_1","doi-asserted-by":"publisher","DOI":"10.1145\/3173574.3174088"},{"key":"e_1_3_2_1_40_1","doi-asserted-by":"publisher","DOI":"10.1145\/3290605.3300653"},{"key":"e_1_3_2_1_41_1","doi-asserted-by":"publisher","DOI":"10.1145\/2513383.2513434"},{"key":"e_1_3_2_1_42_1","doi-asserted-by":"publisher","DOI":"10.1145\/3322276.3322287"},{"key":"e_1_3_2_1_43_1","volume-title":"Talking Sense: Living with Sensory Changes and Dementia. Hammond Care","author":"Houston Agnes","year":"2019","unstructured":"[43.] Agnes Houston and Julie Christie. 2019. Talking Sense: Living with Sensory Changes and Dementia. Hammond Care, Sydney, Australia."},{"key":"e_1_3_2_1_44_1","doi-asserted-by":"publisher","DOI":"10.1145\/3294109.3295632"},{"key":"e_1_3_2_1_45_1","doi-asserted-by":"publisher","DOI":"10.5220\/0005758801910201"},{"key":"e_1_3_2_1_46_1","doi-asserted-by":"publisher","DOI":"10.1145\/2093698.2093737"},{"key":"e_1_3_2_1_47_1","doi-asserted-by":"publisher","DOI":"10.1080\/24735132.2017.1296274"},{"key":"e_1_3_2_1_48_1","doi-asserted-by":"publisher","DOI":"10.1177\/2055207618822942"},{"key":"e_1_3_2_1_49_1","doi-asserted-by":"publisher","DOI":"10.3390\/technologies6040104"},{"key":"e_1_3_2_1_50_1","doi-asserted-by":"publisher","DOI":"10.1007\/978-1-84882-551-2_4"},{"key":"e_1_3_2_1_51_1","doi-asserted-by":"publisher","DOI":"10.1145\/2901790.2901854"},{"key":"e_1_3_2_1_52_1","doi-asserted-by":"publisher","DOI":"10.1145\/3025453.3025586"},{"key":"e_1_3_2_1_53_1","doi-asserted-by":"publisher","DOI":"10.1145\/3025453.3025522"},{"key":"e_1_3_2_1_54_1","doi-asserted-by":"publisher","DOI":"10.1111\/scs.12484"},{"key":"e_1_3_2_1_55_1","doi-asserted-by":"publisher","DOI":"10.1145\/2207676.2207749"},{"key":"e_1_3_2_1_56_1","doi-asserted-by":"publisher","unstructured":"[56.] Klara Lorenz Paul P Freddolino Adelina Comas-Herrera Martin Knapp and Jacqueline Damant. 2017. Technology-based tools and services for people with dementia and carers: Mapping technology onto the dementia care pathway. Dementia: 147130121769161. https:\/\/doi.org\/10.1177\/1471301217691617","DOI":"10.1177\/1471301217691617"},{"key":"e_1_3_2_1_57_1","doi-asserted-by":"publisher","DOI":"10.1145\/2968219.2971434"},{"key":"e_1_3_2_1_58_1","volume-title":"An exploratory study into the use of an emotionally aware cognitive assistant","author":"Malhotra Aarti","unstructured":"[58.] Aarti Malhotra, Lifei Yu, Tobias Schroder, and Jesse Hoey. 2015. An exploratory study into the use of an emotionally aware cognitive assistant. Association for the Advancement of Artificial Intelligence: 6."},{"key":"e_1_3_2_1_59_1","volume-title":"MapHabit: Visualize Your Day. MapHabit. Retrieved","author":"TM.","year":"2020","unstructured":"[59.] MapHabitTM. 2019. MapHabit: Visualize Your Day. MapHabit. Retrieved April 3, 2020 from https:\/\/www.maphabit.com\/product\/"},{"key":"e_1_3_2_1_60_1","doi-asserted-by":"publisher","DOI":"10.3928\/00989134-20150325-01"},{"key":"e_1_3_2_1_61_1","doi-asserted-by":"publisher","DOI":"10.2196\/rehab.6376"},{"key":"e_1_3_2_1_62_1","doi-asserted-by":"publisher","DOI":"10.1145\/3290605.3300573"},{"key":"e_1_3_2_1_63_1","doi-asserted-by":"publisher","unstructured":"[63.] Alex Mihailidis Jennifer Boger Marcelle Canido and Jesse Hoey. 2007. The use of an intelligent prompting system for people with dementia. interactions 14 4: 34. https:\/\/doi.org\/10.1145\/1273961.1273982","DOI":"10.1145\/1273961.1273982"},{"key":"e_1_3_2_1_64_1","doi-asserted-by":"publisher","DOI":"10.1007\/978-3-540-28637-0_61"},{"key":"e_1_3_2_1_65_1","doi-asserted-by":"publisher","DOI":"10.1145\/2757226.2757228"},{"key":"e_1_3_2_1_66_1","doi-asserted-by":"publisher","DOI":"10.1145\/2901790.2901798"},{"key":"e_1_3_2_1_67_1","doi-asserted-by":"publisher","DOI":"10.1145\/1962300.1962306"},{"key":"e_1_3_2_1_68_1","doi-asserted-by":"publisher","DOI":"10.1111\/j.1741-6612.2010.00439.x"},{"key":"e_1_3_2_1_69_1","volume-title":"US. Retrieved","author":".] National Institute of Health.","year":"2002","unstructured":"[69.] National Institute of Health. 2002. Home Safety for People with Alzheimer\u2019s Disease. US. Retrieved January 28, 2020 from https:\/\/www.nia.nih.gov\/health\/home-safety-and-alzheimers-disease"},{"key":"e_1_3_2_1_70_1","volume-title":"Home Safety and Alzheimer\u2019s Disease","author":".] National Institute of Health. 2017.","year":"2020","unstructured":"[70.] National Institute of Health. 2017. Home Safety and Alzheimer\u2019s Disease. National Institute on Aging. Retrieved April 4, 2020 from https:\/\/www.nia.nih.gov\/health\/home-safety-and-alzheimers-disease"},{"key":"e_1_3_2_1_71_1","doi-asserted-by":"publisher","DOI":"10.1109\/IEMBS.2008.4649270"},{"key":"e_1_3_2_1_72_1","doi-asserted-by":"publisher","DOI":"10.1177\/1471301208096631"},{"key":"e_1_3_2_1_73_1","doi-asserted-by":"publisher","unstructured":"[73.] Louise Nyg\u00e5rd and S Starkhammar. 2007. The use of everyday technology by people with dementia living alone: Mapping out the difficulties. Aging & mental health 11: 144\u201355. https:\/\/doi.org\/10.1080\/13607860600844168","DOI":"10.1080\/13607860600844168"},{"key":"e_1_3_2_1_74_1","doi-asserted-by":"publisher","DOI":"10.1145\/1579114.1579161"},{"key":"e_1_3_2_1_75_1","doi-asserted-by":"publisher","DOI":"10.1145\/2858036.2858260"},{"key":"e_1_3_2_1_76_1","doi-asserted-by":"publisher","DOI":"10.1145\/3338286.3344390"},{"key":"e_1_3_2_1_77_1","doi-asserted-by":"publisher","DOI":"10.3233\/TAD-130393"},{"key":"e_1_3_2_1_78_1","doi-asserted-by":"publisher","DOI":"10.1016\/j.chb.2008.08.014"},{"key":"e_1_3_2_1_79_1","doi-asserted-by":"publisher","DOI":"10.3928\/00989134-20090331-01"},{"key":"e_1_3_2_1_80_1","doi-asserted-by":"publisher","DOI":"10.1017\/S1041610209008448"},{"key":"e_1_3_2_1_81_1","doi-asserted-by":"publisher","DOI":"10.1017\/S1041610209990147"},{"key":"e_1_3_2_1_82_1","doi-asserted-by":"publisher","unstructured":"[82.] Henri\u00ebtte G. Van der Roest Jennifer Wenborn Channah Pastink Rose-Marie Dr\u00f6es and Martin Orrell. 2017. Assistive technology for memory support in dementia. Cochrane Database of Systematic Reviews 6. https:\/\/doi.org\/10.1002\/14651858.CD009627.pub2","DOI":"10.1002\/14651858.CD009627.pub2"},{"key":"e_1_3_2_1_83_1","doi-asserted-by":"publisher","unstructured":"[83.] Alba S\u00e1nchez Jos\u00e9 C. Mill\u00e1n-Calenti Laura Lorenzo-L\u00f3pez and Ana Maseda. 2013. Multisensory Stimulation for People With Dementia: A Review of the Literature. American Journal of Alzheimer\u2019s Disease & Other Dementias\u00ae 28 1: 7\u201314. https:\/\/doi.org\/10.1177\/1533317512466693","DOI":"10.1177\/1533317512466693"},{"key":"e_1_3_2_1_84_1","doi-asserted-by":"publisher","DOI":"10.1145\/2141622.2141679"},{"key":"e_1_3_2_1_85_1","doi-asserted-by":"publisher","DOI":"10.1145\/3132525.3132557"},{"key":"e_1_3_2_1_86_1","doi-asserted-by":"publisher","DOI":"10.1080\/13607860310001613275"},{"key":"e_1_3_2_1_87_1","doi-asserted-by":"publisher","DOI":"10.1145\/2556288.2557035"},{"key":"e_1_3_2_1_88_1","doi-asserted-by":"publisher","unstructured":"[88.] Karin Slegers Andrea Wilkinson and Niels Hendriks. 2013. Active collaboration in healthcare design: participatory design to develop a dementia care app. In CHI \u201913 Extended Abstracts on Human Factors in Computing Systems (CHI EA \u201913) 475\u2013480. https:\/\/doi.org\/10.1145\/2468356.2468440","DOI":"10.1145\/2468356.2468440"},{"key":"e_1_3_2_1_89_1","volume-title":"Retrieved","author":"Environments Multi-Sensory","year":"2020","unstructured":"[89.] Snoezelen\u00aeMulti-Sensory Environments. 2020. Room & Space Design | Snoezelen Multi-Sensory Environments. Retrieved April 24, 2020 from https:\/\/www.snoezelen.info\/room-designs\/"},{"key":"e_1_3_2_1_90_1","doi-asserted-by":"publisher","DOI":"10.1016\/j.arr.2013.01.002"},{"key":"e_1_3_2_1_91_1","doi-asserted-by":"publisher","DOI":"10.1145\/3290605.3300875"},{"key":"e_1_3_2_1_92_1","doi-asserted-by":"publisher","DOI":"10.1111\/jocn.13169"},{"key":"e_1_3_2_1_93_1","doi-asserted-by":"publisher","DOI":"10.1177\/1471301214548143"},{"key":"e_1_3_2_1_94_1","doi-asserted-by":"publisher","DOI":"10.1177\/1471301214548136"},{"key":"e_1_3_2_1_95_1","unstructured":"[95.] UC Davis Alzheimer\u2019s Disease Center. 2002. Policy and Procedures for Assessing Capacity To Consent for Research. Retrieved from https:\/\/health.ucdavis.edu\/clinicaltrials\/StudyTools\/Documents\/ResearchCapacityPolicy7=02.pdf"},{"key":"e_1_3_2_1_96_1","doi-asserted-by":"publisher","DOI":"10.1145\/3056540.3064949"},{"key":"e_1_3_2_1_97_1","doi-asserted-by":"publisher","DOI":"10.1145\/3148330.3152700"},{"key":"e_1_3_2_1_98_1","volume-title":"Wood","author":"Vanderheiden Gregg","year":"2020","unstructured":"[98.] Gregg Vanderheiden, Jonathan Lazar, J. Bern Jordan, Yao Ding, and Rachel E. Wood. 2020. Morphic: Auto-Personalization on a Global Scale."},{"key":"e_1_3_2_1_99_1","doi-asserted-by":"publisher","DOI":"10.1177\/1071181312561193"},{"key":"e_1_3_2_1_100_1","doi-asserted-by":"publisher","DOI":"10.1111\/jocn.12166"},{"key":"e_1_3_2_1_101_1","doi-asserted-by":"publisher","DOI":"10.1002\/gps.3924"},{"key":"e_1_3_2_1_102_1","volume-title":"Retrieved","author":".] W3C- Cognitive Accessibility Task Force","year":"2014","unstructured":"[102.] W3C- Cognitive Accessibility Task Force. 2014. Gap Analysis\/Aging and Dementia. Retrieved April 28, 2020 from https:\/\/www.w3.org\/WAI\/GL\/task-forces\/coga\/wiki\/Gap_Analysis\/Aging_and_Dementia"},{"key":"e_1_3_2_1_103_1","doi-asserted-by":"publisher","DOI":"10.1145\/2470654.2466473"},{"key":"e_1_3_2_1_104_1","doi-asserted-by":"publisher","DOI":"10.1145\/2207676.2208654"},{"key":"e_1_3_2_1_105_1","volume-title":"Proceedings of the 2013 CHI Conference on Human Factors in Computing Systems - CHI \u201913","author":"Wallace Jayne","year":"2013","unstructured":"[105.] Jayne Wallace, Peter C Wright, John McCarthy, David Philip Green, James Thomas, and Patrick Olivier. 2013. A design-led inquiry into personhood in dementia. In Proceedings of the 2013 CHI Conference on Human Factors in Computing Systems - CHI \u201913, 10."},{"key":"e_1_3_2_1_106_1","doi-asserted-by":"publisher","DOI":"10.1007\/978-1-84882-551-2_11"},{"key":"e_1_3_2_1_107_1","doi-asserted-by":"publisher","DOI":"10.1145\/2963095"},{"key":"e_1_3_2_1_108_1","doi-asserted-by":"publisher","DOI":"10.1145\/2556288.2557307"},{"key":"e_1_3_2_1_109_1","doi-asserted-by":"publisher","DOI":"10.1145\/3173574.3173949"},{"key":"e_1_3_2_1_110_1","volume-title":"World Health Organization. Retrieved","author":".] World Health Organization","year":"2020","unstructured":"[110.] World Health Organization. 2019. Dementia. World Health Organization. Retrieved April 2, 2020 from https:\/\/www.who.int\/news-room\/fact-sheets\/detail\/dementia"},{"key":"e_1_3_2_1_111_1","volume-title":"Retrieved","author":".] World Health Organization and Alzheimer\u2019s Disease International.","year":"2012","unstructured":"[111.] World Health Organization and Alzheimer\u2019s Disease International. 2012. WHO | Dementia: a public health priority. Retrieved January 28, 2020 from http:\/\/www.who.int\/mental_health\/publications\/dementia_report_2012\/en\/"},{"key":"e_1_3_2_1_112_1","doi-asserted-by":"publisher","DOI":"10.1145\/3279963.3279971"},{"key":"e_1_3_2_1_113_1","doi-asserted-by":"publisher","DOI":"10.1145\/3386410.3386412"}],"event":{"name":"ASSETS '20: The 22nd International ACM SIGACCESS Conference on Computers and Accessibility","location":"Virtual Event Greece","acronym":"ASSETS '20","sponsor":["SIGACCESS ACM Special Interest Group on Accessible Computing"]},"container-title":["Proceedings of the 22nd International ACM SIGACCESS Conference on Computers and Accessibility"],"original-title":[],"link":[{"URL":"https:\/\/dl.acm.org\/doi\/10.1145\/3373625.3417000","content-type":"unspecified","content-version":"vor","intended-application":"text-mining"},{"URL":"https:\/\/dl.acm.org\/doi\/pdf\/10.1145\/3373625.3417000","content-type":"unspecified","content-version":"vor","intended-application":"similarity-checking"}],"deposited":{"date-parts":[[2025,6,17]],"date-time":"2025-06-17T23:44:22Z","timestamp":1750203862000},"score":1,"resource":{"primary":{"URL":"https:\/\/dl.acm.org\/doi\/10.1145\/3373625.3417000"}},"subtitle":[],"short-title":[],"issued":{"date-parts":[[2020,10,26]]},"references-count":113,"alternative-id":["10.1145\/3373625.3417000","10.1145\/3373625"],"URL":"https:\/\/doi.org\/10.1145\/3373625.3417000","relation":{},"subject":[],"published":{"date-parts":[[2020,10,26]]},"assertion":[{"value":"2020-10-29","order":2,"name":"published","label":"Published","group":{"name":"publication_history","label":"Publication History"}}]}}