{"status":"ok","message-type":"work","message-version":"1.0.0","message":{"indexed":{"date-parts":[[2026,3,10]],"date-time":"2026-03-10T15:32:51Z","timestamp":1773156771170,"version":"3.50.1"},"publisher-location":"New York, NY, USA","reference-count":7,"publisher":"ACM","license":[{"start":{"date-parts":[[2020,6,15]],"date-time":"2020-06-15T00:00:00Z","timestamp":1592179200000},"content-version":"vor","delay-in-days":0,"URL":"https:\/\/www.acm.org\/publications\/policies\/copyright_policy#Background"}],"content-domain":{"domain":["dl.acm.org"],"crossmark-restriction":true},"short-container-title":[],"published-print":{"date-parts":[[2020,6,15]]},"DOI":"10.1145\/3384772.3385130","type":"proceedings-article","created":{"date-parts":[[2020,6,18]],"date-time":"2020-06-18T20:59:10Z","timestamp":1592513950000},"page":"100-103","update-policy":"https:\/\/doi.org\/10.1145\/crossmark-policy","source":"Crossref","is-referenced-by-count":1,"title":["Cultural landscape memory artifacts visibilization, a codesign strategy"],"prefix":"10.1145","author":[{"given":"Felix","family":"Augusto Cardona Olaya","sequence":"first","affiliation":[{"name":"Visual design, Antonio Jose Camacho University, Santiago de Cali, Colombia"}],"role":[{"role":"author","vocabulary":"crossref"}]}],"member":"320","published-online":{"date-parts":[[2020,6,18]]},"reference":[{"key":"e_1_3_2_1_1_1","unstructured":"Cardona F\u00e9lix (2015) Dise\u00f1o de estrategias para apropiaci\u00f3n social del patrimonio cultural. Master thesis in Design and Interactive Creation. With meritorious mention. Caldas University. Unpublished  Cardona F\u00e9lix (2015) Dise\u00f1o de estrategias para apropiaci\u00f3n social del patrimonio cultural. Master thesis in Design and Interactive Creation. With meritorious mention. Caldas University. Unpublished"},{"key":"e_1_3_2_1_2_1","unstructured":"DANE. Departamento Administrativo Nacional de Estad\u00edstica. Censo Poblacional Colombia 2018. Available in https:\/\/www.dane.gov.co\/index.php\/estadisticas-por-tema\/demografia-y-poblacion. \/censo-nacional-de-poblacion-y-vivenda-2018\/informacion-tecnica. Consulted in January 2019  DANE. Departamento Administrativo Nacional de Estad\u00edstica. Censo Poblacional Colombia 2018. Available in https:\/\/www.dane.gov.co\/index.php\/estadisticas-por-tema\/demografia-y-poblacion. \/censo-nacional-de-poblacion-y-vivenda-2018\/informacion-tecnica. Consulted in January 2019"},{"key":"e_1_3_2_1_3_1","unstructured":"Escobar Arturo. (2016) Autonom\u00eda y Dise\u00f1o. La realizaci\u00f3n de lo comunal. Popay\u00e1n: Ed. University of Cauca  Escobar Arturo. (2016) Autonom\u00eda y Dise\u00f1o. La realizaci\u00f3n de lo comunal. Popay\u00e1n: Ed. University of Cauca"},{"key":"e_1_3_2_1_4_1","unstructured":"Frieri Sandra (Comp.). (2014). Manual of participatory tools for the identification documentation and management of the manifestations of the Intangible Cultural Heritage. Intangible Cultural Heritage Agreement from the local perspective. Bogot\u00e1: Ministry of Culture & Tropenbos International Colombia.  Frieri Sandra (Comp.). (2014). Manual of participatory tools for the identification documentation and management of the manifestations of the Intangible Cultural Heritage. Intangible Cultural Heritage Agreement from the local perspective. Bogot\u00e1: Ministry of Culture & Tropenbos International Colombia."},{"key":"e_1_3_2_1_5_1","volume-title":"KEPES Magazine Year 12 No. 11 January-June","author":"Gomez Adriana","year":"2015"},{"key":"e_1_3_2_1_6_1","doi-asserted-by":"crossref","unstructured":"Sanders Elizabeth B.-N.; Brandt Eva; Binder Thomas (2010). \u00abA framework for organizing the tools and techniques of participatory design\u00bb [en l\u00ednea]. PDC. http:\/\/dl.acm.org\/citation.cfm?id=1900476  Sanders Elizabeth B.-N.; Brandt Eva; Binder Thomas (2010). \u00abA framework for organizing the tools and techniques of participatory design\u00bb [en l\u00ednea]. PDC. http:\/\/dl.acm.org\/citation.cfm?id=1900476","DOI":"10.1145\/1900441.1900476"},{"key":"e_1_3_2_1_7_1","unstructured":"V\u00e1squez F\u00e9lix (2001) La memoria como acci\u00f3n social. Relaciones significados e imaginario. Barcelona. Ed. Paid\u00f3s  V\u00e1squez F\u00e9lix (2001) La memoria como acci\u00f3n social. Relaciones significados e imaginario. Barcelona. Ed. Paid\u00f3s"}],"event":{"name":"PDC '20: Participatory Design Conference 2020 - Participation Otherwise","location":"Manizales Colombia","acronym":"PDC '20"},"container-title":["Proceedings of the 16th Participatory Design Conference 2020 - Participation(s) Otherwise - Volume 2"],"original-title":[],"link":[{"URL":"https:\/\/dl.acm.org\/doi\/10.1145\/3384772.3385130","content-type":"unspecified","content-version":"vor","intended-application":"text-mining"},{"URL":"https:\/\/dl.acm.org\/doi\/pdf\/10.1145\/3384772.3385130","content-type":"unspecified","content-version":"vor","intended-application":"similarity-checking"}],"deposited":{"date-parts":[[2025,6,17]],"date-time":"2025-06-17T22:33:26Z","timestamp":1750199606000},"score":1,"resource":{"primary":{"URL":"https:\/\/dl.acm.org\/doi\/10.1145\/3384772.3385130"}},"subtitle":[],"short-title":[],"issued":{"date-parts":[[2020,6,15]]},"references-count":7,"alternative-id":["10.1145\/3384772.3385130","10.1145\/3384772"],"URL":"https:\/\/doi.org\/10.1145\/3384772.3385130","relation":{},"subject":[],"published":{"date-parts":[[2020,6,15]]},"assertion":[{"value":"2020-06-18","order":2,"name":"published","label":"Published","group":{"name":"publication_history","label":"Publication History"}}]}}