{"status":"ok","message-type":"work","message-version":"1.0.0","message":{"indexed":{"date-parts":[[2026,8,1]],"date-time":"2026-08-01T00:47:14Z","timestamp":1785545234050,"version":"3.56.0"},"publisher-location":"New York, NY, USA","reference-count":8,"publisher":"ACM","license":[{"start":{"date-parts":[[2020,6,15]],"date-time":"2020-06-15T00:00:00Z","timestamp":1592179200000},"content-version":"vor","delay-in-days":0,"URL":"https:\/\/www.acm.org\/publications\/policies\/copyright_policy#Background"}],"content-domain":{"domain":["dl.acm.org"],"crossmark-restriction":true},"short-container-title":[],"published-print":{"date-parts":[[2020,6,15]]},"DOI":"10.1145\/3384772.3385131","type":"proceedings-article","created":{"date-parts":[[2020,6,18]],"date-time":"2020-06-18T20:59:10Z","timestamp":1592513950000},"page":"1-4","update-policy":"https:\/\/doi.org\/10.1145\/crossmark-policy","source":"Crossref","is-referenced-by-count":6,"title":["Mi Fink app, a participative research-creation experience for afro-caucan territory protection in Colombia"],"prefix":"10.1145","author":[{"given":"Andr\u00e9s","family":"Eduardo Nieto","sequence":"first","affiliation":[{"name":"Pontificia Universidad Javeriana, Colombia"}],"role":[{"vocabulary":"crossref","role":"author"}]},{"given":"Isabel Cristina","family":"Tob\u00f3n Giraldo","sequence":"additional","affiliation":[{"name":"Pontificia Universidad Javeriana, Colombia"}],"role":[{"vocabulary":"crossref","role":"author"}]},{"given":"Carlos","family":"Torres Parra","sequence":"additional","affiliation":[{"name":"Pontificia Universidad Javeriana, Colombia"}],"role":[{"vocabulary":"crossref","role":"author"}]}],"member":"320","published-online":{"date-parts":[[2020,6,18]]},"reference":[{"key":"e_1_3_2_1_1_1","volume-title":"Rutas de libertad. 500 a\u00f1os de traves\u00eda","author":"Burgos Cantor R.","year":"2010","unstructured":"R. Burgos Cantor , Rutas de libertad. 500 a\u00f1os de traves\u00eda , Bogot\u00e1 : Universidad Javeriana , 2010 . R. Burgos Cantor, Rutas de libertad. 500 a\u00f1os de traves\u00eda, Bogot\u00e1: Universidad Javeriana, 2010."},{"key":"e_1_3_2_1_2_1","volume-title":"An\u00e1lisis del sistema competitivo del cluster bioindustrial del az\u00facar en el valle geogr\u00e1fico del r\u00edo Cauca: Desarrollo y retos.","author":"S. Y.","year":"2011","unstructured":"S. Y. A. a. G. V. Arango , An\u00e1lisis del sistema competitivo del cluster bioindustrial del az\u00facar en el valle geogr\u00e1fico del r\u00edo Cauca: Desarrollo y retos. , Cali : Pontificia Universidad Javeriana , 2011 . S. Y. A. a. G. V. Arango, An\u00e1lisis del sistema competitivo del cluster bioindustrial del az\u00facar en el valle geogr\u00e1fico del r\u00edo Cauca: Desarrollo y retos., Cali: Pontificia Universidad Javeriana, 2011."},{"key":"e_1_3_2_1_3_1","volume-title":"En la grieta: pr\u00e1ctica art\u00edstica en comunidad. Pontificia Universidad Javeriana. Bogot\u00e1","author":"Ferrari L.","year":"2014","unstructured":"L. Ferrari , En la grieta: pr\u00e1ctica art\u00edstica en comunidad. Pontificia Universidad Javeriana. Bogot\u00e1 ., Bogot\u00e1 : Pontificia Universidad Javeriana , 2014 . L. Ferrari, En la grieta: pr\u00e1ctica art\u00edstica en comunidad. Pontificia Universidad Javeriana. Bogot\u00e1., Bogot\u00e1: Pontificia Universidad Javeriana, 2014."},{"key":"e_1_3_2_1_4_1","volume-title":"El poder en movimiento. Los movimientos sociales, la acci\u00f3n colectiva y la pol\u00edtica","author":"Tarrow S.","year":"1994","unstructured":"S. Tarrow , El poder en movimiento. Los movimientos sociales, la acci\u00f3n colectiva y la pol\u00edtica ., Madrid : Alianza , 1994 . S. Tarrow, El poder en movimiento. Los movimientos sociales, la acci\u00f3n colectiva y la pol\u00edtica., Madrid: Alianza, 1994."},{"key":"e_1_3_2_1_5_1","volume":"201","author":"Kraff H.","unstructured":"H. Kraff , \u00ab A Critical Exploration of Agonistic Participatory Design, DOI: 10.1080\/14606925.2019.1684730,\u00bb The Design Journal , 201 9. 10.1080\/14606925.2019.1684730 H. Kraff, \u00abA Critical Exploration of Agonistic Participatory Design, DOI: 10.1080\/14606925.2019.1684730,\u00bb The Design Journal, 2019.","journal-title":"The Design Journal"},{"key":"e_1_3_2_1_6_1","volume-title":"Cuando Todos Dise\u00f1an. Una introducci\u00f3n al dise\u00f1o para la innovaci\u00f3n Social","author":"Manzini E.","year":"2015","unstructured":"E. Manzini , Cuando Todos Dise\u00f1an. Una introducci\u00f3n al dise\u00f1o para la innovaci\u00f3n Social , Madrid : Experimental , 2015 . E. Manzini, Cuando Todos Dise\u00f1an. Una introducci\u00f3n al dise\u00f1o para la innovaci\u00f3n Social, Madrid: Experimental, 2015."},{"key":"e_1_3_2_1_7_1","volume-title":"Participatory Culture in a Networked Era","author":"Jenkins H.","year":"2016","unstructured":"H. Jenkins , M. Ito y d. boyd , Participatory Culture in a Networked Era , Cambridge : Polity Press , 2016 . H. Jenkins, M. Ito y d. boyd, Participatory Culture in a Networked Era, Cambridge: Polity Press, 2016."},{"key":"e_1_3_2_1_8_1","first-page":"5","volume-title":"\u00abCo-creation and the new landscapes of design,\u00bb CoDesign","author":"Strappers E.","year":"2008","unstructured":"E. Sanders y P. Strappers , \u00abCo-creation and the new landscapes of design,\u00bb CoDesign , vol. 4 , n\u00ba 1, pp. 5 - 18 , 2008 . E. Sanders y P. Strappers, \u00abCo-creation and the new landscapes of design,\u00bb CoDesign, vol. 4, n\u00ba 1, pp. 5-18, 2008."}],"event":{"name":"PDC '20: Participatory Design Conference 2020 - Participation Otherwise","location":"Manizales Colombia","acronym":"PDC '20"},"container-title":["Proceedings of the 16th Participatory Design Conference 2020 - Participation(s) Otherwise - Volume 2"],"original-title":[],"link":[{"URL":"https:\/\/dl.acm.org\/doi\/10.1145\/3384772.3385131","content-type":"unspecified","content-version":"vor","intended-application":"text-mining"},{"URL":"https:\/\/dl.acm.org\/doi\/pdf\/10.1145\/3384772.3385131","content-type":"unspecified","content-version":"vor","intended-application":"similarity-checking"}],"deposited":{"date-parts":[[2025,6,17]],"date-time":"2025-06-17T22:33:26Z","timestamp":1750199606000},"score":1,"resource":{"primary":{"URL":"https:\/\/dl.acm.org\/doi\/10.1145\/3384772.3385131"}},"subtitle":[],"short-title":[],"issued":{"date-parts":[[2020,6,15]]},"references-count":8,"alternative-id":["10.1145\/3384772.3385131","10.1145\/3384772"],"URL":"https:\/\/doi.org\/10.1145\/3384772.3385131","relation":{},"subject":[],"published":{"date-parts":[[2020,6,15]]},"assertion":[{"value":"2020-06-18","order":2,"name":"published","label":"Published","group":{"name":"publication_history","label":"Publication History"}}]}}