{"status":"ok","message-type":"work","message-version":"1.0.0","message":{"indexed":{"date-parts":[[2025,11,19]],"date-time":"2025-11-19T06:36:49Z","timestamp":1763534209891,"version":"3.41.0"},"publisher-location":"New York, NY, USA","reference-count":44,"publisher":"ACM","license":[{"start":{"date-parts":[[2021,6,9]],"date-time":"2021-06-09T00:00:00Z","timestamp":1623196800000},"content-version":"vor","delay-in-days":0,"URL":"https:\/\/www.acm.org\/publications\/policies\/copyright_policy#Background"}],"content-domain":{"domain":["dl.acm.org"],"crossmark-restriction":true},"short-container-title":[],"published-print":{"date-parts":[[2021,6,9]]},"DOI":"10.1145\/3463677.3463700","type":"proceedings-article","created":{"date-parts":[[2021,6,9]],"date-time":"2021-06-09T23:28:31Z","timestamp":1623281311000},"page":"376-385","update-policy":"https:\/\/doi.org\/10.1145\/crossmark-policy","source":"Crossref","is-referenced-by-count":11,"title":["Teleworking in Times of COVID-19. Some Lessons for the Public Sector from the Emergent Implementation During the Pandemic Period"],"prefix":"10.1145","author":[{"given":"Rigoberto","family":"Garcia-Contreras","sequence":"first","affiliation":[{"name":"Universidad Autonoma del Estado de Mexico, Mexico"}]},{"given":"Patricia","family":"Munoz-Chavez","sequence":"additional","affiliation":[{"name":"Universidad Tecnologica de la Zona Metropolitana del Valle de Mexico, Mexico"}]},{"given":"David","family":"Valle-Cruz","sequence":"additional","affiliation":[{"name":"Universidad Autonoma del Estado de Mexico, Mexico"}]},{"given":"Edgar A.","family":"Ruvalcaba-Gomez","sequence":"additional","affiliation":[{"name":"Universidad de Guadalajara, Mexico"}]},{"given":"Jose Alberto","family":"Becerra-Santiago","sequence":"additional","affiliation":[{"name":"Universidad de Guadalajara, Mexico"}]}],"member":"320","published-online":{"date-parts":[[2021,6,9]]},"reference":[{"key":"e_1_3_2_1_1_1","volume-title":"Teleworking in the Context of the Covid-19 Crisis. Sustainability. 12, 9","author":"Belzunegui-Eraso A.","year":"2020","unstructured":"Belzunegui-Eraso , A. and Erro-Garc\u00e9s , A. 2020. Teleworking in the Context of the Covid-19 Crisis. Sustainability. 12, 9 ( 2020 ). DOI:https:\/\/doi.org\/10.3390\/su12093662. Belzunegui-Eraso, A. and Erro-Garc\u00e9s, A. 2020. Teleworking in the Context of the Covid-19 Crisis. Sustainability. 12, 9 (2020). DOI:https:\/\/doi.org\/10.3390\/su12093662."},{"key":"e_1_3_2_1_2_1","doi-asserted-by":"publisher","DOI":"10.1016\/j.apergo.2015.07.019"},{"volume-title":"Exchange and power in social life","author":"Blau P.M.","key":"e_1_3_2_1_3_1","unstructured":"Blau , P.M. 2017. Exchange and power in social life . Taylor and Francis . Blau, P.M. 2017. Exchange and power in social life. Taylor and Francis."},{"key":"e_1_3_2_1_4_1","doi-asserted-by":"publisher","DOI":"10.7790\/tja.v63i1.390"},{"key":"e_1_3_2_1_5_1","doi-asserted-by":"publisher","DOI":"10.1080\/14719037.2014.984625"},{"key":"e_1_3_2_1_6_1","volume-title":"de S","author":"Ceribeli H.B.","year":"2019","unstructured":"Ceribeli , H.B. and Rocha , G.B . de S . 2019 . Uma an\u00e1lise da rela\u00e7\u00e3o entre flexibiliza\u00e7\u00e3o do trabalho, exaust\u00e3o emocional e engajamento dos trabalhadores. Revista Ci\u00eancias Administrativas . 25, 1 (2019), 1\u201314. DOI:https:\/\/doi.org\/10.5020\/2318-0722.2019.7420. Ceribeli, H.B. and Rocha, G.B. de S. 2019. Uma an\u00e1lise da rela\u00e7\u00e3o entre flexibiliza\u00e7\u00e3o do trabalho, exaust\u00e3o emocional e engajamento dos trabalhadores. Revista Ci\u00eancias Administrativas. 25, 1 (2019), 1\u201314. DOI:https:\/\/doi.org\/10.5020\/2318-0722.2019.7420."},{"key":"e_1_3_2_1_7_1","doi-asserted-by":"publisher","DOI":"10.1037\/apl0000843"},{"key":"e_1_3_2_1_8_1","doi-asserted-by":"publisher","DOI":"10.1007\/s11205-018-2028-7"},{"key":"e_1_3_2_1_9_1","doi-asserted-by":"publisher","DOI":"10.1093\/qjmed\/hcaa110"},{"key":"e_1_3_2_1_10_1","doi-asserted-by":"publisher","DOI":"10.1177\/0091026013495731"},{"key":"e_1_3_2_1_11_1","volume-title":"DOI:https:\/\/doi.org\/10.3390\/su12156086","author":"Davidescu A.A.","year":"2020","unstructured":"Davidescu , A.A. 2020. Work Flexibility , Job Satisfaction, and Job Performance among Romanian Employees\u2014Implications for Sustainable Human Resource Management. Sustainability. 12, 15 ( 2020 ). DOI:https:\/\/doi.org\/10.3390\/su12156086 . Davidescu, A.A. 2020. Work Flexibility, Job Satisfaction, and Job Performance among Romanian Employees\u2014Implications for Sustainable Human Resource Management. Sustainability. 12, 15 (2020). DOI:https:\/\/doi.org\/10.3390\/su12156086."},{"key":"e_1_3_2_1_12_1","doi-asserted-by":"publisher","DOI":"10.1080\/1359432X.2020.1774557"},{"key":"e_1_3_2_1_13_1","first-page":"236","article-title":"10 a\u00f1os del programa FACTOR: Una revisi\u00f3n cr\u00edtica de sus or\u00edgenes, desarrollo y l\u00edneas futuras","volume":"29","author":"Ferrando P.J.","year":"2017","unstructured":"Ferrando , P.J. and Lorenzo-Seva , U. 2017 . 10 a\u00f1os del programa FACTOR: Una revisi\u00f3n cr\u00edtica de sus or\u00edgenes, desarrollo y l\u00edneas futuras . Psicothema. 29 , 2 (2017), 236 \u2013 240 . DOI:https:\/\/doi.org\/10.7334\/psicothema2016.304. Ferrando, P.J. and Lorenzo-Seva, U. 2017. 10 a\u00f1os del programa FACTOR: Una revisi\u00f3n cr\u00edtica de sus or\u00edgenes, desarrollo y l\u00edneas futuras. Psicothema. 29, 2 (2017), 236\u2013240. DOI:https:\/\/doi.org\/10.7334\/psicothema2016.304.","journal-title":"Psicothema."},{"key":"e_1_3_2_1_14_1","doi-asserted-by":"publisher","DOI":"10.1037\/0021-9010.92.6.1524"},{"volume-title":"Regression Analysis by Example","author":"Hadi S.C.A.S.","key":"e_1_3_2_1_15_1","unstructured":"Hadi , S.C.A.S. 2013. Regression Analysis by Example . John Wiley & Sons . Hadi, S.C.A.S. 2013. Regression Analysis by Example. John Wiley & Sons."},{"key":"e_1_3_2_1_16_1","first-page":"7","article-title":"Is telework effective for organizations","volume":"35","author":"Harker Martin B.","year":"2012","unstructured":"Harker Martin , B. and MacDonnell , R. 2012 . Is telework effective for organizations ? Management Research Review. 35 , 7 (Jan. 2012), 602\u2013616. DOI:https:\/\/doi.org\/10.1108\/01409171211238820. Harker Martin, B. and MacDonnell, R. 2012. Is telework effective for organizations? Management Research Review. 35, 7 (Jan. 2012), 602\u2013616. DOI:https:\/\/doi.org\/10.1108\/01409171211238820.","journal-title":"Management Research Review."},{"key":"e_1_3_2_1_17_1","unstructured":"Inuwa M. 2015. The Impact of Job Satisfaction Job Attitude and Equity on Employee Performance. The International Journal Of Business & Management (ISSN 2321 \u20138916). 3 (2015) 288\u2013293.  Inuwa M. 2015. The Impact of Job Satisfaction Job Attitude and Equity on Employee Performance. The International Journal Of Business & Management (ISSN 2321 \u20138916). 3 (2015) 288\u2013293."},{"key":"e_1_3_2_1_18_1","doi-asserted-by":"publisher","DOI":"10.1037\/apl0000181"},{"key":"e_1_3_2_1_19_1","volume-title":"In\u00a0Text of the workshop \u201cStructural equation modelling with LISREL 8.51\u201d,\u00a08, 116-119","author":"J\u00f6reskog K.G.","year":"2002","unstructured":"J\u00f6reskog , K.G. 2002 . Analysis of ordinal variables 5: Covariates . In\u00a0Text of the workshop \u201cStructural equation modelling with LISREL 8.51\u201d,\u00a08, 116-119 . Friedrich-Schiller-Universit\u00e4t Jena. J\u00f6reskog, K.G. 2002. Analysis of ordinal variables 5: Covariates. In\u00a0Text of the workshop \u201cStructural equation modelling with LISREL 8.51\u201d,\u00a08, 116-119. Friedrich-Schiller-Universit\u00e4t Jena."},{"key":"e_1_3_2_1_20_1","doi-asserted-by":"publisher","DOI":"10.5539\/ijbm.v11n5p146"},{"key":"e_1_3_2_1_21_1","doi-asserted-by":"publisher","DOI":"10.1016\/j.telpol.2019.101868"},{"key":"e_1_3_2_1_22_1","doi-asserted-by":"publisher","DOI":"10.1177\/0734371X18776049"},{"key":"e_1_3_2_1_23_1","doi-asserted-by":"publisher","DOI":"10.1080\/09585192.2017.1314315"},{"key":"e_1_3_2_1_24_1","unstructured":"Levine D.; Krehbiel T.; Berenson M. 2006. Estad\u00edstica para Administraci\u00f3n. Pearson Educaci\u00f3n.  Levine D.; Krehbiel T.; Berenson M. 2006. Estad\u00edstica para Administraci\u00f3n. Pearson Educaci\u00f3n."},{"key":"e_1_3_2_1_25_1","doi-asserted-by":"crossref","unstructured":"Mark C. Schall J. and Chen P. Evidence-Based Strategies for Improving Occupational Safety and Health Among Teleworkers During and After the Coronavirus Pandemic. Human Factors. 0 0 0018720820984583. DOI:https:\/\/doi.org\/10.1177\/0018720820984583.  Mark C. Schall J. and Chen P. Evidence-Based Strategies for Improving Occupational Safety and Health Among Teleworkers During and After the Coronavirus Pandemic. Human Factors. 0 0 0018720820984583. DOI:https:\/\/doi.org\/10.1177\/0018720820984583.","DOI":"10.1177\/0018720820984583"},{"key":"e_1_3_2_1_26_1","unstructured":"Mart\u00edn Q.; Cabrero M. T.; de Paz Y.R. 2008. Tratamiento estad\u00edstico de datos con SPSS.  Mart\u00edn Q.; Cabrero M. T.; de Paz Y.R. 2008. Tratamiento estad\u00edstico de datos con SPSS."},{"key":"e_1_3_2_1_27_1","unstructured":"Newbold P.; Carlson W. L.; Thorne B.M. 2008. Estad\u00edstica para administraci\u00f3n y econom\u00eda.  Newbold P.; Carlson W. L.; Thorne B.M. 2008. Estad\u00edstica para administraci\u00f3n y econom\u00eda."},{"key":"e_1_3_2_1_28_1","doi-asserted-by":"publisher","DOI":"10.1109\/TCOM.1975.1092687"},{"key":"e_1_3_2_1_29_1","volume-title":"O teletrabalho como indutor de aumentos de produtividade e da racionaliza\u00e7\u00e3o de custos: uma aplica\u00e7\u00e3o emp\u00edrica no Minist\u00e9rio da Justi\u00e7a e Seguran\u00e7a P\u00fablica. Revista do Servi\u00e7o P\u00fablico. 71, 2","author":"Nogueira Filho J.","year":"2020","unstructured":"Nogueira Filho , J. de A. 2020. O teletrabalho como indutor de aumentos de produtividade e da racionaliza\u00e7\u00e3o de custos: uma aplica\u00e7\u00e3o emp\u00edrica no Minist\u00e9rio da Justi\u00e7a e Seguran\u00e7a P\u00fablica. Revista do Servi\u00e7o P\u00fablico. 71, 2 ( 2020 ), 274\u2013296. DOI:https:\/\/doi.org\/10.21874\/rsp.v71i2.3173. Nogueira Filho, J. de A. 2020. O teletrabalho como indutor de aumentos de produtividade e da racionaliza\u00e7\u00e3o de custos: uma aplica\u00e7\u00e3o emp\u00edrica no Minist\u00e9rio da Justi\u00e7a e Seguran\u00e7a P\u00fablica. Revista do Servi\u00e7o P\u00fablico. 71, 2 (2020), 274\u2013296. DOI:https:\/\/doi.org\/10.21874\/rsp.v71i2.3173."},{"key":"e_1_3_2_1_30_1","unstructured":"Nunnally J. C.; Bernstein I.J. 1995. Teor\u00eda Psicom\u00e9trica. Mac Graw Hill.  Nunnally J. C.; Bernstein I.J. 1995. Teor\u00eda Psicom\u00e9trica. Mac Graw Hill."},{"key":"e_1_3_2_1_31_1","doi-asserted-by":"publisher","DOI":"10.1108\/IJPSM-06-2020-0150"},{"key":"e_1_3_2_1_32_1","unstructured":"P\u00e9rez C.; Sant\u00edn L. 2008. Miner\u00eda de Datos: T\u00e9cnicas y Herramientas. Thomson Ediciones Paraninfo.  P\u00e9rez C.; Sant\u00edn L. 2008. Miner\u00eda de Datos: T\u00e9cnicas y Herramientas. Thomson Ediciones Paraninfo."},{"key":"e_1_3_2_1_33_1","doi-asserted-by":"publisher","DOI":"10.1056\/NEJMp2008017"},{"key":"e_1_3_2_1_34_1","volume-title":"Modelos de ecuaciones estructurales. Papeles del Psic\u00f3logo. 31, 1","author":"Ru\u00edz M.","year":"2014","unstructured":"Ru\u00edz , M. 2014. Modelos de ecuaciones estructurales. Papeles del Psic\u00f3logo. 31, 1 ( 2014 ), 34\u201345. Ru\u00edz, M. 2014. Modelos de ecuaciones estructurales. Papeles del Psic\u00f3logo. 31, 1 (2014), 34\u201345."},{"key":"e_1_3_2_1_35_1","doi-asserted-by":"publisher","DOI":"10.1111\/puar.13246"},{"key":"e_1_3_2_1_36_1","doi-asserted-by":"publisher","DOI":"10.1108\/IntR-06-2015-0181"},{"key":"e_1_3_2_1_37_1","doi-asserted-by":"publisher","DOI":"10.1201\/1078\/44432.21.3.20040601\/82481.12"},{"key":"e_1_3_2_1_38_1","first-page":"1","article-title":"Birds of a Feather?: A Test of Cultural Homogeneity Among a Sample of Latin American Countries","volume":"7","author":"Varela O.E.","year":"2009","unstructured":"Varela , O.E. 2009 . Birds of a Feather?: A Test of Cultural Homogeneity Among a Sample of Latin American Countries . Management Research: Journal of the Iberoamerican Academy of Management. 7 , 1 (Jan. 2009), 49\u201359. DOI:https:\/\/doi.org\/10.2753\/JMR1536-5433070104. Varela, O.E. 2009. Birds of a Feather?: A Test of Cultural Homogeneity Among a Sample of Latin American Countries. Management Research: Journal of the Iberoamerican Academy of Management. 7, 1 (Jan. 2009), 49\u201359. DOI:https:\/\/doi.org\/10.2753\/JMR1536-5433070104.","journal-title":"Management Research: Journal of the Iberoamerican Academy of Management."},{"key":"e_1_3_2_1_39_1","doi-asserted-by":"publisher","DOI":"10.1007\/s10869-014-9359-4"},{"key":"e_1_3_2_1_40_1","unstructured":"Venegas C. and Leyva A. 2020. La fatiga y la carga mental en los teletrabajadores: a prop\u00f3sito del distanciamiento social. Revista espanola de salud publica. 94 9 (2020) 1\u201317.  Venegas C. and Leyva A. 2020. La fatiga y la carga mental en los teletrabajadores: a prop\u00f3sito del distanciamiento social. Revista espanola de salud publica. 94 9 (2020) 1\u201317."},{"key":"e_1_3_2_1_41_1","volume-title":"A journey around alpha and omega to estimate internal consistency reliability. An. psicol. 33, 3","author":"Viladrich C.","year":"2017","unstructured":"Viladrich , C. 2017. A journey around alpha and omega to estimate internal consistency reliability. An. psicol. 33, 3 ( 2017 ), 755\u2013782. DOI:https:\/\/doi.org\/10.6018\/analesps.33.3.268401. Viladrich, C. 2017. A journey around alpha and omega to estimate internal consistency reliability. An. psicol. 33, 3 (2017), 755\u2013782. DOI:https:\/\/doi.org\/10.6018\/analesps.33.3.268401."},{"key":"e_1_3_2_1_42_1","doi-asserted-by":"publisher","DOI":"10.1111\/ntwe.12060"},{"key":"e_1_3_2_1_43_1","doi-asserted-by":"publisher","DOI":"10.1080\/00223980.2018.1542375"},{"key":"e_1_3_2_1_44_1","doi-asserted-by":"publisher","DOI":"10.1177\/0734371X18760124"}],"event":{"name":"DG.O'21: The 22nd Annual International Conference on Digital Government Research","acronym":"DG.O'21","location":"Omaha NE USA"},"container-title":["DG.O2021: The 22nd Annual International Conference on Digital Government Research"],"original-title":[],"link":[{"URL":"https:\/\/dl.acm.org\/doi\/10.1145\/3463677.3463700","content-type":"unspecified","content-version":"vor","intended-application":"text-mining"},{"URL":"https:\/\/dl.acm.org\/doi\/pdf\/10.1145\/3463677.3463700","content-type":"unspecified","content-version":"vor","intended-application":"similarity-checking"}],"deposited":{"date-parts":[[2025,6,17]],"date-time":"2025-06-17T21:25:08Z","timestamp":1750195508000},"score":1,"resource":{"primary":{"URL":"https:\/\/dl.acm.org\/doi\/10.1145\/3463677.3463700"}},"subtitle":["Teleworking in times of COVID-19"],"short-title":[],"issued":{"date-parts":[[2021,6,9]]},"references-count":44,"alternative-id":["10.1145\/3463677.3463700","10.1145\/3463677"],"URL":"https:\/\/doi.org\/10.1145\/3463677.3463700","relation":{},"subject":[],"published":{"date-parts":[[2021,6,9]]},"assertion":[{"value":"2021-06-09","order":2,"name":"published","label":"Published","group":{"name":"publication_history","label":"Publication History"}}]}}