{"status":"ok","message-type":"work","message-version":"1.0.0","message":{"indexed":{"date-parts":[[2026,1,10]],"date-time":"2026-01-10T02:57:09Z","timestamp":1768013829240,"version":"3.49.0"},"publisher-location":"New York, NY, USA","reference-count":9,"publisher":"ACM","license":[{"start":{"date-parts":[[2021,6,2]],"date-time":"2021-06-02T00:00:00Z","timestamp":1622592000000},"content-version":"vor","delay-in-days":0,"URL":"https:\/\/www.acm.org\/publications\/policies\/copyright_policy#Background"}],"content-domain":{"domain":["dl.acm.org"],"crossmark-restriction":true},"short-container-title":[],"published-print":{"date-parts":[[2021,6,2]]},"DOI":"10.1145\/3466725.3466737","type":"proceedings-article","created":{"date-parts":[[2021,8,27]],"date-time":"2021-08-27T14:32:05Z","timestamp":1630074725000},"page":"1-5","update-policy":"https:\/\/doi.org\/10.1145\/crossmark-policy","source":"Crossref","is-referenced-by-count":3,"title":["Social Necklace Project: A student-made gadget to help people during the COVID19 pandemic"],"prefix":"10.1145","author":[{"given":"Rodrigo","family":"Lemonica Rosa","sequence":"first","affiliation":[{"name":"Beacon School, Brazil"}]}],"member":"320","published-online":{"date-parts":[[2021,8,27]]},"reference":[{"key":"e_1_3_2_1_1_1","doi-asserted-by":"publisher","DOI":"10.1145\/1592761.1592779"},{"key":"e_1_3_2_1_2_1","series-title":"Vol. 1","volume-title":"Education for critical consciousness","author":"Freire P.","year":"1973","unstructured":"Freire , P. ( 1973 ). Education for critical consciousness ( Vol. 1 ) . Bloomsbury Publishing . Freire, P. (1973). Education for critical consciousness (Vol. 1). Bloomsbury Publishing."},{"key":"e_1_3_2_1_3_1","first-page":"135","volume-title":"John Dewey e a educa\u00e7\u00e3o para uma sociedade democr\u00e1tica. Revista Contexto & Educa\u00e7\u00e3o, v. 24, n. 82","author":"Schmidt Ireneu Aloisio","unstructured":"Schmidt , Ireneu Aloisio . 2009. John Dewey e a educa\u00e7\u00e3o para uma sociedade democr\u00e1tica. Revista Contexto & Educa\u00e7\u00e3o, v. 24, n. 82 , p. 135 - 115 . Schmidt, Ireneu Aloisio. 2009. John Dewey e a educa\u00e7\u00e3o para uma sociedade democr\u00e1tica. Revista Contexto & Educa\u00e7\u00e3o, v. 24, n. 82, p. 135-15."},{"key":"e_1_3_2_1_4_1","unstructured":"Ackermann Edith. 2001. Piaget's constructivism Papert's constructionism: What's the difference. Future of learning group publication 5(3) 438.  Ackermann Edith. 2001. Piaget's constructivism Papert's constructionism: What's the difference. Future of learning group publication 5(3) 438."},{"key":"e_1_3_2_1_5_1","volume-title":"A M\u00e1quina das Crian\u00e7as\u2013repensando a escola na era da inform\u00e1tica, trad. Sandra Costa","author":"Papert Seymour","unstructured":"Papert , Seymour . 1993. A M\u00e1quina das Crian\u00e7as\u2013repensando a escola na era da inform\u00e1tica, trad. Sandra Costa , S\u00e3o Paulo : Editora Artmed. Figure 3: Final Tests made by Students. Figure 4: Micro:bit Prototypes . Papert, Seymour. 1993. A M\u00e1quina das Crian\u00e7as\u2013repensando a escola na era da inform\u00e1tica, trad. Sandra Costa, S\u00e3o Paulo: Editora Artmed. Figure 3: Final Tests made by Students. Figure 4: Micro:bit Prototypes."},{"key":"e_1_3_2_1_6_1","volume-title":"Carlos dos Passos Paulo","author":"Matias","year":"2016","unstructured":"Matias , Carlos dos Passos Paulo . 2016 . Pedagogia da autonomia: saberes necess\u00e1rios \u00e0 pr\u00e1tica educativa. Criar Educa\u00e7\u00e3o , 5(2). Matias, Carlos dos Passos Paulo. 2016. Pedagogia da autonomia: saberes necess\u00e1rios \u00e0 pr\u00e1tica educativa. Criar Educa\u00e7\u00e3o, 5(2)."},{"key":"e_1_3_2_1_7_1","volume-title":"Digital fabrication and \u2018making","author":"Blikstein Paulo","unstructured":"Blikstein , Paulo . 2013. Digital fabrication and \u2018making \u2019 in education: The democratization of invention. FabLabs: Of machines, makers and inventors, v. 4, n. 1, p. 1-21. Blikstein, Paulo. 2013. Digital fabrication and \u2018making\u2019 in education: The democratization of invention. FabLabs: Of machines, makers and inventors, v. 4, n. 1, p. 1-21."},{"key":"e_1_3_2_1_8_1","first-page":"11","article-title":"Coding at a crossroads","volume":"63","author":"Natalie Rusk","year":"2020","unstructured":"Mitchel Resnick and Natalie Rusk . 2020 . Coding at a crossroads . Commun. ACM 63 , 11 (November 2020), 120\u2013127. Mitchel Resnick and Natalie Rusk. 2020. Coding at a crossroads. Commun. ACM 63, 11 (November 2020), 120\u2013127.","journal-title":"Commun. ACM"},{"key":"e_1_3_2_1_9_1","volume-title":"Coding as a Playground: Programming and computational thinking in the early childhood classroom","author":"Bers Marina Umaschi","unstructured":"Bers , Marina Umaschi . 2020. Coding as a Playground: Programming and computational thinking in the early childhood classroom . Routledge . Bers, Marina Umaschi. 2020. Coding as a Playground: Programming and computational thinking in the early childhood classroom. Routledge."}],"event":{"name":"FabLearn Europe \/ MakeEd 2021: FabLearn Europe \/ MakeEd 2021 - An International Conference on Computing, Design and Making in Education","location":"St. Gallen Switzerland","acronym":"FabLearn Europe \/ MakeEd 2021"},"container-title":["FabLearn Europe \/ MakeEd 2021 - An International Conference on Computing, Design and Making in Education"],"original-title":[],"link":[{"URL":"https:\/\/dl.acm.org\/doi\/10.1145\/3466725.3466737","content-type":"unspecified","content-version":"vor","intended-application":"text-mining"},{"URL":"https:\/\/dl.acm.org\/doi\/pdf\/10.1145\/3466725.3466737","content-type":"unspecified","content-version":"vor","intended-application":"similarity-checking"}],"deposited":{"date-parts":[[2025,6,17]],"date-time":"2025-06-17T21:24:52Z","timestamp":1750195492000},"score":1,"resource":{"primary":{"URL":"https:\/\/dl.acm.org\/doi\/10.1145\/3466725.3466737"}},"subtitle":[],"short-title":[],"issued":{"date-parts":[[2021,6,2]]},"references-count":9,"alternative-id":["10.1145\/3466725.3466737","10.1145\/3466725"],"URL":"https:\/\/doi.org\/10.1145\/3466725.3466737","relation":{},"subject":[],"published":{"date-parts":[[2021,6,2]]},"assertion":[{"value":"2021-08-27","order":2,"name":"published","label":"Published","group":{"name":"publication_history","label":"Publication History"}}]}}