{"status":"ok","message-type":"work","message-version":"1.0.0","message":{"indexed":{"date-parts":[[2026,1,9]],"date-time":"2026-01-09T03:14:36Z","timestamp":1767928476557,"version":"3.49.0"},"publisher-location":"New York, NY, USA","reference-count":44,"publisher":"ACM","license":[{"start":{"date-parts":[[2021,10,18]],"date-time":"2021-10-18T00:00:00Z","timestamp":1634515200000},"content-version":"vor","delay-in-days":0,"URL":"https:\/\/www.acm.org\/publications\/policies\/copyright_policy#Background"}],"content-domain":{"domain":["dl.acm.org"],"crossmark-restriction":true},"short-container-title":[],"published-print":{"date-parts":[[2021,10,18]]},"DOI":"10.1145\/3472301.3484363","type":"proceedings-article","created":{"date-parts":[[2021,10,12]],"date-time":"2021-10-12T10:15:42Z","timestamp":1634033742000},"page":"1-11","update-policy":"https:\/\/doi.org\/10.1145\/crossmark-policy","source":"Crossref","is-referenced-by-count":4,"title":["Perspectives on interaction with dead users' profiles on Facebook"],"prefix":"10.1145","author":[{"given":"Daniele","family":"Trevisan","sequence":"first","affiliation":[{"name":"Universidade Federal de Mato Grosso, Instituto de Educa\u00e7\u00e3o, Cuiab\u00e1, MT Brasil"}]},{"given":"Cristiano","family":"Maciel","sequence":"additional","affiliation":[{"name":"Universidade Federal de Mato Grosso, Instituto da Computa\u00e7\u00e3o, Cuiab\u00e1, MT Brasil"}]},{"given":"Vin\u00edcius Carvalho","family":"Pereira","sequence":"additional","affiliation":[{"name":"Universidade Federal de Mato Grosso, Instituto de Linguagens, Cuiab\u00e1, MT Brasil"}]},{"given":"Roberto","family":"Pereira","sequence":"additional","affiliation":[{"name":"Universidade Federal do Paran\u00e1, Departamento de Inform\u00e1tica, Curitiba, PR Brasil"}]}],"member":"320","published-online":{"date-parts":[[2021,10,18]]},"reference":[{"key":"e_1_3_2_1_1_1","doi-asserted-by":"publisher","DOI":"10.1177\/1461444816649921"},{"key":"e_1_3_2_1_2_1","first-page":"183","volume-title":"Bras\u00edlia, v. 26, n. 1","author":"Silva Sampaio Angelo Augusto","year":"2010","unstructured":"Angelo Augusto Silva Sampaio and Maria Amalia Pie Abib Andery . 2010. Comportamento social, produ\u00e7\u00e3o agregada e pr\u00e1tica cultural: uma An\u00e1lise Comportamental de fen\u00f4menos sociais. Psic.: Teor. e Pesq ., Bras\u00edlia, v. 26, n. 1 , p. 183 -- 192 , Mar. 2010 . Angelo Augusto Silva Sampaio and Maria Amalia Pie Abib Andery. 2010. Comportamento social, produ\u00e7\u00e3o agregada e pr\u00e1tica cultural: uma An\u00e1lise Comportamental de fen\u00f4menos sociais. Psic.: Teor. e Pesq., Bras\u00edlia, v. 26, n. 1, p. 183--192, Mar. 2010."},{"key":"e_1_3_2_1_3_1","volume-title":"Cristiano Maciel and Vinicius Carvalho Pereira","author":"Lopes Aron Daniel","year":"2014","unstructured":"Aron Daniel Lopes , Cristiano Maciel and Vinicius Carvalho Pereira . 2014 . Homenagem Virtual aos Mortos : Uma An\u00e1lise de Memoriais Digitais na Web Social. In : MEISELWITZ, G. (ed.). Computa\u00e7\u00e3o Social e M\u00eddia Social. Su\u00ed\u00e7a : Springer, Cham, 2014. v.8531, p. 67--78. (Anota\u00e7\u00f5es de aula em Ci\u00eancia da Computa\u00e7\u00e3o) . DOI: 10.1007\/978-3-319-07632-4_7 10.1007\/978-3-319-07632-4_7 Aron Daniel Lopes, Cristiano Maciel and Vinicius Carvalho Pereira. 2014. Homenagem Virtual aos Mortos: Uma An\u00e1lise de Memoriais Digitais na Web Social. In: MEISELWITZ, G. (ed.). Computa\u00e7\u00e3o Social e M\u00eddia Social. Su\u00ed\u00e7a: Springer, Cham, 2014. v.8531, p. 67--78. (Anota\u00e7\u00f5es de aula em Ci\u00eancia da Computa\u00e7\u00e3o). DOI: 10.1007\/978-3-319-07632-4_7"},{"key":"e_1_3_2_1_4_1","volume-title":"DE 14 DE AGOSTO DE","author":"LEI","year":"2018","unstructured":"Brasil. 2018. LEI &numero; 13.709 , DE 14 DE AGOSTO DE 2018 . Lei Geral de Prote\u00e7\u00e3o de Dados Pessoais (LGPD). Dispon\u00edvel em: http:\/\/www.planalto.gov.br\/ccivil_03\/_ato2015-2018\/2018\/lei\/L13709.htm. Brasil. 2018. LEI &numero; 13.709, DE 14 DE AGOSTO DE 2018. Lei Geral de Prote\u00e7\u00e3o de Dados Pessoais (LGPD). Dispon\u00edvel em: http:\/\/www.planalto.gov.br\/ccivil_03\/_ato2015-2018\/2018\/lei\/L13709.htm."},{"key":"e_1_3_2_1_5_1","doi-asserted-by":"publisher","DOI":"10.1590\/S0102-311X2011000200020"},{"key":"e_1_3_2_1_6_1","volume-title":"2053951719842540","author":"Carl J. \u00d6hman and David Watson. 2019. \"Are the dead taking over Facebook? A Big Data approach to the future of death online.\" Big Data & Society 6.1","year":"2019","unstructured":"Carl J. \u00d6hman and David Watson. 2019. \"Are the dead taking over Facebook? A Big Data approach to the future of death online.\" Big Data & Society 6.1 ( 2019 ): 2053951719842540 . Carl J. \u00d6hman and David Watson. 2019. \"Are the dead taking over Facebook? A Big Data approach to the future of death online.\" Big Data & Society 6.1 (2019): 2053951719842540."},{"key":"e_1_3_2_1_7_1","doi-asserted-by":"crossref","unstructured":"Carl \u00d6hman and Luciano Floridi. 2017. \"The political economy of death in the age of information: a critical approach to the digital afterlife industry.\" Minds and Machines 27.4 (2017): 639--662.  Carl \u00d6hman and Luciano Floridi. 2017. \"The political economy of death in the age of information: a critical approach to the digital afterlife industry.\" Minds and Machines 27.4 (2017): 639--662.","DOI":"10.1007\/s11023-017-9445-2"},{"key":"e_1_3_2_1_8_1","doi-asserted-by":"publisher","DOI":"10.1145\/3160504.3160527"},{"key":"e_1_3_2_1_9_1","volume-title":"Luto estudos sobre a perda na vida adulta","author":"Parkes Colin Murray","year":"1998","unstructured":"Colin Murray Parkes . 1998. Luto estudos sobre a perda na vida adulta . Vol. 56 . Summus editorial, 1998 . Colin Murray Parkes. 1998. Luto estudos sobre a perda na vida adulta. Vol. 56. Summus editorial, 1998."},{"key":"e_1_3_2_1_10_1","first-page":"85","volume-title":"Proceedings of the 11th Brazilian Symposium on Human Factors in Computing Systems (IHC '12). 2012","author":"Maciel Cristiano","year":"2012","unstructured":"Cristiano Maciel and Vinicius C. Pereira . 2012. The internet generation and its representation of death: considerations for posthumous interaction projects . In: Proceedings of the 11th Brazilian Symposium on Human Factors in Computing Systems (IHC '12). 2012 , Porto Alegre-RS, Brasil:Brazilian Computer Society , 2012 . p. 85 -- 94 . Cristiano Maciel and Vinicius C. Pereira. 2012. The internet generation and its representation of death: considerations for posthumous interaction projects. In: Proceedings of the 11th Brazilian Symposium on Human Factors in Computing Systems (IHC '12). 2012, Porto Alegre-RS, Brasil:Brazilian Computer Society, 2012. p. 85--94."},{"key":"e_1_3_2_1_11_1","doi-asserted-by":"publisher","DOI":"10.1007\/978-3-319-01631-3"},{"key":"e_1_3_2_1_12_1","doi-asserted-by":"publisher","DOI":"10.1007\/978-3-030-21902-4_6"},{"key":"e_1_3_2_1_13_1","volume-title":"Vinicius Carvalho Pereira and Monica Sztern","author":"Maciel Cristiano","year":"2015","unstructured":"Cristiano Maciel , Vinicius Carvalho Pereira and Monica Sztern . 2015 . Internet Users : Legal and Technical Perspectives on Digital Legacy Management for Postmortem Interaction. In : SAKAE, Yamamoto (ed.). Human Interface and the Management of Information. Information and Knowledge Design. Switzerland : Springer, Cham, HIMI 2015. v. 9172, p. 627--639. (Lecture Notes in Computer Science) . DOI: 10.1007\/978-3-319-20612-7_59 10.1007\/978-3-319-20612-7_59 Cristiano Maciel, Vinicius Carvalho Pereira and Monica Sztern. 2015. Internet Users: Legal and Technical Perspectives on Digital Legacy Management for Postmortem Interaction. In: SAKAE, Yamamoto (ed.). Human Interface and the Management of Information. Information and Knowledge Design. Switzerland: Springer, Cham, HIMI 2015. v. 9172, p. 627--639. (Lecture Notes in Computer Science). DOI: 10.1007\/978-3-319-20612-7_59"},{"key":"e_1_3_2_1_14_1","unstructured":"Cristiano Maciel. 2011. Quest\u00f5es do projeto de intera\u00e7\u00e3o na Web social diante do legado digital da vida ap\u00f3s a morte. In: 10\u00b0 Simp\u00f3sio Brasileiro de Fatores Humanos em Sistemas de Computa\u00e7\u00e3o e 5\u00b0 Congresso Latino-Americano de Intera\u00e7\u00e3o Humano-Computador (IHC + CLIHC '11) 2011 Porto Alegre-RS.  Cristiano Maciel. 2011. Quest\u00f5es do projeto de intera\u00e7\u00e3o na Web social diante do legado digital da vida ap\u00f3s a morte. In: 10\u00b0 Simp\u00f3sio Brasileiro de Fatores Humanos em Sistemas de Computa\u00e7\u00e3o e 5\u00b0 Congresso Latino-Americano de Intera\u00e7\u00e3o Humano-Computador (IHC + CLIHC '11) 2011 Porto Alegre-RS."},{"key":"e_1_3_2_1_15_1","first-page":"2175","article-title":"Morte, Educa\u00e7\u00e3o e Tecnologias Digitais: Reflex\u00f5es em tempos de Pandemia. SBC Horizontes, jul. 2020","author":"Trevisan Daniele","year":"2020","unstructured":"Daniele Trevisan and Cristiano Maciel . 2020 . Morte, Educa\u00e7\u00e3o e Tecnologias Digitais: Reflex\u00f5es em tempos de Pandemia. SBC Horizontes, jul. 2020 . ISSN 2175 - 9235 . Dispon\u00edvel em: http:\/\/horizontes.sbc.org.br\/index.php\/2020\/07\/02\/morte-educacao-e-tecnologias-digitais\/. Daniele Trevisan and Cristiano Maciel. 2020. Morte, Educa\u00e7\u00e3o e Tecnologias Digitais: Reflex\u00f5es em tempos de Pandemia. SBC Horizontes, jul. 2020. ISSN 2175-9235. Dispon\u00edvel em: http:\/\/horizontes.sbc.org.br\/index.php\/2020\/07\/02\/morte-educacao-e-tecnologias-digitais\/.","journal-title":"ISSN"},{"key":"e_1_3_2_1_16_1","volume-title":"Coves Antonio de Amissis Amorim and Tatiany Hon\u00f3rio Porto.","author":"do Nascimento Diego Cesar","year":"2015","unstructured":"Diego Cesar do Nascimento , Gabriel Meirelles Nasser , Coves Antonio de Amissis Amorim and Tatiany Hon\u00f3rio Porto. 2015 . Luto: uma perspectiva da terapia anal\u00edtico comportamental. Psicologia Argumento . v. 23, n. 83, p. 446--458, out.\/dez. 2015. doi: 10.7213\/psicol.argum.33.083.AO01 10.7213\/psicol.argum.33.083.AO01 Diego Cesar do Nascimento, Gabriel Meirelles Nasser, Coves Antonio de Amissis Amorim and Tatiany Hon\u00f3rio Porto. 2015. Luto: uma perspectiva da terapia anal\u00edtico comportamental. Psicologia Argumento. v. 23, n. 83, p. 446--458, out.\/dez. 2015. doi: 10.7213\/psicol.argum.33.083.AO01"},{"key":"e_1_3_2_1_17_1","unstructured":"Digital Legacy Association. What is a digital legacy? Dispon\u00edvel em: https:\/\/digitallegacyassociation.org\/about\/what-is-a-digital-legacy\/  Digital Legacy Association. What is a digital legacy? Dispon\u00edvel em: https:\/\/digitallegacyassociation.org\/about\/what-is-a-digital-legacy\/"},{"key":"e_1_3_2_1_18_1","doi-asserted-by":"publisher","DOI":"10.5220\/0010449800410053"},{"key":"e_1_3_2_1_19_1","unstructured":"Facebook. Help Facebook: Como fa\u00e7o para informar ao Facebook sobre o falecimento de uma pessoa ou sobre uma conta que precisa ser transformada em memorial? Dispon\u00edvel em: https:\/\/www.facebook.com\/help\/requestmemorialization  Facebook. Help Facebook: Como fa\u00e7o para informar ao Facebook sobre o falecimento de uma pessoa ou sobre uma conta que precisa ser transformada em memorial? Dispon\u00edvel em: https:\/\/www.facebook.com\/help\/requestmemorialization"},{"key":"e_1_3_2_1_20_1","unstructured":"Facebook. Help Facebook: Solicita\u00e7\u00e3o de transforma\u00e7\u00e3o em memorial. https:\/\/www.facebook.com\/help\/contact\/234739086860192?helpref=faq_content  Facebook. Help Facebook: Solicita\u00e7\u00e3o de transforma\u00e7\u00e3o em memorial. https:\/\/www.facebook.com\/help\/contact\/234739086860192?helpref=faq_content"},{"key":"e_1_3_2_1_21_1","unstructured":"Facebook. Help Facebook. Dispon\u00edvel em: https:\/\/www.facebook.com\/help\/103897939701143?helpref=faq_content  Facebook. Help Facebook. Dispon\u00edvel em: https:\/\/www.facebook.com\/help\/103897939701143?helpref=faq_content"},{"key":"e_1_3_2_1_22_1","unstructured":"Facebook. Help Facebook: O que \u00e9 um contato herdeiro e o que ele pode fazer com minha conta do Facebook?. Dispon\u00edvel em: https:\/\/www.facebook.com\/help\/1568013990080948?helpref=faq_content  Facebook. Help Facebook: O que \u00e9 um contato herdeiro e o que ele pode fazer com minha conta do Facebook?. Dispon\u00edvel em: https:\/\/www.facebook.com\/help\/1568013990080948?helpref=faq_content"},{"key":"e_1_3_2_1_23_1","unstructured":"Facebook. Help Facebook: O que s\u00e3o informa\u00e7\u00f5es p\u00fablicas no Facebook?. Dispon\u00edvel em: https:\/\/www.facebook.com\/help\/203805466323736  Facebook. Help Facebook: O que s\u00e3o informa\u00e7\u00f5es p\u00fablicas no Facebook?. Dispon\u00edvel em: https:\/\/www.facebook.com\/help\/203805466323736"},{"key":"e_1_3_2_1_24_1","doi-asserted-by":"publisher","DOI":"10.5753\/wics.2020.11038"},{"key":"e_1_3_2_1_25_1","doi-asserted-by":"publisher","DOI":"10.5753\/waihcws.2019.7675"},{"key":"e_1_3_2_1_26_1","volume-title":"Proceedings of the 2017 CHI Conference on Human Factors in Computing Systems (pp. 5040--5052)","author":"Oulasvirta K.","unstructured":"Hornb\u00e6k, K. and Oulasvirta , A . (2017, May). What is interaction? . In Proceedings of the 2017 CHI Conference on Human Factors in Computing Systems (pp. 5040--5052) . Hornb\u00e6k, K. and Oulasvirta, A. (2017, May). What is interaction?. In Proceedings of the 2017 CHI Conference on Human Factors in Computing Systems (pp. 5040--5052)."},{"key":"e_1_3_2_1_27_1","volume-title":"James Nicholson and Jan David Smeddinck","author":"Holt Jack","year":"2021","unstructured":"Jack Holt , James Nicholson and Jan David Smeddinck . 2021 . From Personal Data to Digital Legacy : Exploring Conflicts in the Sharing, Security and Privacy of Post-mortem Data . arXiv preprint arXiv:2104.07807 (2021). DOI: 10.1145\/3442381.3450030 10.1145\/3442381.3450030 Jack Holt, James Nicholson and Jan David Smeddinck. 2021. From Personal Data to Digital Legacy: Exploring Conflicts in the Sharing, Security and Privacy of Post-mortem Data. arXiv preprint arXiv:2104.07807 (2021). DOI: 10.1145\/3442381.3450030"},{"key":"e_1_3_2_1_28_1","volume-title":"2016 11th Iberian Conference on. IEEE","author":"de Oliveira Jaime","year":"2016","unstructured":"Jaime de Oliveira , Lu\u00eds Amaral , Lu\u00eds Paulo Reis and Br\u00edgida M\u00f3nica Faria . 2016 . \" A study on the need of digital heritage management plataforms.\" Information Systems and Technologies (CISTI) , 2016 11th Iberian Conference on. IEEE , 2016. Jaime de Oliveira, Lu\u00eds Amaral, Lu\u00eds Paulo Reis and Br\u00edgida M\u00f3nica Faria. 2016. \" A study on the need of digital heritage management plataforms.\" Information Systems and Technologies (CISTI), 2016 11th Iberian Conference on. IEEE, 2016."},{"key":"e_1_3_2_1_29_1","volume-title":"Digital Generation and Posthumous Interaction: A Descriptive Analysis in Social Networks. In: 23rd International Conference on Enterprise Information Systems","author":"Cabral Juliana","year":"2021","unstructured":"Juliana Cabral , Cristiano Maciel , Vanice Cunha , Jivago Ribeiro and Daniele Trevisan . 2021 . Digital Generation and Posthumous Interaction: A Descriptive Analysis in Social Networks. In: 23rd International Conference on Enterprise Information Systems , 2021. DOI: 10.5220\/0010442105070516 10.5220\/0010442105070516 Juliana Cabral, Cristiano Maciel, Vanice Cunha, Jivago Ribeiro and Daniele Trevisan. 2021. Digital Generation and Posthumous Interaction: A Descriptive Analysis in Social Networks. In: 23rd International Conference on Enterprise Information Systems, 2021. DOI: 10.5220\/0010442105070516"},{"key":"e_1_3_2_1_30_1","doi-asserted-by":"publisher","DOI":"10.1145\/3365525"},{"key":"e_1_3_2_1_31_1","volume-title":"Proc. ACM Hum.-Comput. Interact. 5, CSCW, Article 174 (April","author":"Katie","year":"2021","unstructured":"Katie Z. Gach and Jed R. Brubaker. 2021. Getting Your Facebook Affairs in Order: User Expectations in Postmortem Profile Management . Proc. ACM Hum.-Comput. Interact. 5, CSCW, Article 174 (April 2021 ), 29 pages. https:\/\/doi.org\/10.1145\/3449248 10.1145\/3449248 Katie Z. Gach and Jed R. Brubaker. 2021. Getting Your Facebook Affairs in Order: User Expectations in Postmortem Profile Management. Proc. ACM Hum.-Comput. Interact. 5, CSCW, Article 174 (April 2021), 29 pages. https:\/\/doi.org\/10.1145\/3449248"},{"key":"e_1_3_2_1_32_1","volume-title":"Proceedings of the CSCW.","author":"Gach Katie Z.","year":"2019","unstructured":"Katie Z. Gach . 2019 . A case for reimagining the UX of post-mortem account deletion on social media . In: Proceedings of the CSCW. 2019. DOI: 10.13140\/RG.2.2.29754.75205 10.13140\/RG.2.2.29754.75205 Katie Z. Gach. 2019. A case for reimagining the UX of post-mortem account deletion on social media. In: Proceedings of the CSCW. 2019. DOI: 10.13140\/RG.2.2.29754.75205"},{"key":"e_1_3_2_1_33_1","doi-asserted-by":"publisher","DOI":"10.1145\/3160504.3160551"},{"key":"e_1_3_2_1_34_1","volume-title":"Raquel Oliveira Prates, Marcos O. Prates, Antonio Ap Prates and Alexandre A. Cardoso.","author":"Villela Maria Lucia B.","year":"2015","unstructured":"Maria Lucia B. Villela , Simone IR Xavier , Raquel Oliveira Prates, Marcos O. Prates, Antonio Ap Prates and Alexandre A. Cardoso. 2015 . An Exploratory Qualitative Study on People's Attitudes towards Offline and Online Social Networks: A Case Study at a Brazilian University . SBC Journal on Interactive Systems 6.1 (2015): 4--17. Maria Lucia B. Villela, Simone IR Xavier, Raquel Oliveira Prates, Marcos O. Prates, Antonio Ap Prates and Alexandre A. Cardoso. 2015. An Exploratory Qualitative Study on People's Attitudes towards Offline and Online Social Networks: A Case Study at a Brazilian University. SBC Journal on Interactive Systems 6.1 (2015): 4--17."},{"key":"e_1_3_2_1_35_1","volume-title":"Maria Helena Pereira Franco, Ant\u00f3nio Barbosa and Isabel Leal.","author":"Delalibera Mayra","year":"2017","unstructured":"Mayra Delalibera , Talia Armani Delalibera , Maria Helena Pereira Franco, Ant\u00f3nio Barbosa and Isabel Leal. 2017 . Adapta\u00e7\u00e3o e valida\u00e7\u00e3o brasileira do instrumento de avalia\u00e7\u00e3o do luto prolongado: PG-13. Psicol. teor. prat., S\u00e3o Paulo , v. 19, n. 1, p. 94--106, abr. 2017. Mayra Delalibera, Talia Armani Delalibera, Maria Helena Pereira Franco, Ant\u00f3nio Barbosa and Isabel Leal. 2017. Adapta\u00e7\u00e3o e valida\u00e7\u00e3o brasileira do instrumento de avalia\u00e7\u00e3o do luto prolongado: PG-13. Psicol. teor. prat., S\u00e3o Paulo, v. 19, n. 1, p. 94--106, abr. 2017."},{"key":"e_1_3_2_1_36_1","volume-title":"Selma Maria da Fonseca Veigas and Andrea Bezerra Rodrigues.","author":"de Oliveira Patr\u00edcia Peres","year":"2013","unstructured":"Patr\u00edcia Peres de Oliveira , Juliana Gimenez Amaral , Selma Maria da Fonseca Veigas and Andrea Bezerra Rodrigues. 2013 . Percep\u00e7\u00e3o dos profissionais que atuam numa institui\u00e7\u00e3o de longa perman\u00eancia para idosos sobre a morte e o morrer. Ci\u00eancia & Sa\u00fade Coletiva 18 (2013): 2635--2644. https:\/\/doi.org\/10.1590\/S1413-81232013000900018 10.1590\/S1413-81232013000900018 Patr\u00edcia Peres de Oliveira, Juliana Gimenez Amaral, Selma Maria da Fonseca Veigas and Andrea Bezerra Rodrigues. 2013. Percep\u00e7\u00e3o dos profissionais que atuam numa institui\u00e7\u00e3o de longa perman\u00eancia para idosos sobre a morte e o morrer. Ci\u00eancia & Sa\u00fade Coletiva 18 (2013): 2635--2644. https:\/\/doi.org\/10.1590\/S1413-81232013000900018"},{"key":"e_1_3_2_1_37_1","volume-title":"Proceedings of the 15th Brazilian Symposium on Human Factors in Computing Systems, IHC '15","author":"Prates Raquel Oliveira","unstructured":"Raquel Oliveira Prates , Mary Beth Rosson and Clarisse S . de Souza. 2016. Analysis of configuration decision space over time: The google inactive manager account case . In Proceedings of the 15th Brazilian Symposium on Human Factors in Computing Systems, IHC '15 , S\u00e3o Paulo, Brazil. Raquel Oliveira Prates, Mary Beth Rosson and Clarisse S. de Souza. 2016. Analysis of configuration decision space over time: The google inactive manager account case. In Proceedings of the 15th Brazilian Symposium on Human Factors in Computing Systems, IHC '15, S\u00e3o Paulo, Brazil."},{"key":"e_1_3_2_1_38_1","volume-title":"Rio de Janeiro: Eduff","author":"Ribeiro Renata Rezende","year":"2015","unstructured":"Renata Rezende Ribeiro . 2015 . A morte midiatizada: como as redes sociais atualizam a experi\u00eancia do fim da vida . Rio de Janeiro: Eduff , 2015. Renata Rezende Ribeiro. 2015. A morte midiatizada: como as redes sociais atualizam a experi\u00eancia do fim da vida. Rio de Janeiro: Eduff, 2015."},{"key":"e_1_3_2_1_39_1","article-title":"A discussion on social software: concept, building blocks and challenges","author":"Pereira Roberto","year":"2010","unstructured":"Roberto Pereira , M. Cec\u00edlia Calani Baranauskas and Sergio Roberto Pereira da Silva . 2010 . A discussion on social software: concept, building blocks and challenges . International Journal for Infonomics , v. 3, n. 4, p. 533--542, 2010. DOI: 10.20533\/iji.1742.4712.2010.0041 10.20533\/iji.1742.4712.2010.0041 Roberto Pereira, M. Cec\u00edlia Calani Baranauskas and Sergio Roberto Pereira da Silva. 2010. A discussion on social software: concept, building blocks and challenges. International Journal for Infonomics, v. 3, n. 4, p. 533--542, 2010. DOI: 10.20533\/iji.1742.4712.2010.0041","journal-title":"International Journal for Infonomics"},{"key":"e_1_3_2_1_40_1","doi-asserted-by":"publisher","DOI":"10.1145\/3357155.3358454"},{"key":"e_1_3_2_1_41_1","volume-title":"MILL, Daniel. Dicion\u00e1rio cr\u00edtico de Educa\u00e7\u00e3o e tecnologias e de educa\u00e7\u00e3o a dist\u00e2ncia. Campinas","author":"Kenski Vani Moreira","year":"2018","unstructured":"Vani Moreira Kenski . 2018. Cultura digital . In: MILL, Daniel. Dicion\u00e1rio cr\u00edtico de Educa\u00e7\u00e3o e tecnologias e de educa\u00e7\u00e3o a dist\u00e2ncia. Campinas , SP : Papirus ( 2018 ): 139--144. Vani Moreira Kenski. 2018. Cultura digital. In: MILL, Daniel. Dicion\u00e1rio cr\u00edtico de Educa\u00e7\u00e3o e tecnologias e de educa\u00e7\u00e3o a dist\u00e2ncia. Campinas, SP: Papirus (2018): 139--144."},{"key":"e_1_3_2_1_42_1","doi-asserted-by":"publisher","DOI":"10.1145\/2851581.2892585"},{"key":"e_1_3_2_1_43_1","doi-asserted-by":"publisher","DOI":"10.1145\/3173574.3173844"},{"key":"e_1_3_2_1_44_1","doi-asserted-by":"publisher","DOI":"10.5753\/brasnam.2021.16148"}],"event":{"name":"IHC '21: XX Brazilian Symposium on Human Factors in Computing Systems","location":"Virtual Event Brazil","acronym":"IHC '21","sponsor":["SBC Brazilian Computer Society","SIGCHI ACM Special Interest Group on Computer-Human Interaction"]},"container-title":["Proceedings of the XX Brazilian Symposium on Human Factors in Computing Systems"],"original-title":[],"link":[{"URL":"https:\/\/dl.acm.org\/doi\/10.1145\/3472301.3484363","content-type":"unspecified","content-version":"vor","intended-application":"text-mining"},{"URL":"https:\/\/dl.acm.org\/doi\/pdf\/10.1145\/3472301.3484363","content-type":"unspecified","content-version":"vor","intended-application":"similarity-checking"}],"deposited":{"date-parts":[[2025,6,17]],"date-time":"2025-06-17T18:10:02Z","timestamp":1750183802000},"score":1,"resource":{"primary":{"URL":"https:\/\/dl.acm.org\/doi\/10.1145\/3472301.3484363"}},"subtitle":[],"short-title":[],"issued":{"date-parts":[[2021,10,18]]},"references-count":44,"alternative-id":["10.1145\/3472301.3484363","10.1145\/3472301"],"URL":"https:\/\/doi.org\/10.1145\/3472301.3484363","relation":{},"subject":[],"published":{"date-parts":[[2021,10,18]]},"assertion":[{"value":"2021-10-18","order":2,"name":"published","label":"Published","group":{"name":"publication_history","label":"Publication History"}}]}}