{"status":"ok","message-type":"work","message-version":"1.0.0","message":{"indexed":{"date-parts":[[2025,6,17]],"date-time":"2025-06-17T18:40:11Z","timestamp":1750185611201,"version":"3.41.0"},"publisher-location":"New York, NY, USA","reference-count":25,"publisher":"ACM","license":[{"start":{"date-parts":[[2021,10,18]],"date-time":"2021-10-18T00:00:00Z","timestamp":1634515200000},"content-version":"vor","delay-in-days":0,"URL":"https:\/\/www.acm.org\/publications\/policies\/copyright_policy#Background"}],"content-domain":{"domain":["dl.acm.org"],"crossmark-restriction":true},"short-container-title":[],"published-print":{"date-parts":[[2021,10,18]]},"DOI":"10.1145\/3472301.3484368","type":"proceedings-article","created":{"date-parts":[[2021,10,12]],"date-time":"2021-10-12T10:15:42Z","timestamp":1634033742000},"page":"1-7","update-policy":"https:\/\/doi.org\/10.1145\/crossmark-policy","source":"Crossref","is-referenced-by-count":0,"title":["Conflicts in Metacommunication Messages in Alternating User and Designer Roles"],"prefix":"10.1145","author":[{"given":"Ila Mascarenhas","family":"Muniz","sequence":"first","affiliation":[{"name":"Instituto de Computa\u00e7\u00e3o, Universidade Federal da Bahia, Salvador, Bahia, Brazil"}]},{"given":"Ecivaldo","family":"de Souza Matos","sequence":"additional","affiliation":[{"name":"Instituto de Computa\u00e7\u00e3o, Universidade Federal da Bahia, Salvador, Bahia, Brazil"}]}],"member":"320","published-online":{"date-parts":[[2021,10,18]]},"reference":[{"unstructured":"Simone Barbosa and Bruno Silva. 2010. Intera\u00e7\u00e3o Humano-Computador. Elsevier Rio de Janeiro.  Simone Barbosa and Bruno Silva. 2010. Intera\u00e7\u00e3o Humano-Computador. Elsevier Rio de Janeiro.","key":"e_1_3_2_1_1_1"},{"unstructured":"David Benyon. 2011. Intera\u00e7\u00e3o Humano-Computador. Perason Prentice Hall Sao Paulo.  David Benyon. 2011. Intera\u00e7\u00e3o Humano-Computador. Perason Prentice Hall Sao Paulo.","key":"e_1_3_2_1_2_1"},{"key":"e_1_3_2_1_3_1","volume-title":"Premissas conceituais sobre a forma\u00e7\u00e3o do materialismo de marx. Praxis Filos\u00f3fica 31","author":"Costa C. A. S.","year":"2010","unstructured":"C. A. S. Costa . 2010. Premissas conceituais sobre a forma\u00e7\u00e3o do materialismo de marx. Praxis Filos\u00f3fica 31 ( 2010 ), 61--72. C. A. S. Costa. 2010. Premissas conceituais sobre a forma\u00e7\u00e3o do materialismo de marx. Praxis Filos\u00f3fica 31 (2010), 61--72."},{"doi-asserted-by":"publisher","key":"e_1_3_2_1_4_1","DOI":"10.1016\/S0953-5438(00)00051-5"},{"doi-asserted-by":"publisher","key":"e_1_3_2_1_5_1","DOI":"10.1145\/1298023.1298044"},{"unstructured":"Catia Maria Dias Ferreira Luciana C. de Castro Salgado and Clarisse Sieckenius de Souza. 2014. Avalia\u00e7\u00e3o da metacomunica\u00e7\u00e3o da cultura com participa\u00e7\u00e3o de usu\u00e1rios de sistemas multiculturais. In Sociedade Brasileira de Computa\u00e7\u00e3o. 61--70.  Catia Maria Dias Ferreira Luciana C. de Castro Salgado and Clarisse Sieckenius de Souza. 2014. Avalia\u00e7\u00e3o da metacomunica\u00e7\u00e3o da cultura com participa\u00e7\u00e3o de usu\u00e1rios de sistemas multiculturais. In Sociedade Brasileira de Computa\u00e7\u00e3o. 61--70.","key":"e_1_3_2_1_6_1"},{"unstructured":"Vil\u00e9m Flusser. 2002. Filosofia da caixa preta: ensaios para uma futura filosofia da fotografia. Relume Dumar\u00e1 Rio de Janeiro.  Vil\u00e9m Flusser. 2002. Filosofia da caixa preta: ensaios para uma futura filosofia da fotografia. Relume Dumar\u00e1 Rio de Janeiro.","key":"e_1_3_2_1_7_1"},{"unstructured":"Vil\u00e9m Flusser. 2007. O mundo codificado: por uma filosofia do design e da comunica\u00e7\u00e3o. Cosac Naify S\u00e3o Paulo.  Vil\u00e9m Flusser. 2007. O mundo codificado: por uma filosofia do design e da comunica\u00e7\u00e3o. Cosac Naify S\u00e3o Paulo.","key":"e_1_3_2_1_8_1"},{"unstructured":"Steven Johnson. 2001. Cultura da interface: como o computador transforma nossa maneira de criar e comunicar. Zahar.  Steven Johnson. 2001. Cultura da interface: como o computador transforma nossa maneira de criar e comunicar. Zahar.","key":"e_1_3_2_1_9_1"},{"unstructured":"Martine Joly. 1996. Introdu\u00e7\u00e3o \u00e0 an\u00e1lise da imagem. Papirus.  Martine Joly. 1996. Introdu\u00e7\u00e3o \u00e0 an\u00e1lise da imagem. Papirus.","key":"e_1_3_2_1_10_1"},{"doi-asserted-by":"publisher","key":"e_1_3_2_1_11_1","DOI":"10.1590\/S0101-73302005000400020"},{"volume-title":"Rio de Janeiro: Edi\u00e7\u00e3o da PUC-Rio.","author":"Martins I. H.","unstructured":"I. H. Martins and C. S. de Souza . 1998. Uma abordagem semi\u00f3tica na utiliza\u00e7\u00e3o dos recursos visuais em linguagens de interface . In Rio de Janeiro: Edi\u00e7\u00e3o da PUC-Rio. Maring\u00e1- PR , Brasil , 38--47. I. H. Martins and C. S. de Souza. 1998. Uma abordagem semi\u00f3tica na utiliza\u00e7\u00e3o dos recursos visuais em linguagens de interface. In Rio de Janeiro: Edi\u00e7\u00e3o da PUC-Rio. Maring\u00e1-PR, Brasil, 38--47.","key":"e_1_3_2_1_12_1"},{"unstructured":"V.; Matias M.; Heeman and N. Dos Santos. 2013. Aspectos Cognitivos da intera\u00e7\u00e3o humano-computador multim\u00eddia. In Anais do III Workshop sobre Fatores Humanos em Sistemas Computacionais. 1--10.  V.; Matias M.; Heeman and N. Dos Santos. 2013. Aspectos Cognitivos da intera\u00e7\u00e3o humano-computador multim\u00eddia. In Anais do III Workshop sobre Fatores Humanos em Sistemas Computacionais. 1--10.","key":"e_1_3_2_1_13_1"},{"key":"e_1_3_2_1_15_1","volume-title":"Portugal na vis\u00e3o unamuniana da Ib\u00e9ria como unidade dial\u00e9tica. Estudos Avan\u00e7ados 24, 69","author":"Newcomb Robert Patrick","year":"2010","unstructured":"Robert Patrick Newcomb . 2010. Portugal na vis\u00e3o unamuniana da Ib\u00e9ria como unidade dial\u00e9tica. Estudos Avan\u00e7ados 24, 69 ( 2010 ), 61--78. Robert Patrick Newcomb. 2010. Portugal na vis\u00e3o unamuniana da Ib\u00e9ria como unidade dial\u00e9tica. Estudos Avan\u00e7ados 24, 69 (2010), 61--78."},{"key":"e_1_3_2_1_16_1","volume-title":"Cognitive science. Physical symbol systems 4, 2","author":"Newell Allen","year":"1980","unstructured":"Allen Newell . 1980. Cognitive science. Physical symbol systems 4, 2 ( 1980 ), 135--183. Allen Newell. 1980. Cognitive science. Physical symbol systems 4, 2 (1980), 135--183."},{"key":"e_1_3_2_1_17_1","volume-title":"M\u00e1quinas semi\u00f3ticas. Gal\u00e1xia. Revista do Programa de P\u00f3s-Gradua\u00e7\u00e3o em Comunica\u00e7\u00e3o e Semi\u00f3tica 1","author":"N\u00f6th Winfried","year":"2007","unstructured":"Winfried N\u00f6th . 2007. M\u00e1quinas semi\u00f3ticas. Gal\u00e1xia. Revista do Programa de P\u00f3s-Gradua\u00e7\u00e3o em Comunica\u00e7\u00e3o e Semi\u00f3tica 1 ( 2007 ). Winfried N\u00f6th. 2007. M\u00e1quinas semi\u00f3ticas. Gal\u00e1xia. Revista do Programa de P\u00f3s-Gradua\u00e7\u00e3o em Comunica\u00e7\u00e3o e Semi\u00f3tica 1 (2007)."},{"volume-title":"Proceedings of the VIII Brazilian Symposium on Human Factors in Computing Systems (October 21-24)","author":"Oliveira E. R.","unstructured":"E. R. Oliveira , L. C. S. Luz , and R. O. Prates . 2008. Aplica\u00e7\u00e3o semi-estruturada do m\u00e9todo de inspe\u00e7\u00e3o semi\u00f3tica: estudo de caso para o dom\u00ednio educacional . In Proceedings of the VIII Brazilian Symposium on Human Factors in Computing Systems (October 21-24) . Porto Alegre, Brasil, 50--59. E. R. Oliveira, L. C. S. Luz, and R. O. Prates. 2008. Aplica\u00e7\u00e3o semi-estruturada do m\u00e9todo de inspe\u00e7\u00e3o semi\u00f3tica: estudo de caso para o dom\u00ednio educacional. In Proceedings of the VIII Brazilian Symposium on Human Factors in Computing Systems (October 21-24). Porto Alegre, Brasil, 50--59.","key":"e_1_3_2_1_18_1"},{"volume-title":"The Collected Papers of Charles Sanders Peirce","author":"Peirce Charles Sanders","unstructured":"Charles Sanders Peirce . 1931. The Collected Papers of Charles Sanders Peirce . Harvard University Press , Cambridge . Charles Sanders Peirce. 1931. The Collected Papers of Charles Sanders Peirce. Harvard University Press, Cambridge.","key":"e_1_3_2_1_19_1"},{"key":"e_1_3_2_1_20_1","first-page":"9","article-title":"O estado racional hegeliano","volume":"56","author":"Pertille Jos\u00e9 Pinheiro","year":"2011","unstructured":"Jos\u00e9 Pinheiro Pertille . 2011 . O estado racional hegeliano . V\u00e9ritas 56 , 3 (2011), 9 -- 25 . Jos\u00e9 Pinheiro Pertille. 2011. O estado racional hegeliano. V\u00e9ritas 56, 3 (2011), 9--25.","journal-title":"V\u00e9ritas"},{"unstructured":"Yvonne Rogers Helen Sharp and Jennifer Preece. 2013. Design de intera\u00e7\u00e3o: al\u00e9m da intera\u00e7\u00e3o humano-computador. Bookman.  Yvonne Rogers Helen Sharp and Jennifer Preece. 2013. Design de intera\u00e7\u00e3o: al\u00e9m da intera\u00e7\u00e3o humano-computador. Bookman.","key":"e_1_3_2_1_21_1"},{"volume-title":"Matrizes da linguagem e pensamento: sonora, visual, verbal: aplica\u00e7\u00f5es na hiperm\u00eddia. Editor","author":"Santaella Lucia","unstructured":"Lucia Santaella . 2005. Matrizes da linguagem e pensamento: sonora, visual, verbal: aplica\u00e7\u00f5es na hiperm\u00eddia. Editor a Iluminuras Ltda . Lucia Santaella. 2005. Matrizes da linguagem e pensamento: sonora, visual, verbal: aplica\u00e7\u00f5es na hiperm\u00eddia. Editora Iluminuras Ltda.","key":"e_1_3_2_1_22_1"},{"volume-title":"Proceedings of the 12th Brazilian Symposium on Human Factors in Computing Systems","author":"Santos N. S.","unstructured":"N. S. Santos , L. S. Ferreira , E. F. Barros , and R. O. Prates . 2013. Uma an\u00e1lise comparativa dos m\u00e9todos de avalia\u00e7\u00e3o de sistemas colaborativos fundamentados na engenharia semi\u00f3tica . In Proceedings of the 12th Brazilian Symposium on Human Factors in Computing Systems . Manaus, Brazil, 218--227. N. S. Santos, L. S. Ferreira, E. F. Barros, and R. O. Prates. 2013. Uma an\u00e1lise comparativa dos m\u00e9todos de avalia\u00e7\u00e3o de sistemas colaborativos fundamentados na engenharia semi\u00f3tica. In Proceedings of the 12th Brazilian Symposium on Human Factors in Computing Systems. Manaus, Brazil, 218--227.","key":"e_1_3_2_1_23_1"},{"volume-title":"The Semiotic Engineering of Human-Computer Interaction","author":"de Souza C. S.","unstructured":"C. S. de Souza . 2005. The Semiotic Engineering of Human-Computer Interaction . The MIT Press , Cambridge, MA . C. S. de Souza. 2005. The Semiotic Engineering of Human-Computer Interaction. The MIT Press, Cambridge, MA.","key":"e_1_3_2_1_24_1"},{"doi-asserted-by":"publisher","key":"e_1_3_2_1_25_1","DOI":"10.2200\/S00173ED1V01Y200901HCI002"},{"unstructured":"Napoliana Silva de Souza. 2017. Uma Abordagem Dial\u00e9tica Para a Pesquisa Interdisciplinar em Intera\u00e7\u00e3o Humano-Computador. Master's thesis. Universidade Federal da Bahia.  Napoliana Silva de Souza. 2017. Uma Abordagem Dial\u00e9tica Para a Pesquisa Interdisciplinar em Intera\u00e7\u00e3o Humano-Computador. Master's thesis. Universidade Federal da Bahia.","key":"e_1_3_2_1_26_1"}],"event":{"sponsor":["SBC Brazilian Computer Society","SIGCHI ACM Special Interest Group on Computer-Human Interaction"],"acronym":"IHC '21","name":"IHC '21: XX Brazilian Symposium on Human Factors in Computing Systems","location":"Virtual Event Brazil"},"container-title":["Proceedings of the XX Brazilian Symposium on Human Factors in Computing Systems"],"original-title":[],"link":[{"URL":"https:\/\/dl.acm.org\/doi\/10.1145\/3472301.3484368","content-type":"unspecified","content-version":"vor","intended-application":"text-mining"},{"URL":"https:\/\/dl.acm.org\/doi\/pdf\/10.1145\/3472301.3484368","content-type":"unspecified","content-version":"vor","intended-application":"similarity-checking"}],"deposited":{"date-parts":[[2025,6,17]],"date-time":"2025-06-17T18:10:02Z","timestamp":1750183802000},"score":1,"resource":{"primary":{"URL":"https:\/\/dl.acm.org\/doi\/10.1145\/3472301.3484368"}},"subtitle":["a dialectical perspective"],"short-title":[],"issued":{"date-parts":[[2021,10,18]]},"references-count":25,"alternative-id":["10.1145\/3472301.3484368","10.1145\/3472301"],"URL":"https:\/\/doi.org\/10.1145\/3472301.3484368","relation":{},"subject":[],"published":{"date-parts":[[2021,10,18]]},"assertion":[{"value":"2021-10-18","order":2,"name":"published","label":"Published","group":{"name":"publication_history","label":"Publication History"}}]}}