{"status":"ok","message-type":"work","message-version":"1.0.0","message":{"indexed":{"date-parts":[[2025,10,5]],"date-time":"2025-10-05T04:24:37Z","timestamp":1759638277118,"version":"3.41.0"},"publisher-location":"New York, NY, USA","reference-count":21,"publisher":"ACM","license":[{"start":{"date-parts":[[2021,10,18]],"date-time":"2021-10-18T00:00:00Z","timestamp":1634515200000},"content-version":"vor","delay-in-days":0,"URL":"https:\/\/www.acm.org\/publications\/policies\/copyright_policy#Background"}],"funder":[{"DOI":"10.13039\/501100005283","name":"Funda\u00e7\u00e3o Cearense de Apoio ao Desenvolvimento Cient\u00edfico e Tecnol\u00f3gico","doi-asserted-by":"publisher","id":[{"id":"10.13039\/501100005283","id-type":"DOI","asserted-by":"publisher"}]}],"content-domain":{"domain":["dl.acm.org"],"crossmark-restriction":true},"short-container-title":[],"published-print":{"date-parts":[[2021,10,18]]},"DOI":"10.1145\/3472301.3484373","type":"proceedings-article","created":{"date-parts":[[2021,10,12]],"date-time":"2021-10-12T10:15:42Z","timestamp":1634033742000},"page":"1-7","update-policy":"https:\/\/doi.org\/10.1145\/crossmark-policy","source":"Crossref","is-referenced-by-count":1,"title":["Was This Helpful?"],"prefix":"10.1145","author":[{"given":"Patrick","family":"de Ara\u00fajo","sequence":"first","affiliation":[{"name":"Universidade Federal do Cear\u00e1, Fortaleza, Cear\u00e1, Brasil"}]},{"given":"Rute","family":"Pereira","sequence":"additional","affiliation":[{"name":"Universidade Federal do Cear\u00e1, Quixad\u00e1, Cear\u00e1, Brasil"}]},{"given":"Georgia","family":"Pereira","sequence":"additional","affiliation":[{"name":"Universidade Federal do Cear\u00e1, Fortaleza, Cear\u00e1, Brasil"}]},{"given":"Ingrid","family":"Monteiro","sequence":"additional","affiliation":[{"name":"Universidade Federal do Cear\u00e1, Quixad\u00e1, Cear\u00e1, Brasil"}]},{"given":"Davi","family":"Romero","sequence":"additional","affiliation":[{"name":"Universidade Federal do Cear\u00e1, Quixad\u00e1, Cear\u00e1, Brasil"}]}],"member":"320","published-online":{"date-parts":[[2021,10,18]]},"reference":[{"key":"e_1_3_2_1_1_1","volume-title":"Decreto no 8.935, de 19 de dezembro de","author":"BRASIL.","year":"2016","unstructured":"BRASIL. 2016. Decreto no 8.935, de 19 de dezembro de 2016 . BRASIL. 2016. Decreto no 8.935, de 19 de dezembro de 2016."},{"key":"e_1_3_2_1_2_1","unstructured":"Bianor Scelza Cavalcanti and Roberto Bevilacqua Otero. 1997. Novos Padr\u00f5es Gerenciais no Setor P\u00fablico: medidas do governo americano. Enap.  Bianor Scelza Cavalcanti and Roberto Bevilacqua Otero. 1997. Novos Padr\u00f5es Gerenciais no Setor P\u00fablico: medidas do governo americano. Enap."},{"key":"e_1_3_2_1_3_1","doi-asserted-by":"publisher","DOI":"10.1177\/002224299205600304"},{"key":"e_1_3_2_1_4_1","unstructured":"Geoff Dinsdale Brian Marson Faye Schmidt and Teresa Strickland. 2000. Metodologia para medir a satisfa\u00e7\u00e3o do usu\u00e1rio no Canad\u00e1: desfazendo mitos e redesenhando roteiros.  Geoff Dinsdale Brian Marson Faye Schmidt and Teresa Strickland. 2000. Metodologia para medir a satisfa\u00e7\u00e3o do usu\u00e1rio no Canad\u00e1: desfazendo mitos e redesenhando roteiros."},{"key":"e_1_3_2_1_5_1","unstructured":"Sigfried Vasques Dominguez. 2000. O valor percebido como elemento estrat\u00e9gico para obter a lealdade dos clientes. Caderno de pesquisas em administra\u00e7\u00e3o 7 4: 53--64.  Sigfried Vasques Dominguez. 2000. O valor percebido como elemento estrat\u00e9gico para obter a lealdade dos clientes. Caderno de pesquisas em administra\u00e7\u00e3o 7 4: 53--64."},{"key":"e_1_3_2_1_6_1","doi-asserted-by":"crossref","unstructured":"Monique Esperidi\u00e3o and Leny Alves Bomfim Trad. 2005. Avalia\u00e7\u00e3o de satisfa\u00e7\u00e3o de usu\u00e1rios. Ci\u00eancia \\& Sa\u00fade Coletiva 10: 303--312.  Monique Esperidi\u00e3o and Leny Alves Bomfim Trad. 2005. Avalia\u00e7\u00e3o de satisfa\u00e7\u00e3o de usu\u00e1rios. Ci\u00eancia \\& Sa\u00fade Coletiva 10: 303--312.","DOI":"10.1590\/S1413-81232005000500031"},{"key":"e_1_3_2_1_7_1","unstructured":"Jo\u00e3o Paulo Alves Ferreira. 2018. Avalia\u00e7\u00e3o de qualidade de servi\u00e7os governamentais digitizados.  Jo\u00e3o Paulo Alves Ferreira. 2018. Avalia\u00e7\u00e3o de qualidade de servi\u00e7os governamentais digitizados."},{"key":"e_1_3_2_1_8_1","unstructured":"Antonio Carlos Gil and others. 2002. Como elaborar projetos de pesquisa. Atlas S\u00e3o Paulo.  Antonio Carlos Gil and others. 2002. Como elaborar projetos de pesquisa. Atlas S\u00e3o Paulo."},{"key":"e_1_3_2_1_9_1","volume-title":"Retrieved","author":"Digital Governo","year":"2020","unstructured":"Governo Digital . 2020 . Plataforma de Avalia\u00e7\u00e3o de Servi\u00e7os . Retrieved June 10, 2021 from https:\/\/www.gov.br\/governodigital\/pt-br\/transformacao-digital\/ferramentas\/plataforma-de-avaliacao-de-servicos Governo Digital. 2020. Plataforma de Avalia\u00e7\u00e3o de Servi\u00e7os. Retrieved June 10, 2021 from https:\/\/www.gov.br\/governodigital\/pt-br\/transformacao-digital\/ferramentas\/plataforma-de-avaliacao-de-servicos"},{"key":"e_1_3_2_1_10_1","unstructured":"David Martin Johnston. 1995. Mensura\u00e7\u00e3o da qualidade de servi\u00e7os atrav\u00e9s da escala SERVQUAL: sua operacionaliza\u00e7\u00e3o no setor de servi\u00e7os banc\u00e1rios business-to-business.  David Martin Johnston. 1995. Mensura\u00e7\u00e3o da qualidade de servi\u00e7os atrav\u00e9s da escala SERVQUAL: sua operacionaliza\u00e7\u00e3o no setor de servi\u00e7os banc\u00e1rios business-to-business."},{"key":"e_1_3_2_1_11_1","unstructured":"Severino Domingos da Silva J\u00fanior and Francisco Jos\u00e9 Costa. 2014. Mensura\u00e7\u00e3o e escalas de verifica\u00e7\u00e3o: uma an\u00e1lise comparativa das escalas de Likert e Phrase Completion. PMKT--Revista Brasileira de Pesquisas de Marketing Opini\u00e3o e M\u00eddia 15 1--16: 61.  Severino Domingos da Silva J\u00fanior and Francisco Jos\u00e9 Costa. 2014. Mensura\u00e7\u00e3o e escalas de verifica\u00e7\u00e3o: uma an\u00e1lise comparativa das escalas de Likert e Phrase Completion. PMKT--Revista Brasileira de Pesquisas de Marketing Opini\u00e3o e M\u00eddia 15 1--16: 61."},{"key":"e_1_3_2_1_12_1","volume-title":"SERVQUAL: A multiple-item scale for measuring consumer perceptions of service quality. 1988 64, 1: 12--40.","author":"Parasuraman A","year":"1988","unstructured":"A Parasuraman , Valarie A Zeithaml , and L Berry . 1988 . SERVQUAL: A multiple-item scale for measuring consumer perceptions of service quality. 1988 64, 1: 12--40. A Parasuraman, Valarie A Zeithaml, and L Berry. 1988. SERVQUAL: A multiple-item scale for measuring consumer perceptions of service quality. 1988 64, 1: 12--40."},{"key":"e_1_3_2_1_13_1","unstructured":"Government Digital Service. 2021. Get a GOV.UK feedback page. GOV.UK. Retrieved from https:\/\/www.gov.uk\/service-manual\/service-assessments\/get-feedback-page  Government Digital Service. 2021. Get a GOV.UK feedback page. GOV.UK. Retrieved from https:\/\/www.gov.uk\/service-manual\/service-assessments\/get-feedback-page"},{"key":"e_1_3_2_1_14_1","volume-title":"Glauco Vitor Pedrosa, Vanessa de Andrade Soares, Gabriela Iwama, V\u00edtor Gomes Menezes, Daniele de Paiva Vaz, D\u00e9bora Janini Campos Guedes, and Rejane Maria da Costa Figueiredo.","author":"Pereira da Silva Wander Cleber","year":"2019","unstructured":"Wander Cleber Pereira da Silva , Mar\u00edlia Miranda Forte Gomes , Glauco Vitor Pedrosa, Vanessa de Andrade Soares, Gabriela Iwama, V\u00edtor Gomes Menezes, Daniele de Paiva Vaz, D\u00e9bora Janini Campos Guedes, and Rejane Maria da Costa Figueiredo. 2019 . Avalia\u00e7\u00e3o da qualidade em servi\u00e7os p\u00fablicos: relat\u00f3rio t\u00e9cnico. Wander Cleber Pereira da Silva, Mar\u00edlia Miranda Forte Gomes, Glauco Vitor Pedrosa, Vanessa de Andrade Soares, Gabriela Iwama, V\u00edtor Gomes Menezes, Daniele de Paiva Vaz, D\u00e9bora Janini Campos Guedes, and Rejane Maria da Costa Figueiredo. 2019. Avalia\u00e7\u00e3o da qualidade em servi\u00e7os p\u00fablicos: relat\u00f3rio t\u00e9cnico."},{"key":"e_1_3_2_1_15_1","volume-title":"Glauco Vitor Pedrosa, and Mar\u00edlia Miranda Forte Gomes","author":"Pereira da Silva Wander Cleber","year":"2020","unstructured":"Wander Cleber Pereira da Silva , Glauco Vitor Pedrosa, and Mar\u00edlia Miranda Forte Gomes . 2020 . Proposta de modelo de avalia\u00e7\u00e3o da satisfa\u00e7\u00e3o de usu\u00e1rios de servi\u00e7os p\u00fablicos. Wander Cleber Pereira da Silva, Glauco Vitor Pedrosa, and Mar\u00edlia Miranda Forte Gomes. 2020. Proposta de modelo de avalia\u00e7\u00e3o da satisfa\u00e7\u00e3o de usu\u00e1rios de servi\u00e7os p\u00fablicos."},{"key":"e_1_3_2_1_16_1","doi-asserted-by":"crossref","unstructured":"Marianne Nassuno M. 2000. A administra\u00e7\u00e3o com foco no usu\u00e1rio-cidad\u00e3o: realiza\u00e7\u00f5es no governo federal brasileiro nos \u00faltimos 5 anos. Revista do Servi\u00e7o P\u00fablico 51(4) 61--98.  Marianne Nassuno M. 2000. A administra\u00e7\u00e3o com foco no usu\u00e1rio-cidad\u00e3o: realiza\u00e7\u00f5es no governo federal brasileiro nos \u00faltimos 5 anos. Revista do Servi\u00e7o P\u00fablico 51(4) 61--98.","DOI":"10.21874\/rsp.v51i4.335"},{"key":"e_1_3_2_1_18_1","unstructured":"Maria Laura Gontijo Tolentino and Simone Cristina Dufloth. 2019. Avalia\u00e7\u00e3o de satisfa\u00e7\u00e3o dos usu\u00e1rios dos servi\u00e7os p\u00fablicos: an\u00e1lise aplicada aos mecanismos de avalia\u00e7\u00e3o dos servi\u00e7os prestados nas unidades de atendimento integrado do estado de Minas Gerais. Ci\u00eancias Gerenciais em Foco 10 7: 17--42.  Maria Laura Gontijo Tolentino and Simone Cristina Dufloth. 2019. Avalia\u00e7\u00e3o de satisfa\u00e7\u00e3o dos usu\u00e1rios dos servi\u00e7os p\u00fablicos: an\u00e1lise aplicada aos mecanismos de avalia\u00e7\u00e3o dos servi\u00e7os prestados nas unidades de atendimento integrado do estado de Minas Gerais. Ci\u00eancias Gerenciais em Foco 10 7: 17--42."},{"key":"e_1_3_2_1_19_1","unstructured":"Barbara Ubaldi Felipe Gonz\u00e1lez-Zapata and Mariane Piccinin Barbieri. 2020. Digital Government Index: 2019 results.  Barbara Ubaldi Felipe Gonz\u00e1lez-Zapata and Mariane Piccinin Barbieri. 2020. Digital Government Index: 2019 results."},{"key":"e_1_3_2_1_20_1","doi-asserted-by":"crossref","unstructured":"Pieter Verdegem and Gino Verleye. 2009. User-centered E-Government in practice: A comprehensive model for measuring user satisfaction. Government information quarterly 26 3: 487--497.  Pieter Verdegem and Gino Verleye. 2009. User-centered E-Government in practice: A comprehensive model for measuring user satisfaction. Government information quarterly 26 3: 487--497.","DOI":"10.1016\/j.giq.2009.03.005"},{"key":"e_1_3_2_1_21_1","doi-asserted-by":"publisher","DOI":"10.1109\/ICE.2017.8279931"},{"key":"e_1_3_2_1_22_1","unstructured":"2021. Measuring user satisfaction. GOV.UK. Retrieved from https:\/\/www.gov.uk\/service-manual\/measuring-success\/measuring-user-satisfaction  2021. Measuring user satisfaction. GOV.UK. Retrieved from https:\/\/www.gov.uk\/service-manual\/measuring-success\/measuring-user-satisfaction"}],"event":{"name":"IHC '21: XX Brazilian Symposium on Human Factors in Computing Systems","sponsor":["SBC Brazilian Computer Society","SIGCHI ACM Special Interest Group on Computer-Human Interaction"],"location":"Virtual Event Brazil","acronym":"IHC '21"},"container-title":["Proceedings of the XX Brazilian Symposium on Human Factors in Computing Systems"],"original-title":[],"link":[{"URL":"https:\/\/dl.acm.org\/doi\/10.1145\/3472301.3484373","content-type":"unspecified","content-version":"vor","intended-application":"text-mining"},{"URL":"https:\/\/dl.acm.org\/doi\/pdf\/10.1145\/3472301.3484373","content-type":"unspecified","content-version":"vor","intended-application":"similarity-checking"}],"deposited":{"date-parts":[[2025,6,17]],"date-time":"2025-06-17T20:17:36Z","timestamp":1750191456000},"score":1,"resource":{"primary":{"URL":"https:\/\/dl.acm.org\/doi\/10.1145\/3472301.3484373"}},"subtitle":["Analysis of Satisfaction Evaluation Instruments in Public Service Applications"],"short-title":[],"issued":{"date-parts":[[2021,10,18]]},"references-count":21,"alternative-id":["10.1145\/3472301.3484373","10.1145\/3472301"],"URL":"https:\/\/doi.org\/10.1145\/3472301.3484373","relation":{},"subject":[],"published":{"date-parts":[[2021,10,18]]},"assertion":[{"value":"2021-10-18","order":2,"name":"published","label":"Published","group":{"name":"publication_history","label":"Publication History"}}]}}