{"status":"ok","message-type":"work","message-version":"1.0.0","message":{"indexed":{"date-parts":[[2025,7,4]],"date-time":"2025-07-04T05:38:14Z","timestamp":1751607494047,"version":"3.41.0"},"publisher-location":"New York, NY, USA","reference-count":24,"publisher":"ACM","license":[{"start":{"date-parts":[[2021,10,18]],"date-time":"2021-10-18T00:00:00Z","timestamp":1634515200000},"content-version":"vor","delay-in-days":0,"URL":"https:\/\/www.acm.org\/publications\/policies\/copyright_policy#Background"}],"content-domain":{"domain":["dl.acm.org"],"crossmark-restriction":true},"short-container-title":[],"published-print":{"date-parts":[[2021,10,18]]},"DOI":"10.1145\/3472301.3484376","type":"proceedings-article","created":{"date-parts":[[2021,10,12]],"date-time":"2021-10-12T10:15:42Z","timestamp":1634033742000},"page":"1-11","update-policy":"https:\/\/doi.org\/10.1145\/crossmark-policy","source":"Crossref","is-referenced-by-count":6,"title":["Wearable device in the form of glasses to assist the visually impaired in detecting obstacles"],"prefix":"10.1145","author":[{"given":"Marcelo Martins","family":"da Silva","sequence":"first","affiliation":[{"name":"Universidade Federal do Cear\u00e1, Quixad\u00e1, Cear\u00e1, Brasil"}]},{"given":"Let\u00edcia Saraiva","family":"Chaves","sequence":"additional","affiliation":[{"name":"Universidade Federal do Cear\u00e1, Quixad\u00e1, Cear\u00e1, Brasil"}]},{"given":"Carlos Alberto Ferreira","family":"J\u00fanior","sequence":"additional","affiliation":[{"name":"Universidade Federal do Cear\u00e1, Quixad\u00e1, Cear\u00e1, Brasil"}]},{"given":"Camila St\u00e9fany D.","family":"Guerra","sequence":"additional","affiliation":[{"name":"Universidade Federal do Cear\u00e1, Quixad\u00e1, Cear\u00e1, Brasil"}]},{"given":"S\u00e1via Rafaella Lopes","family":"Fernandes","sequence":"additional","affiliation":[{"name":"Universidade Federal do Cear\u00e1, Quixad\u00e1, Cear\u00e1, Brasil"}]},{"given":"Paulo Armando Cavalcante","family":"Aguilar","sequence":"additional","affiliation":[{"name":"Universidade Federal do Cear\u00e1, Quixad\u00e1, Cear\u00e1, Brasil"}]},{"given":"Ingrid Teixeira","family":"Monteiro","sequence":"additional","affiliation":[{"name":"Universidade Federal do Cear\u00e1, Quixad\u00e1, Cear\u00e1, Brasil"}]},{"given":"Andr\u00e9ia Lib\u00f3rio","family":"Sampaio","sequence":"additional","affiliation":[{"name":"Universidade Federal do Cear\u00e1, Quixad\u00e1, Cear\u00e1, Brasil"}]}],"member":"320","published-online":{"date-parts":[[2021,10,18]]},"reference":[{"volume-title":"Intera\u00e7\u00e3o humano-computador","author":"Barbosa Simone","key":"e_1_3_2_1_1_1","unstructured":"Simone Barbosa and Bruno Silva . 2010. Intera\u00e7\u00e3o humano-computador . Elsevier Brasil . Simone Barbosa and Bruno Silva. 2010. Intera\u00e7\u00e3o humano-computador. Elsevier Brasil."},{"key":"e_1_3_2_1_2_1","volume-title":"Introdu\u00e7\u00e3o ao conceito de Tecnologia Assistiva e modelos de abordagem da defici\u00eancia. Bengala Legal","author":"Rita","year":"2006","unstructured":"Rita BERSCH and Jos\u00e9 C TONOLLI. 2006. Introdu\u00e7\u00e3o ao conceito de Tecnologia Assistiva e modelos de abordagem da defici\u00eancia. Bengala Legal ( 2006 ). Rita BERSCH and Jos\u00e9 C TONOLLI. 2006. Introdu\u00e7\u00e3o ao conceito de Tecnologia Assistiva e modelos de abordagem da defici\u00eancia. Bengala Legal (2006)."},{"key":"e_1_3_2_1_3_1","doi-asserted-by":"publisher","DOI":"10.1145\/3160504.3160574"},{"key":"e_1_3_2_1_4_1","doi-asserted-by":"publisher","DOI":"10.1007\/s00371-006-0032-4"},{"key":"e_1_3_2_1_5_1","doi-asserted-by":"publisher","DOI":"10.3390\/s20092599"},{"key":"e_1_3_2_1_6_1","doi-asserted-by":"publisher","DOI":"10.1145\/2634317.2634340"},{"key":"e_1_3_2_1_7_1","unstructured":"Camila Guerra Carlos A. Ferreira Gabriel Vasconcelas Let\u00edcia Saraiva Marcelo Martins Paulo A. Aguilar and Roberta Dutra. 2018. Smart glasses: \u00f3culos inteligente para deficientes visuais. In Tecnologia Assistiva - Pesquisa e Conhecimento II (1 ed.). Fausto Orsi Medola e Luis Carlos Paschoarelli Canal 6 Editora 207--218.  Camila Guerra Carlos A. Ferreira Gabriel Vasconcelas Let\u00edcia Saraiva Marcelo Martins Paulo A. Aguilar and Roberta Dutra. 2018. Smart glasses: \u00f3culos inteligente para deficientes visuais. In Tecnologia Assistiva - Pesquisa e Conhecimento II (1 ed.). Fausto Orsi Medola e Luis Carlos Paschoarelli Canal 6 Editora 207--218."},{"key":"e_1_3_2_1_8_1","volume-title":"caracter\u00edsticas gerais da popula\u00e7\u00e3o, religi\u00e3o e pessoas com defici\u00eancia. Rio de Janeiro 29","author":"Censo Demogr\u00e1fico IBGE.","year":"2010","unstructured":"IBGE. 2010. Censo Demogr\u00e1fico , caracter\u00edsticas gerais da popula\u00e7\u00e3o, religi\u00e3o e pessoas com defici\u00eancia. Rio de Janeiro 29 ( 2010 ). IBGE. 2010. Censo Demogr\u00e1fico, caracter\u00edsticas gerais da popula\u00e7\u00e3o, religi\u00e3o e pessoas com defici\u00eancia. Rio de Janeiro 29 (2010)."},{"key":"e_1_3_2_1_9_1","volume-title":"Smart Glasses: \u00f3culos inteligente para deficientes visuais. Retrieved","author":"Ferreira Carlos A.","year":"2021","unstructured":"Carlos A. Ferreira Jr ., Hugo Duarte , Let\u00edcia S. Chaves , Marcelo M. da Silva , David S. Oliveira , and Paulo Aguilar . 2017. Smart Glasses: \u00f3culos inteligente para deficientes visuais. Retrieved Aug 1, 2021 from https:\/\/www.quixada.ufc.br\/wp-content\/uploads\/2015\/06\/Encontros-Universit%C3%A1rios-2017.pdf Carlos A. Ferreira Jr., Hugo Duarte, Let\u00edcia S. Chaves, Marcelo M. da Silva, David S. Oliveira, and Paulo Aguilar. 2017. Smart Glasses: \u00f3culos inteligente para deficientes visuais. Retrieved Aug 1, 2021 from https:\/\/www.quixada.ufc.br\/wp-content\/uploads\/2015\/06\/Encontros-Universit%C3%A1rios-2017.pdf"},{"key":"e_1_3_2_1_10_1","volume-title":"Ismael Mattos Andrade \u00c1vila, and C Tambascia.","author":"Melo A","year":"2009","unstructured":"A Melo , Lara Schibelsky Godoy Piccolo , Ismael Mattos Andrade \u00c1vila, and C Tambascia. 2009 . Usabilidade, acessibilidade e inteligibilidade aplicadas em interfaces para analfabetos, idosos e pessoas com defici\u00eancia. Anais do Simp\u00f3sio Brasileiro sobre Fatores Humanos em Sistemas Computacionais . 9 (2009). https:\/\/bityli.com\/7BnI6 A Melo, Lara Schibelsky Godoy Piccolo, Ismael Mattos Andrade \u00c1vila, and C Tambascia. 2009. Usabilidade, acessibilidade e inteligibilidade aplicadas em interfaces para analfabetos, idosos e pessoas com defici\u00eancia. Anais do Simp\u00f3sio Brasileiro sobre Fatores Humanos em Sistemas Computacionais. 9 (2009). https:\/\/bityli.com\/7BnI6"},{"key":"e_1_3_2_1_11_1","volume-title":"Acessibilidade e inclus\u00e3o digital. Livro dos Tutoriais do XIII Simp\u00f3sio Brasileiro sobre Fatores Humanos em Sistemas Computacionais","author":"Melo Amanda Meincke","year":"2014","unstructured":"Amanda Meincke Melo . 2014. Acessibilidade e inclus\u00e3o digital. Livro dos Tutoriais do XIII Simp\u00f3sio Brasileiro sobre Fatores Humanos em Sistemas Computacionais ( 2014 ), 29. Amanda Meincke Melo. 2014. Acessibilidade e inclus\u00e3o digital. Livro dos Tutoriais do XIII Simp\u00f3sio Brasileiro sobre Fatores Humanos em Sistemas Computacionais (2014), 29."},{"key":"e_1_3_2_1_12_1","volume-title":"Congresso da Sociedade Brasileira de Computa\u00e7\u00e3o","volume":"25","author":"Melo Amanda Meincke","year":"2005","unstructured":"Amanda Meincke Melo and M Cec\u00edlia C Baranauskas . 2005 . Design e avalia\u00e7\u00e3o de tecnologia web-acess\u00edvel . In Congresso da Sociedade Brasileira de Computa\u00e7\u00e3o , Vol. 25 . 1500--1544. Amanda Meincke Melo and M Cec\u00edlia C Baranauskas. 2005. Design e avalia\u00e7\u00e3o de tecnologia web-acess\u00edvel. In Congresso da Sociedade Brasileira de Computa\u00e7\u00e3o, Vol. 25. 1500--1544."},{"key":"e_1_3_2_1_13_1","doi-asserted-by":"publisher","DOI":"10.1177\/1541931214581381"},{"key":"e_1_3_2_1_14_1","doi-asserted-by":"publisher","DOI":"10.1109\/SAI.2015.7237289"},{"key":"e_1_3_2_1_15_1","unstructured":"World Health Organization et al. 2011. World report on disability 2011. World Health Organization.  World Health Organization et al. 2011. World report on disability 2011. World Health Organization."},{"key":"e_1_3_2_1_17_1","volume-title":"VISION 2020: The Right to Sight: a global initiative to eliminate avoidable blindness. Archives of ophthalmology 122","author":"Pizzarello Louis","year":"2004","unstructured":"Louis Pizzarello , Adenike Abiose , Timothy Ffytche , Rainaldo Duerksen , R Thulasiraj , Hugh Taylor , Hannah Faal , Gullapali Rao , Ivo Kocur , and Serge Resnikoff . 2004 . VISION 2020: The Right to Sight: a global initiative to eliminate avoidable blindness. Archives of ophthalmology 122 , 4 (2004), 615--620. Louis Pizzarello, Adenike Abiose, Timothy Ffytche, Rainaldo Duerksen, R Thulasiraj, Hugh Taylor, Hannah Faal, Gullapali Rao, Ivo Kocur, and Serge Resnikoff. 2004. VISION 2020: The Right to Sight: a global initiative to eliminate avoidable blindness. Archives of ophthalmology 122, 4 (2004), 615--620."},{"key":"e_1_3_2_1_18_1","volume-title":"Uma revis\u00e3o sobre acessibilidade no desenvolvimento de Internet das Coisas: oportunidades e tend\u00eancias. Revista de Sistemas e Computa\u00e7\u00e3o-RSC 9, 1","author":"Rodrigues Sandra Souza","year":"2019","unstructured":"Sandra Souza Rodrigues and Renata Pontin de Mattos Fortes . 2019. Uma revis\u00e3o sobre acessibilidade no desenvolvimento de Internet das Coisas: oportunidades e tend\u00eancias. Revista de Sistemas e Computa\u00e7\u00e3o-RSC 9, 1 ( 2019 ). Sandra Souza Rodrigues and Renata Pontin de Mattos Fortes. 2019. Uma revis\u00e3o sobre acessibilidade no desenvolvimento de Internet das Coisas: oportunidades e tend\u00eancias. Revista de Sistemas e Computa\u00e7\u00e3o-RSC 9, 1 (2019)."},{"key":"e_1_3_2_1_19_1","unstructured":"Yvonne Rogers Helen Sharp and Jennifer Preece. 2013. Design de Intera\u00e7\u00e3o. Bookman Editora.  Yvonne Rogers Helen Sharp and Jennifer Preece. 2013. Design de Intera\u00e7\u00e3o. Bookman Editora."},{"key":"e_1_3_2_1_20_1","volume-title":"ACESSIBILIDADE COMO FATOR DE INCLUS\u00c3O \u00c0S PESSOAS COM DEFICI\u00caNCIA. REIN-REVISTA EDUCA\u00c7\u00c3O INCLUSIVA 2, 1","author":"Santos Joselito","year":"2018","unstructured":"Joselito Santos and Tatiana Cristina Vasconcelos . 2018. ACESSIBILIDADE COMO FATOR DE INCLUS\u00c3O \u00c0S PESSOAS COM DEFICI\u00caNCIA. REIN-REVISTA EDUCA\u00c7\u00c3O INCLUSIVA 2, 1 ( 2018 ), 35--53. Joselito Santos and Tatiana Cristina Vasconcelos. 2018. ACESSIBILIDADE COMO FATOR DE INCLUS\u00c3O \u00c0S PESSOAS COM DEFICI\u00caNCIA. REIN-REVISTA EDUCA\u00c7\u00c3O INCLUSIVA 2, 1 (2018), 35--53."},{"key":"#cr-split#-e_1_3_2_1_21_1.1","doi-asserted-by":"crossref","unstructured":"Carlos Alberto Silva and Andr\u00e9 Pimenta Freire. 2018. Inspe\u00e7\u00e3o da Acessibilidade de Aplicativos M\u00f3veis Utilizando Software Leitor de Telas. In Anais Estendidos do XVII Simp\u00f3sio Brasileiro sobre Fatores Humanos em Sistemas Computacionais (Bel\u00e9m). SBC Porto Alegre RS Brasil. https:\/\/doi.org\/10.5753\/ihc.2018.4174 10.5753\/ihc.2018.4174","DOI":"10.5753\/ihc.2018.4174"},{"key":"#cr-split#-e_1_3_2_1_21_1.2","doi-asserted-by":"crossref","unstructured":"Carlos Alberto Silva and Andr\u00e9 Pimenta Freire. 2018. Inspe\u00e7\u00e3o da Acessibilidade de Aplicativos M\u00f3veis Utilizando Software Leitor de Telas. In Anais Estendidos do XVII Simp\u00f3sio Brasileiro sobre Fatores Humanos em Sistemas Computacionais (Bel\u00e9m). SBC Porto Alegre RS Brasil. https:\/\/doi.org\/10.5753\/ihc.2018.4174","DOI":"10.5753\/ihc.2018.4174"},{"key":"e_1_3_2_1_22_1","doi-asserted-by":"publisher","DOI":"10.1145\/2750858.2807541"},{"key":"e_1_3_2_1_23_1","volume-title":"Orientation and mobility in the blind children","author":"Weishaln R","year":"1990","unstructured":"R Weishaln . 1990. Orientation and mobility in the blind children . New York : Englewood Cliffs ( 1990 ). R Weishaln. 1990. Orientation and mobility in the blind children. New York: Englewood Cliffs (1990)."},{"key":"e_1_3_2_1_24_1","unstructured":"Greg Welch Gary Bishop etal 1995. An introduction to the Kalman filter. (1995).  Greg Welch Gary Bishop et al. 1995. An introduction to the Kalman filter. (1995)."}],"event":{"name":"IHC '21: XX Brazilian Symposium on Human Factors in Computing Systems","sponsor":["SBC Brazilian Computer Society","SIGCHI ACM Special Interest Group on Computer-Human Interaction"],"location":"Virtual Event Brazil","acronym":"IHC '21"},"container-title":["Proceedings of the XX Brazilian Symposium on Human Factors in Computing Systems"],"original-title":[],"link":[{"URL":"https:\/\/dl.acm.org\/doi\/10.1145\/3472301.3484376","content-type":"unspecified","content-version":"vor","intended-application":"text-mining"},{"URL":"https:\/\/dl.acm.org\/doi\/pdf\/10.1145\/3472301.3484376","content-type":"unspecified","content-version":"vor","intended-application":"similarity-checking"}],"deposited":{"date-parts":[[2025,6,17]],"date-time":"2025-06-17T20:17:36Z","timestamp":1750191456000},"score":1,"resource":{"primary":{"URL":"https:\/\/dl.acm.org\/doi\/10.1145\/3472301.3484376"}},"subtitle":[],"short-title":[],"issued":{"date-parts":[[2021,10,18]]},"references-count":24,"alternative-id":["10.1145\/3472301.3484376","10.1145\/3472301"],"URL":"https:\/\/doi.org\/10.1145\/3472301.3484376","relation":{},"subject":[],"published":{"date-parts":[[2021,10,18]]},"assertion":[{"value":"2021-10-18","order":2,"name":"published","label":"Published","group":{"name":"publication_history","label":"Publication History"}}]}}