{"status":"ok","message-type":"work","message-version":"1.0.0","message":{"indexed":{"date-parts":[[2025,6,18]],"date-time":"2025-06-18T04:18:39Z","timestamp":1750220319974,"version":"3.41.0"},"publisher-location":"New York, NY, USA","reference-count":17,"publisher":"ACM","license":[{"start":{"date-parts":[[2021,5,14]],"date-time":"2021-05-14T00:00:00Z","timestamp":1620950400000},"content-version":"vor","delay-in-days":0,"URL":"https:\/\/www.acm.org\/publications\/policies\/copyright_policy#Background"}],"content-domain":{"domain":[],"crossmark-restriction":false},"short-container-title":[],"published-print":{"date-parts":[[2021,5,14]]},"DOI":"10.1145\/3472813.3473201","type":"proceedings-article","created":{"date-parts":[[2021,10,26]],"date-time":"2021-10-26T15:41:48Z","timestamp":1635262908000},"page":"265-269","source":"Crossref","is-referenced-by-count":0,"title":["Characterization of the Weight Loss in Term Neonates Associated with the Maternal-neonatal Factor during Their Stay in a Public Hospital"],"prefix":"10.1145","author":[{"given":"Vanessa","family":"Mancha","sequence":"first","affiliation":[{"name":"National University of Callao,Callao,Peru, Peru"}]},{"given":"Melina","family":"I.Chumpitaz","sequence":"additional","affiliation":[{"name":"National University of Callao,Callao,Peru, Peru"}]},{"given":"Mercedes","family":"L.Ferrer","sequence":"additional","affiliation":[{"name":"National University of Callao,Callao,Peru, Peru"}]},{"given":"Piedad","family":"Herrera","sequence":"additional","affiliation":[{"name":"National University of Callao,Callao,Peru, Peru"}]},{"given":"Zora","family":"A.Riojas","sequence":"additional","affiliation":[{"name":"National University of Callao,Callao,Peru, Peru"}]},{"given":"Ruth","family":"M.Ponce","sequence":"additional","affiliation":[{"name":"National University of Callao,Callao,Peru, Peru"}]}],"member":"320","published-online":{"date-parts":[[2021,10,26]]},"reference":[{"key":"e_1_3_2_1_1_1","unstructured":"WHO 2019. Seg\u00fan un informe de las Naciones Unidas las cifras de supervivencia maternoinfantil son m\u00e1s elevadas que nunca. Retrieved Jul 05 2020 From: https:\/\/www.who.int\/es\/news\/item\/19-09-2019-more-women-and-children-survive-today-than-ever-before-un-report.  WHO 2019. Seg\u00fan un informe de las Naciones Unidas las cifras de supervivencia maternoinfantil son m\u00e1s elevadas que nunca. Retrieved Jul 05 2020 From: https:\/\/www.who.int\/es\/news\/item\/19-09-2019-more-women-and-children-survive-today-than-ever-before-un-report."},{"key":"e_1_3_2_1_2_1","unstructured":"UNICEF 2017. 7.000 reci\u00e9n nacidos mueren cada d\u00eda a pesar de los progresos en la supervivencia infantil seg\u00fan un nuevo informe. Retrieved Jul 05 2020 From: https:\/\/www.unicef.org\/es\/comunicados-prensa\/7000-reci%C3%A9n-nacidos-mueren-cada-d%C3%ADa-pesar-de-los-progresos-en-la-supervivencia  UNICEF 2017. 7.000 reci\u00e9n nacidos mueren cada d\u00eda a pesar de los progresos en la supervivencia infantil seg\u00fan un nuevo informe. Retrieved Jul 05 2020 From: https:\/\/www.unicef.org\/es\/comunicados-prensa\/7000-reci%C3%A9n-nacidos-mueren-cada-d%C3%ADa-pesar-de-los-progresos-en-la-supervivencia"},{"key":"e_1_3_2_1_3_1","unstructured":"Ministerio de Salud y Protecci\u00f3n Social. 2013. Gu\u00eda de pr\u00e1ctica cl\u00ednica del Reci\u00e9n Nacido Sano. Ministerio de Salud y Protecci\u00f3n Social de Colombia.  Ministerio de Salud y Protecci\u00f3n Social. 2013. Gu\u00eda de pr\u00e1ctica cl\u00ednica del Reci\u00e9n Nacido Sano. Ministerio de Salud y Protecci\u00f3n Social de Colombia."},{"key":"e_1_3_2_1_4_1","volume-title":"Hospital Antonio Lorena-Cusco","author":"Sutta Visa","year":"2018","unstructured":"Sutta Visa , Maribel. 2018 . Factores Asociados A La Perdida De Peso Excesiva En Recien Nacidos , Hospital Antonio Lorena-Cusco , 2018. Bachelor degree Thesis. Medical Faculty. Universiad Andina del Cusco. Sutta Visa, Maribel. 2018. Factores Asociados A La Perdida De Peso Excesiva En Recien Nacidos, Hospital Antonio Lorena-Cusco, 2018. Bachelor degree Thesis. Medical Faculty. Universiad Andina del Cusco."},{"volume-title":"Mary Ann Fletcher.2001. Neonatolog\u00eda. Fisiopatolog\u00eda y manejo del reci\u00e9n nacido \u2013 5ta Edici\u00f3n. Editor","author":"Gordon B.","key":"e_1_3_2_1_5_1","unstructured":"Gordon B. Avery , Mary Ann Fletcher.2001. Neonatolog\u00eda. Fisiopatolog\u00eda y manejo del reci\u00e9n nacido \u2013 5ta Edici\u00f3n. Editor ial M\u00e9dica Panamericana . Gordon B. Avery, Mary Ann Fletcher.2001. Neonatolog\u00eda. Fisiopatolog\u00eda y manejo del reci\u00e9n nacido \u2013 5ta Edici\u00f3n. Editorial M\u00e9dica Panamericana."},{"key":"e_1_3_2_1_6_1","unstructured":"Eusebio Angulo Elisa Garc\u00eda. 2016. Programa de actualizaci\u00f3n continua en neonatolog\u00eda \u2013 Libro 4. Intersistemas S.A de C.V.  Eusebio Angulo Elisa Garc\u00eda. 2016. Programa de actualizaci\u00f3n continua en neonatolog\u00eda \u2013 Libro 4. Intersistemas S.A de C.V."},{"volume-title":"Editor","author":"Horacio Reyes V\u00e1zquez","key":"e_1_3_2_1_7_1","unstructured":"Horacio Reyes V\u00e1zquez ,Aurora Mart\u00ednez Gonz\u00e1lez.2011. Lactancia Humana , Editor ial M\u00e9dica Panamericana Horacio Reyes V\u00e1zquez,Aurora Mart\u00ednez Gonz\u00e1lez.2011. Lactancia Humana, Editorial M\u00e9dica Panamericana"},{"key":"e_1_3_2_1_8_1","volume-title":"Comportamiento de la lactancia materna exclusiva en madres ind\u00edgenas. Rev Cubana Med Gen Integr [online]. 35,3 (September","author":"Keylee Cevallos","year":"2019","unstructured":"Keylee Cevallos , Lorena Castillo, Eulalia Santillan . 2019. Comportamiento de la lactancia materna exclusiva en madres ind\u00edgenas. Rev Cubana Med Gen Integr [online]. 35,3 (September 2019 ). http:\/\/scielo.sld.cu\/scielo.php?script=sci_abstract&pid=S0864-21252019000300006&lng=es&nrm=iso&tlng=es Keylee Cevallos, Lorena Castillo, Eulalia Santillan. 2019. Comportamiento de la lactancia materna exclusiva en madres ind\u00edgenas. Rev Cubana Med Gen Integr [online]. 35,3 (September 2019). http:\/\/scielo.sld.cu\/scielo.php?script=sci_abstract&pid=S0864-21252019000300006&lng=es&nrm=iso&tlng=es"},{"key":"e_1_3_2_1_9_1","unstructured":"Pontigo Isabel Mar\u00eda. 2019. Factores que dificultan la pr\u00e1ctica de la lactancia materna en un hospital p\u00fablico. Tesis Facultad de Ciencias de la Nutrici\u00f3n y Alimentos - Maestr\u00eda en Alimentaci\u00f3n y Nutrici\u00f3n-UNICACH.  Pontigo Isabel Mar\u00eda. 2019. Factores que dificultan la pr\u00e1ctica de la lactancia materna en un hospital p\u00fablico. Tesis Facultad de Ciencias de la Nutrici\u00f3n y Alimentos - Maestr\u00eda en Alimentaci\u00f3n y Nutrici\u00f3n-UNICACH."},{"key":"e_1_3_2_1_10_1","unstructured":"L\u00f3pez Carlos. Acta Pedi\u00e1trica M\u00e9xico. Consultado el 06 de julio de 2020 en https:\/\/www.medigraphic.com\/pdfs\/actpedmex\/apm-2019\/apm192g.pdf  L\u00f3pez Carlos. Acta Pedi\u00e1trica M\u00e9xico. Consultado el 06 de julio de 2020 en https:\/\/www.medigraphic.com\/pdfs\/actpedmex\/apm-2019\/apm192g.pdf"},{"key":"e_1_3_2_1_11_1","unstructured":"Torres Robert Wagner.2020. Factores asociados a deshidrataci\u00f3n hipernatr\u00e9mica en neonatos con lactancia materna exclusiva en el hospital San Jos\u00e9 durante los a\u00f1os 2016-2018. Tesis Facultad de Medicina Humana Universidad Ricardo Palma.  Torres Robert Wagner.2020. Factores asociados a deshidrataci\u00f3n hipernatr\u00e9mica en neonatos con lactancia materna exclusiva en el hospital San Jos\u00e9 durante los a\u00f1os 2016-2018. Tesis Facultad de Medicina Humana Universidad Ricardo Palma."},{"key":"e_1_3_2_1_12_1","volume-title":"Gallardo E y Gallardo L","author":"Gallardo M.","year":"2018","unstructured":"Gallardo M. Gallardo E y Gallardo L . 2018 . Descenso de peso en reci\u00e9n nacidos a t\u00e9rmino en las primeras 48 horas post natales. Revista Chilena Pedi\u00e1trica Vol .89,3 (julio de 2020), 325-331. https:\/\/revistachilenadepediatria.cl\/index.php\/rchped\/article\/view\/187 Gallardo M. Gallardo E y Gallardo L. 2018. Descenso de peso en reci\u00e9n nacidos a t\u00e9rmino en las primeras 48 horas post natales. Revista Chilena Pedi\u00e1trica Vol.89,3 (julio de 2020), 325-331. https:\/\/revistachilenadepediatria.cl\/index.php\/rchped\/article\/view\/187"},{"key":"e_1_3_2_1_13_1","volume-title":"Peso del reci\u00e9n nacido y su evoluci\u00f3n con lactancia materna exclusiva Hospital Docente de Calder\u00f3n octubre - noviembre","author":"Romero Paola","year":"2016","unstructured":"Romero Paola . 2017. Peso del reci\u00e9n nacido y su evoluci\u00f3n con lactancia materna exclusiva Hospital Docente de Calder\u00f3n octubre - noviembre 2016 . Tesis, Facultad de Ciencias M\u00e9dicas, Universidad Central del Ecuador . Romero Paola. 2017. Peso del reci\u00e9n nacido y su evoluci\u00f3n con lactancia materna exclusiva Hospital Docente de Calder\u00f3n octubre - noviembre 2016. Tesis, Facultad de Ciencias M\u00e9dicas, Universidad Central del Ecuador."},{"key":"e_1_3_2_1_14_1","volume-title":"P\u00e9rdida excesiva de peso en reci\u00e9n nacidos a termino amamantados exclusivamente con seno materno en un Hospital Amigo del Ni\u00f1o. Revista Paulista de Pediatr\u00eda (julio de","author":"Mezzacappa B.","year":"2020","unstructured":"Mezzacappa A y Ferreira B. 2016. P\u00e9rdida excesiva de peso en reci\u00e9n nacidos a termino amamantados exclusivamente con seno materno en un Hospital Amigo del Ni\u00f1o. Revista Paulista de Pediatr\u00eda (julio de 2020 ), 281-286. https:\/\/www.redalyc.org\/articulo.oa?id=406046678006 Mezzacappa A y Ferreira B. 2016. P\u00e9rdida excesiva de peso en reci\u00e9n nacidos a termino amamantados exclusivamente con seno materno en un Hospital Amigo del Ni\u00f1o. Revista Paulista de Pediatr\u00eda (julio de 2020), 281-286. https:\/\/www.redalyc.org\/articulo.oa?id=406046678006"},{"key":"e_1_3_2_1_15_1","unstructured":"L\u00f3pez D. Alonso M. Ramos F. Cord\u00f3n A. S\u00e1nchez T y Urda A. 218. Deshidrataci\u00f3n hipernatr\u00e9mica grave neonatal por fallo en la instauraci\u00f3n de la lactancia materna: estudio de incidencia y factores asociados. Revista Pedi\u00e1trica Atenci\u00f3n Primaria Vol.20 (setiembre 2018) 79. http:\/\/scielo.isciii.es\/scielo.php?script=sci_arttext&pid=S1139-76322018000300004&lng=es&nrm=iso&tlng=es  L\u00f3pez D. Alonso M. Ramos F. Cord\u00f3n A. S\u00e1nchez T y Urda A. 218. Deshidrataci\u00f3n hipernatr\u00e9mica grave neonatal por fallo en la instauraci\u00f3n de la lactancia materna: estudio de incidencia y factores asociados. Revista Pedi\u00e1trica Atenci\u00f3n Primaria Vol.20 (setiembre 2018) 79. http:\/\/scielo.isciii.es\/scielo.php?script=sci_arttext&pid=S1139-76322018000300004&lng=es&nrm=iso&tlng=es"},{"key":"e_1_3_2_1_16_1","unstructured":"Sutta M. 2018. Factores Asociados a la p\u00e9rdida de peso excesiva en reci\u00e9n nacidos Hospital Antonio Lorena-Cusco. Tesis Facultad de Ciencias de la Salud Universidad Andina del Cusco.  Sutta M. 2018. Factores Asociados a la p\u00e9rdida de peso excesiva en reci\u00e9n nacidos Hospital Antonio Lorena-Cusco. Tesis Facultad de Ciencias de la Salud Universidad Andina del Cusco."},{"key":"e_1_3_2_1_17_1","volume-title":"Mayta P y Segura E","author":"Berger M.","year":"2015","unstructured":"Berger M. Bustamante C. D\u00edaz S. Tresierra J. Mayta P y Segura E . 2015 . Trastornos de la lactancia materna y otros factores asociados a la p\u00e9rdida de peso neonatal excesiva en un hospital de la Seguridad Social en Lima, Per\u00fa , Vol. 32 (febrero de 2020), http:\/\/dx.doi.org\/10.3305\/nh.2015.32.5.9462 Berger M. Bustamante C. D\u00edaz S. Tresierra J. Mayta P y Segura E. 2015. Trastornos de la lactancia materna y otros factores asociados a la p\u00e9rdida de peso neonatal excesiva en un hospital de la Seguridad Social en Lima, Per\u00fa, Vol.32 (febrero de 2020), http:\/\/dx.doi.org\/10.3305\/nh.2015.32.5.9462"}],"event":{"name":"ICMHI 2021: 2021 5th International Conference on Medical and Health Informatics","acronym":"ICMHI 2021","location":"Kyoto Japan"},"container-title":["2021 5th International Conference on Medical and Health Informatics"],"original-title":[],"link":[{"URL":"https:\/\/dl.acm.org\/doi\/10.1145\/3472813.3473201","content-type":"unspecified","content-version":"vor","intended-application":"text-mining"},{"URL":"https:\/\/dl.acm.org\/doi\/pdf\/10.1145\/3472813.3473201","content-type":"unspecified","content-version":"vor","intended-application":"similarity-checking"}],"deposited":{"date-parts":[[2025,6,17]],"date-time":"2025-06-17T20:11:57Z","timestamp":1750191117000},"score":1,"resource":{"primary":{"URL":"https:\/\/dl.acm.org\/doi\/10.1145\/3472813.3473201"}},"subtitle":[],"short-title":[],"issued":{"date-parts":[[2021,5,14]]},"references-count":17,"alternative-id":["10.1145\/3472813.3473201","10.1145\/3472813"],"URL":"https:\/\/doi.org\/10.1145\/3472813.3473201","relation":{},"subject":[],"published":{"date-parts":[[2021,5,14]]}}}