{"status":"ok","message-type":"work","message-version":"1.0.0","message":{"indexed":{"date-parts":[[2025,6,18]],"date-time":"2025-06-18T04:18:39Z","timestamp":1750220319918,"version":"3.41.0"},"publisher-location":"New York, NY, USA","reference-count":17,"publisher":"ACM","license":[{"start":{"date-parts":[[2021,5,14]],"date-time":"2021-05-14T00:00:00Z","timestamp":1620950400000},"content-version":"vor","delay-in-days":0,"URL":"https:\/\/www.acm.org\/publications\/policies\/copyright_policy#Background"}],"content-domain":{"domain":[],"crossmark-restriction":false},"short-container-title":[],"published-print":{"date-parts":[[2021,5,14]]},"DOI":"10.1145\/3472813.3473202","type":"proceedings-article","created":{"date-parts":[[2021,10,26]],"date-time":"2021-10-26T15:41:48Z","timestamp":1635262908000},"page":"270-274","source":"Crossref","is-referenced-by-count":0,"title":["Bivariate Analysis of Leadership and Organizational Climate in Pandemic Times"],"prefix":"10.1145","author":[{"given":"Vanessa","family":"Mancha","sequence":"first","affiliation":[{"name":"National University of Callao, Callao, Peru"}]},{"given":"Arcelia","family":"Rojas","sequence":"additional","affiliation":[{"name":"National University of Callao, Callao, Peru"}]},{"given":"Percy","family":"Balabarca","sequence":"additional","affiliation":[{"name":"Peruvian University of Applied Sciences, Peru"}]},{"given":"Lucio","family":"Ferrer","sequence":"additional","affiliation":[{"name":"National University of Callao, Callao, Peru"}]},{"given":"Mercedes","family":"Ferrer","sequence":"additional","affiliation":[{"name":"National University of Callao, Callao, Peru"}]}],"member":"320","published-online":{"date-parts":[[2021,10,26]]},"reference":[{"key":"e_1_3_2_1_1_1","first-page":"e312","volume-title":"Lancet Planet. Health","volume":"4","author":"Lambert H.","year":"2020","unstructured":"H. Lambert , \u00abCOVID-19 as a global challenge: towards an inclusive and sustainable future\u00bb , Lancet Planet. Health , vol. 4 , n.o 8, pp. e312 - e314 , ago. 2020 , doi: 10.1016\/S2542-5196(20)30168-6. H. Lambert , \u00abCOVID-19 as a global challenge: towards an inclusive and sustainable future\u00bb, Lancet Planet. Health, vol. 4, n.o 8, pp. e312-e314, ago. 2020, doi: 10.1016\/S2542-5196(20)30168-6."},{"key":"e_1_3_2_1_2_1","volume-title":"Ediciones Universidad Cooperativa de Colombia, dic.","author":"Rodr\u00edguez Mart\u00ednez J.","year":"2020","unstructured":"J. Rodr\u00edguez Mart\u00ednez , L. Barajas , L. Betancur , y N. L\u00f3pez, \u00abLiderazgo en tiempos de pandemia\u00bb , Ediciones Universidad Cooperativa de Colombia, dic. 2020 . doi: 10.16925\/gclc.15. J. Rodr\u00edguez Mart\u00ednez, L. Barajas, L. Betancur, y N. L\u00f3pez, \u00abLiderazgo en tiempos de pandemia\u00bb, Ediciones Universidad Cooperativa de Colombia, dic. 2020. doi: 10.16925\/gclc.15."},{"key":"e_1_3_2_1_3_1","volume-title":"Proyecto Fin de Carrera","author":"Tejedor A. A.","year":"2010","unstructured":"A. A. F\u00e9lix y A. P. Tejedor , \u00abAN\u00c1LISIS Y MEDICI\u00d3N DEL LIDERAZGO EN UNA EMPRESA DEL SECTOR AUTOMOCI\u00d3N Y PROPUESTAS DE DESARROLLO\u00bb , Proyecto Fin de Carrera , Universidad de Zaragoza , Espa\u00f1a , 2010 . A. A. F\u00e9lix y A. P. Tejedor, \u00abAN\u00c1LISIS Y MEDICI\u00d3N DEL LIDERAZGO EN UNA EMPRESA DEL SECTOR AUTOMOCI\u00d3N Y PROPUESTAS DE DESARROLLO\u00bb, Proyecto Fin de Carrera, Universidad de Zaragoza, Espa\u00f1a, 2010."},{"key":"e_1_3_2_1_4_1","volume-title":"ORF. https:\/\/www.orfonline.org\/research\/leadership-challenges-and-the-covid-19-pandemic\/ (accedido mar. 04","author":"Bhalla A. S.","year":"2021","unstructured":"A. S. Bhalla , \u00abLeadership Challenges and the COVID-19 Pandemic\u00bb , ORF. https:\/\/www.orfonline.org\/research\/leadership-challenges-and-the-covid-19-pandemic\/ (accedido mar. 04 , 2021 ). A. S. Bhalla, \u00abLeadership Challenges and the COVID-19 Pandemic\u00bb, ORF. https:\/\/www.orfonline.org\/research\/leadership-challenges-and-the-covid-19-pandemic\/ (accedido mar. 04, 2021)."},{"volume-title":"Accedido: mar. 01","year":"2021","unstructured":"\u00abkotter-2005.pdf\u00bb. Accedido: mar. 01 , 2021 . [En l\u00ednea]. Disponible en: https:\/\/educatic2011.files.wordpress.com\/2010\/10\/kotter-2005.pdf. \u00abkotter-2005.pdf\u00bb. Accedido: mar. 01, 2021. [En l\u00ednea]. Disponible en: https:\/\/educatic2011.files.wordpress.com\/2010\/10\/kotter-2005.pdf.","key":"e_1_3_2_1_5_1"},{"key":"e_1_3_2_1_6_1","first-page":"295","volume-title":"The Lancet","volume":"396","author":"Saidi A. M. O. A.","year":"2020","unstructured":"A. M. O. A. Saidi , F. A. Nur , A. S. Al-Mandhari , M. E. Rabbat , A. Hafeez , y A. Abubakar, \u00abDecisive leadership is a necessity in the COVID-19 response\u00bb , The Lancet , vol. 396 , n.o 10247, pp. 295 - 298 , ago. 2020 , doi: 10.1016\/S0140-6736(20)31493-8. A. M. O. A. Saidi, F. A. Nur, A. S. Al-Mandhari, M. E. Rabbat, A. Hafeez, y A. Abubakar, \u00abDecisive leadership is a necessity in the COVID-19 response\u00bb, The Lancet, vol. 396, n.o 10247, pp. 295-298, ago. 2020, doi: 10.1016\/S0140-6736(20)31493-8."},{"doi-asserted-by":"publisher","key":"e_1_3_2_1_7_1","DOI":"10.1093\/jtm\/taaa039"},{"volume-title":"Accedido: feb. 27","year":"2021","unstructured":"\u00abdesarrollo-de-liderazgo.pdf\u00bb. Accedido: feb. 27 , 2021 . [En l\u00ednea]. Disponible en: https:\/\/targethiv.org\/sites\/default\/files\/file-upload\/resources\/desarrollo-de-liderazgo.pdf. \u00abdesarrollo-de-liderazgo.pdf\u00bb. Accedido: feb. 27, 2021. [En l\u00ednea]. Disponible en: https:\/\/targethiv.org\/sites\/default\/files\/file-upload\/resources\/desarrollo-de-liderazgo.pdf.","key":"e_1_3_2_1_8_1"},{"key":"e_1_3_2_1_9_1","first-page":"117","volume-title":"Suma Negocios","volume":"5","author":"Serrano B. J.","year":"2014","unstructured":"B. J. Serrano Orellana y C. Alexandra Portalanza, \u00abInfluencia del liderazgo sobre el clima organizacional\u00bb , Suma Negocios , vol. 5 , n.o 11, pp. 117 - 125 , 2014 , doi: 10.1016\/S2215-910X(14)70026-6. B. J. Serrano Orellana y C. Alexandra Portalanza, \u00abInfluencia del liderazgo sobre el clima organizacional\u00bb, Suma Negocios, vol. 5, n.o 11, pp. 117-125, 2014, doi: 10.1016\/S2215-910X(14)70026-6."},{"doi-asserted-by":"publisher","key":"e_1_3_2_1_10_1","DOI":"10.1016\/j.ijnurstu.2018.04.016"},{"key":"e_1_3_2_1_11_1","first-page":"123","volume-title":"Acad. Manage. J.","volume":"39","author":"Amason A. C.","year":"1996","unstructured":"A. C. Amason , \u00abDistinguishing the Effects of Functional and Dysfunctional Conflict on Strategic Decision Making : Resolving a Paradox for Top Management Teams\u00bb , Acad. Manage. J. , vol. 39 , n.o 1, pp. 123 - 148 , 1996 , doi: 10.2307\/256633. A. C. Amason, \u00abDistinguishing the Effects of Functional and Dysfunctional Conflict on Strategic Decision Making: Resolving a Paradox for Top Management Teams\u00bb, Acad. Manage. J., vol. 39, n.o 1, pp. 123-148, 1996, doi: 10.2307\/256633."},{"key":"e_1_3_2_1_12_1","first-page":"0","volume-title":"Psicol. Para Am\u00e9rica Lat., n.o 13","author":"Ortiz P.","year":"2008","unstructured":"P. Ortiz Serrano y L. Cruz Garc\u00eda , \u00abEstudio sobre clima y satisfacci\u00f3n laboral en una empresa comercializadora\u00bb , Psicol. Para Am\u00e9rica Lat., n.o 13 , pp. 0 - 0 , jul. 2008 . P. Ortiz Serrano y L. Cruz Garc\u00eda, \u00abEstudio sobre clima y satisfacci\u00f3n laboral en una empresa comercializadora\u00bb, Psicol. Para Am\u00e9rica Lat., n.o 13, pp. 0-0, jul. 2008."},{"key":"e_1_3_2_1_13_1","first-page":"25","volume-title":"\u00abEL LIDERAZGO Y SU RELACI\u00d3N CON EL CLIMA LABORAL EN LA ORGANIZACI\u00d3N\u00bb","author":"Quintero N. S. H.","year":"2019","unstructured":"N. S. H. Quintero , \u00abEL LIDERAZGO Y SU RELACI\u00d3N CON EL CLIMA LABORAL EN LA ORGANIZACI\u00d3N\u00bb , p. 25 , 2019 . N. S. H. Quintero, \u00abEL LIDERAZGO Y SU RELACI\u00d3N CON EL CLIMA LABORAL EN LA ORGANIZACI\u00d3N\u00bb, p. 25, 2019."},{"doi-asserted-by":"publisher","key":"e_1_3_2_1_14_1","DOI":"10.15446\/innovar.v30n76.85191"},{"key":"e_1_3_2_1_15_1","first-page":"114","volume-title":"Lima 2017\u00bb","author":"Paola P.","unstructured":"P. Guill\u00e9n y A. Paola , \u00abClima organizacional y desempe\u00f1o laboral en trabajadores administrativos de una empresa privada de combustibles e hidrocarburos , Lima 2017\u00bb , p. 114 . P. Guill\u00e9n y A. Paola, \u00abClima organizacional y desempe\u00f1o laboral en trabajadores administrativos de una empresa privada de combustibles e hidrocarburos, Lima 2017\u00bb, p. 114."},{"key":"e_1_3_2_1_16_1","first-page":"64","volume-title":"\u00abThe impact of organizational culture and leadership performance on PR professionals","author":"Berger J.","year":"2019","unstructured":"J. Meng y B. K. Berger , \u00abThe impact of organizational culture and leadership performance on PR professionals \u2019 job satisfaction: Testing the joint mediating effects of engagement and trust\u00bb, Public Relat. Rev ., vol. 45 , n.o 1, pp. 64 - 75 , mar. 2019 , doi: 10.1016\/j.pubrev.2018.11.002. J. Meng y B. K. Berger, \u00abThe impact of organizational culture and leadership performance on PR professionals\u2019 job satisfaction: Testing the joint mediating effects of engagement and trust\u00bb, Public Relat. Rev., vol. 45, n.o 1, pp. 64-75, mar. 2019, doi: 10.1016\/j.pubrev.2018.11.002."},{"key":"e_1_3_2_1_17_1","first-page":"19","volume-title":"Mexico, D.F.","author":"Tanoira F. G. B.","unstructured":"F. G. B. Tanoira , \u00abClima Laboral y Productividad en Empresas Maquiladoras Textiles. Un Estudio de Calidad de Vida Laboral en el Sureste de M\u00e9xico\u00bb , Mexico, D.F. , p. 19 , [En l\u00ednea]. Disponible en: http:\/\/congreso.investiga.fca.unam.mx\/docs\/xix\/docs\/3.02.pdf. F. G. B. Tanoira, \u00abClima Laboral y Productividad en Empresas Maquiladoras Textiles. Un Estudio de Calidad de Vida Laboral en el Sureste de M\u00e9xico\u00bb, Mexico, D.F., p. 19, [En l\u00ednea]. Disponible en: http:\/\/congreso.investiga.fca.unam.mx\/docs\/xix\/docs\/3.02.pdf."}],"event":{"acronym":"ICMHI 2021","name":"ICMHI 2021: 2021 5th International Conference on Medical and Health Informatics","location":"Kyoto Japan"},"container-title":["2021 5th International Conference on Medical and Health Informatics"],"original-title":[],"link":[{"URL":"https:\/\/dl.acm.org\/doi\/10.1145\/3472813.3473202","content-type":"unspecified","content-version":"vor","intended-application":"text-mining"},{"URL":"https:\/\/dl.acm.org\/doi\/pdf\/10.1145\/3472813.3473202","content-type":"unspecified","content-version":"vor","intended-application":"similarity-checking"}],"deposited":{"date-parts":[[2025,6,17]],"date-time":"2025-06-17T20:11:57Z","timestamp":1750191117000},"score":1,"resource":{"primary":{"URL":"https:\/\/dl.acm.org\/doi\/10.1145\/3472813.3473202"}},"subtitle":[],"short-title":[],"issued":{"date-parts":[[2021,5,14]]},"references-count":17,"alternative-id":["10.1145\/3472813.3473202","10.1145\/3472813"],"URL":"https:\/\/doi.org\/10.1145\/3472813.3473202","relation":{},"subject":[],"published":{"date-parts":[[2021,5,14]]}}}