{"status":"ok","message-type":"work","message-version":"1.0.0","message":{"indexed":{"date-parts":[[2026,5,17]],"date-time":"2026-05-17T03:06:26Z","timestamp":1778987186754,"version":"3.51.4"},"publisher-location":"New York, NY, USA","reference-count":25,"publisher":"ACM","license":[{"start":{"date-parts":[[2021,10,22]],"date-time":"2021-10-22T00:00:00Z","timestamp":1634860800000},"content-version":"vor","delay-in-days":0,"URL":"https:\/\/www.acm.org\/publications\/policies\/copyright_policy#Background"}],"content-domain":{"domain":["dl.acm.org"],"crossmark-restriction":true},"short-container-title":[],"published-print":{"date-parts":[[2021,10,22]]},"DOI":"10.1145\/3498765.3498837","type":"proceedings-article","created":{"date-parts":[[2022,2,8]],"date-time":"2022-02-08T18:55:20Z","timestamp":1644346520000},"page":"456-461","update-policy":"https:\/\/doi.org\/10.1145\/crossmark-policy","source":"Crossref","is-referenced-by-count":0,"title":["Has the covid-19 affected university students with negative emotions and irresponsible Behavior? An Ecuadorian study."],"prefix":"10.1145","author":[{"given":"Silvia Mariela","family":"M\u00e9ndez Prado","sequence":"first","affiliation":[{"name":"Social Sciences and Humanities School, ESPOL Polytechnic University, Ecuador"}],"role":[{"role":"author","vocabulary":"crossref"}]},{"given":"Ariel","family":"Alejandro Flores Ulloa","sequence":"additional","affiliation":[{"name":"Social Sciences and Humanities School, ESPOL Polytechnic University, Ecuador"}],"role":[{"role":"author","vocabulary":"crossref"}]},{"given":"Susana","family":"Gabriela Zambrano Zapata","sequence":"additional","affiliation":[{"name":"Social Sciences and Humanities School, ESPOL Polytechnic University, Ecuador"}],"role":[{"role":"author","vocabulary":"crossref"}]},{"given":"Kevin","family":"Javier Peralta Rizzo","sequence":"additional","affiliation":[{"name":"Social Sciences and Humanities School, ESPOL Polytechnic University, Ecuador"}],"role":[{"role":"author","vocabulary":"crossref"}]}],"member":"320","published-online":{"date-parts":[[2022,2,8]]},"reference":[{"key":"e_1_3_2_2_1_1","doi-asserted-by":"publisher","DOI":"10.1111\/acer.14574"},{"key":"e_1_3_2_2_2_1","doi-asserted-by":"publisher","DOI":"10.1136\/bmjopen-2020-043728"},{"key":"e_1_3_2_2_3_1","doi-asserted-by":"publisher","DOI":"10.3390\/ijerph17155293"},{"key":"e_1_3_2_2_4_1","doi-asserted-by":"publisher","DOI":"10.3390\/ijerph18094542"},{"key":"e_1_3_2_2_5_1","doi-asserted-by":"publisher","DOI":"10.3390\/su13041889"},{"key":"e_1_3_2_2_6_1","doi-asserted-by":"publisher","DOI":"10.3389\/fpsyg.2020.633265"},{"key":"e_1_3_2_2_7_1","doi-asserted-by":"publisher","DOI":"10.3390\/su12208438"},{"key":"e_1_3_2_2_8_1","doi-asserted-by":"publisher","DOI":"10.1080\/21642850.2021.1897595"},{"key":"e_1_3_2_2_9_1","doi-asserted-by":"publisher","DOI":"10.3390\/ijerph18094542"},{"key":"e_1_3_2_2_10_1","doi-asserted-by":"publisher","DOI":"10.1016\/j.jad.2020.07.135"},{"key":"e_1_3_2_2_11_1","doi-asserted-by":"publisher","DOI":"10.3390\/healthcare9010055"},{"key":"e_1_3_2_2_12_1","doi-asserted-by":"publisher","DOI":"10.1016\/j.mhpa.2020.100357"},{"key":"e_1_3_2_2_13_1","doi-asserted-by":"publisher","DOI":"10.3390\/jcm9113494"},{"key":"e_1_3_2_2_14_1","doi-asserted-by":"publisher","DOI":"10.3390\/clockssleep3010002"},{"key":"e_1_3_2_2_15_1","doi-asserted-by":"publisher","DOI":"10.1145\/3428088"},{"key":"e_1_3_2_2_16_1","doi-asserted-by":"publisher","DOI":"10.1145\/3411760"},{"key":"e_1_3_2_2_17_1","doi-asserted-by":"publisher","DOI":"10.1145\/3436807"},{"key":"e_1_3_2_2_18_1","doi-asserted-by":"publisher","DOI":"10.18178\/ijiet.2019.9.9.1282"},{"key":"e_1_3_2_2_19_1","doi-asserted-by":"publisher","DOI":"10.18178\/ijiet.2021.11.2.1492"},{"key":"e_1_3_2_2_20_1","doi-asserted-by":"publisher","DOI":"10.7763\/ijiet.2011.v1.51"},{"key":"e_1_3_2_2_21_1","volume-title":"The European University Association","author":"E. U. Association","year":"2020","unstructured":"E. U. Association, \u201cThe European University Association,\u201d 2020. https:\/\/eua.eu\/partners-news\/492-esu's-survey-on-student-life-during-the-covid-19-pandemic.html."},{"key":"e_1_3_2_2_22_1","doi-asserted-by":"publisher","DOI":"10.1519\/00124278-200011000-00012"},{"key":"e_1_3_2_2_23_1","volume-title":"An\u00e1lisis de varianza: introducci\u00f3n conceptual y dise\u00f1os b\u00e1sicos","author":"F. J.","year":"1999","unstructured":"F. J. TEJEDOR, An\u00e1lisis de varianza: introducci\u00f3n conceptual y dise\u00f1os b\u00e1sicos. 1999."},{"key":"e_1_3_2_2_24_1","doi-asserted-by":"publisher","DOI":"10.1007\/s00180-009-0148-x"},{"key":"e_1_3_2_2_25_1","doi-asserted-by":"publisher","DOI":"10.1002\/bimj.4710380510"}],"event":{"name":"ICETC 2021: 2021 13th International Conference on Education Technology and Computers","location":"Wuhan China","acronym":"ICETC 2021"},"container-title":["Proceedings of the 13th International Conference on Education Technology and Computers"],"original-title":[],"link":[{"URL":"https:\/\/dl.acm.org\/doi\/10.1145\/3498765.3498837","content-type":"unspecified","content-version":"vor","intended-application":"text-mining"},{"URL":"https:\/\/dl.acm.org\/doi\/pdf\/10.1145\/3498765.3498837","content-type":"unspecified","content-version":"vor","intended-application":"similarity-checking"}],"deposited":{"date-parts":[[2026,5,17]],"date-time":"2026-05-17T02:08:55Z","timestamp":1778983735000},"score":1,"resource":{"primary":{"URL":"https:\/\/dl.acm.org\/doi\/10.1145\/3498765.3498837"}},"subtitle":[],"short-title":[],"issued":{"date-parts":[[2021,10,22]]},"references-count":25,"alternative-id":["10.1145\/3498765.3498837","10.1145\/3498765"],"URL":"https:\/\/doi.org\/10.1145\/3498765.3498837","relation":{},"subject":[],"published":{"date-parts":[[2021,10,22]]},"assertion":[{"value":"2022-02-08","order":3,"name":"published","label":"Published","group":{"name":"publication_history","label":"Publication History"}}]}}