{"status":"ok","message-type":"work","message-version":"1.0.0","message":{"indexed":{"date-parts":[[2026,4,13]],"date-time":"2026-04-13T17:39:58Z","timestamp":1776101998145,"version":"3.50.1"},"publisher-location":"New York, NY, USA","reference-count":23,"publisher":"ACM","license":[{"start":{"date-parts":[[2022,6,27]],"date-time":"2022-06-27T00:00:00Z","timestamp":1656288000000},"content-version":"vor","delay-in-days":0,"URL":"https:\/\/www.acm.org\/publications\/policies\/copyright_policy#Background"}],"funder":[{"name":"EPSRC","award":["EP\/N00616X\/2"],"award-info":[{"award-number":["EP\/N00616X\/2"]}]},{"name":"FCT through LASIGE Research Unit","award":["UIDB\/00408\/2020"],"award-info":[{"award-number":["UIDB\/00408\/2020"]}]},{"name":"FCT","award":["SFRH\/BD\/06452\/2021"],"award-info":[{"award-number":["SFRH\/BD\/06452\/2021"]}]}],"content-domain":{"domain":["dl.acm.org"],"crossmark-restriction":true},"short-container-title":[],"published-print":{"date-parts":[[2022,6,27]]},"DOI":"10.1145\/3501712.3536389","type":"proceedings-article","created":{"date-parts":[[2022,6,24]],"date-time":"2022-06-24T22:47:40Z","timestamp":1656110860000},"page":"715-718","update-policy":"https:\/\/doi.org\/10.1145\/crossmark-policy","source":"Crossref","is-referenced-by-count":3,"title":["Co-Designing with Mixed-Ability Groups of Children to Promote Inclusive Education"],"prefix":"10.1145","author":[{"given":"Ana Cristina","family":"Pires","sequence":"first","affiliation":[{"name":"LASIGE, Faculdade de Ci\u00eancias, Universidade de Lisboa, Portugal"}]},{"given":"Isabel","family":"Neto","sequence":"additional","affiliation":[{"name":"INESC-ID, Universidade de Lisboa, Portugal"}]},{"given":"Emeline","family":"Brul\u00e9","sequence":"additional","affiliation":[{"name":"University of Sussex, United Kingdom"}]},{"given":"Laura","family":"Malinverni","sequence":"additional","affiliation":[{"name":"Design and Visual Arts Department, University of Barcelona, Spain"}]},{"given":"Oussama","family":"Metatla","sequence":"additional","affiliation":[{"name":"Department of Computer Science, University of Bristol, United Kingdom"}]},{"given":"Juan Pablo","family":"Hourcade","sequence":"additional","affiliation":[{"name":"University of Iowa, United States"}]}],"member":"320","published-online":{"date-parts":[[2022,6,27]]},"reference":[{"key":"e_1_3_2_1_1_1","doi-asserted-by":"publisher","DOI":"10.1145\/2307096.2307169"},{"key":"e_1_3_2_1_2_1","doi-asserted-by":"publisher","DOI":"10.1109\/RO-MAN46459.2019.8956309"},{"key":"e_1_3_2_1_3_1","doi-asserted-by":"publisher","DOI":"10.5555\/2991320.2991412"},{"key":"e_1_3_2_1_4_1","doi-asserted-by":"publisher","DOI":"10.1145\/3173574.3173810"},{"key":"e_1_3_2_1_5_1","doi-asserted-by":"publisher","DOI":"10.1145\/3311927.3323146"},{"key":"e_1_3_2_1_6_1","doi-asserted-by":"publisher","DOI":"10.1145\/1999030.1999077"},{"key":"e_1_3_2_1_7_1","volume-title":"impact and need: Young children with a visual impairment. Child care in practice 11, 2","author":"Gray Colette","year":"2005","unstructured":"Colette Gray . 2005. Inclusion , impact and need: Young children with a visual impairment. Child care in practice 11, 2 ( 2005 ), 179\u2013190. Colette Gray. 2005. Inclusion, impact and need: Young children with a visual impairment. Child care in practice 11, 2 (2005), 179\u2013190."},{"key":"e_1_3_2_1_8_1","doi-asserted-by":"publisher","DOI":"10.1145\/1463689.1463719"},{"key":"e_1_3_2_1_9_1","volume-title":"Design for Tomorrow\u2014Volume 2","author":"Gupta Anupriya","unstructured":"Anupriya Gupta , Lokesh Fulfagar , and Pankaj Upadhyay . 2021. Co-designing with Visually Impaired Children . In Design for Tomorrow\u2014Volume 2 . Springer , 429\u2013439. Anupriya Gupta, Lokesh Fulfagar, and Pankaj Upadhyay. 2021. Co-designing with Visually Impaired Children. In Design for Tomorrow\u2014Volume 2. Springer, 429\u2013439."},{"key":"e_1_3_2_1_10_1","volume-title":"Yolanda Borquaye, and Samantha Burke.","author":"Hehir Thomas","year":"2016","unstructured":"Thomas Hehir , Todd Grindal , Brian Freeman , Ren\u00e9e lamoreau , Yolanda Borquaye, and Samantha Burke. 2016 . A SUMMARY OF THE EVIDENCE ON INCLUSIVE EDUCATION. https:\/\/alana.org.br\/wp-content\/uploads\/2016\/12\/A_Summary_of_the_evidence_on_inclusive_education.pdf. Thomas Hehir, Todd Grindal, Brian Freeman, Ren\u00e9e lamoreau, Yolanda Borquaye, and Samantha Burke. 2016. A SUMMARY OF THE EVIDENCE ON INCLUSIVE EDUCATION. https:\/\/alana.org.br\/wp-content\/uploads\/2016\/12\/A_Summary_of_the_evidence_on_inclusive_education.pdf."},{"key":"e_1_3_2_1_11_1","doi-asserted-by":"publisher","DOI":"10.1145\/2786567.2793699"},{"key":"e_1_3_2_1_12_1","doi-asserted-by":"publisher","DOI":"10.1145\/2593968.2593981"},{"key":"e_1_3_2_1_13_1","doi-asserted-by":"publisher","DOI":"10.1016\/j.chb.2016.01.018"},{"key":"e_1_3_2_1_14_1","doi-asserted-by":"publisher","DOI":"10.1145\/1017833.1017842"},{"key":"e_1_3_2_1_15_1","doi-asserted-by":"publisher","DOI":"10.3390\/su12114626"},{"key":"e_1_3_2_1_16_1","doi-asserted-by":"publisher","DOI":"10.1145\/3313831.3376270"},{"key":"e_1_3_2_1_17_1","doi-asserted-by":"publisher","DOI":"10.1145\/3392063.3394431"},{"key":"e_1_3_2_1_18_1","volume-title":"Toward classroom experiences inclusive of students with disabilities. interactions 26, 1","author":"Metatla Oussama","year":"2018","unstructured":"Oussama Metatla , Anja Thieme , Emeline Brul\u00e9 , Cynthia Bennett , Marcos Serrano , and Christophe Jouffrais . 2018. Toward classroom experiences inclusive of students with disabilities. interactions 26, 1 ( 2018 ), 40\u201345. Oussama Metatla, Anja Thieme, Emeline Brul\u00e9, Cynthia Bennett, Marcos Serrano, and Christophe Jouffrais. 2018. Toward classroom experiences inclusive of students with disabilities. interactions 26, 1 (2018), 40\u201345."},{"key":"e_1_3_2_1_19_1","volume-title":"Community Based Robot Design for Classrooms with Mixed Visual Abilities Children","author":"Neto Isabel","unstructured":"Isabel Neto , Hugo Nicolau , and Ana Paiva . 2021. Community Based Robot Design for Classrooms with Mixed Visual Abilities Children . Association for Computing Machinery , New York, NY, USA . https:\/\/doi.org\/10.1145\/3411764.3445135 Isabel Neto, Hugo Nicolau, and Ana Paiva. 2021. Community Based Robot Design for Classrooms with Mixed Visual Abilities Children. Association for Computing Machinery, New York, NY, USA. https:\/\/doi.org\/10.1145\/3411764.3445135"},{"key":"e_1_3_2_1_20_1","volume-title":"World report on disability","author":"World\u00a0Health Organization and World Bank. 2011.","year":"2011","unstructured":"World\u00a0Health Organization and World Bank. 2011. World report on disability 2011 ., Summary also available in Braille\u00a0pages. World\u00a0Health Organization and World Bank. 2011. World report on disability 2011., Summary also available in Braille\u00a0pages."},{"key":"e_1_3_2_1_21_1","volume-title":"Co-design for accessibility in academia for Deaf students. Co-Create 2013","author":"Pylv\u00e4nen Suvi","year":"2013","unstructured":"Suvi Pylv\u00e4nen , Antti Raike , P\u00e4ivi Rain\u00f2 , 2013. Co-design for accessibility in academia for Deaf students. Co-Create 2013 ( 2013 ). Suvi Pylv\u00e4nen, Antti Raike, P\u00e4ivi Rain\u00f2, 2013. Co-design for accessibility in academia for Deaf students. Co-Create 2013 (2013)."},{"key":"e_1_3_2_1_22_1","doi-asserted-by":"publisher","DOI":"10.1016\/j.edurev.2009.02.002"},{"key":"e_1_3_2_1_23_1","volume-title":"Co-Design Beyond Words: \u2019Moments of Interaction","author":"Wilson Cara","unstructured":"Cara Wilson , Margot Brereton , Bernd Ploderer , and Laurianne Sitbon . 2019. Co-Design Beyond Words: \u2019Moments of Interaction \u2019 with Minimally-Verbal Children on the Autism Spectrum. Association for Computing Machinery , New York, NY, USA, 1\u201315. https:\/\/doi.org\/10.1145\/3290605.3300251 Cara Wilson, Margot Brereton, Bernd Ploderer, and Laurianne Sitbon. 2019. Co-Design Beyond Words: \u2019Moments of Interaction\u2019 with Minimally-Verbal Children on the Autism Spectrum. Association for Computing Machinery, New York, NY, USA, 1\u201315. https:\/\/doi.org\/10.1145\/3290605.3300251"}],"event":{"name":"IDC '22: Interaction Design and Children","location":"Braga Portugal","acronym":"IDC '22","sponsor":["SIGCHI ACM Special Interest Group on Computer-Human Interaction"]},"container-title":["Interaction Design and Children"],"original-title":[],"link":[{"URL":"https:\/\/dl.acm.org\/doi\/10.1145\/3501712.3536389","content-type":"unspecified","content-version":"vor","intended-application":"text-mining"},{"URL":"https:\/\/dl.acm.org\/doi\/pdf\/10.1145\/3501712.3536389","content-type":"unspecified","content-version":"vor","intended-application":"similarity-checking"}],"deposited":{"date-parts":[[2025,6,17]],"date-time":"2025-06-17T20:11:45Z","timestamp":1750191105000},"score":1,"resource":{"primary":{"URL":"https:\/\/dl.acm.org\/doi\/10.1145\/3501712.3536389"}},"subtitle":[],"short-title":[],"issued":{"date-parts":[[2022,6,27]]},"references-count":23,"alternative-id":["10.1145\/3501712.3536389","10.1145\/3501712"],"URL":"https:\/\/doi.org\/10.1145\/3501712.3536389","relation":{},"subject":[],"published":{"date-parts":[[2022,6,27]]},"assertion":[{"value":"2022-06-27","order":2,"name":"published","label":"Published","group":{"name":"publication_history","label":"Publication History"}}]}}