{"status":"ok","message-type":"work","message-version":"1.0.0","message":{"indexed":{"date-parts":[[2025,6,18]],"date-time":"2025-06-18T04:15:50Z","timestamp":1750220150974,"version":"3.41.0"},"publisher-location":"New York, NY, USA","reference-count":25,"publisher":"ACM","license":[{"start":{"date-parts":[[2022,5,16]],"date-time":"2022-05-16T00:00:00Z","timestamp":1652659200000},"content-version":"vor","delay-in-days":0,"URL":"https:\/\/www.acm.org\/publications\/policies\/copyright_policy#Background"}],"content-domain":{"domain":["dl.acm.org"],"crossmark-restriction":true},"short-container-title":[],"published-print":{"date-parts":[[2022,5,16]]},"DOI":"10.1145\/3535511.3535558","type":"proceedings-article","created":{"date-parts":[[2022,6,30]],"date-time":"2022-06-30T19:57:19Z","timestamp":1656619039000},"page":"1-9","update-policy":"https:\/\/doi.org\/10.1145\/crossmark-policy","source":"Crossref","is-referenced-by-count":3,"title":["Intelligent Information System for Extracting Knowledge from Pharmaceutical Package Inserts"],"prefix":"10.1145","author":[{"given":"Cristiano da Silveira","family":"Colombo","sequence":"first","affiliation":[{"name":"Programa de P\u00f3sgradua\u00e7\u00e3o em Inform\u00e1tica, Universidade Federal do Esp\u00edrito Santo (UFES) \/ Instituto Federal do Esp\u00edrito Santo (IFES), Brazil"}]},{"given":"Elias Silva de","family":"Oliveira","sequence":"additional","affiliation":[{"name":"Programa de P\u00f3sgradua\u00e7\u00e3o em Inform\u00e1tica, Universidade Federal do Esp\u00edrito Santo (UFES), Brazil"}]}],"member":"320","published-online":{"date-parts":[[2022,6,30]]},"reference":[{"key":"e_1_3_2_1_1_1","first-page":"2","article-title":"Intoxica\u00e7\u00e3o alc\u00f3olica aguda: complica\u00e7\u00e3o rara associada a neur\u00f3lise do plexo cel\u00edaco durante procedimento cir\u00fargico a c\u00e9u aberto em paciente com dor oncol\u00f3gica refrat\u00e1ria. Relato de caso","volume":"17","author":"Afonso Giselle\u00a0Lima","year":"2016","unstructured":"Giselle\u00a0Lima Afonso , Mirlane\u00a0Guimar\u00e3es de Melo\u00a0Cardoso , Ivandete\u00a0Pereira Coelho , and B\u00e1rbara\u00a0Guimar\u00e3es de Melo\u00a0Cardoso . 2016 . Intoxica\u00e7\u00e3o alc\u00f3olica aguda: complica\u00e7\u00e3o rara associada a neur\u00f3lise do plexo cel\u00edaco durante procedimento cir\u00fargico a c\u00e9u aberto em paciente com dor oncol\u00f3gica refrat\u00e1ria. Relato de caso . Revista Dor 17 , 2 (abr-jun 2016), 145\u2013147. https:\/\/doi.org\/10.5935\/1806-0013.20160033 Giselle\u00a0Lima Afonso, Mirlane\u00a0Guimar\u00e3es de Melo\u00a0Cardoso, Ivandete\u00a0Pereira Coelho, and B\u00e1rbara\u00a0Guimar\u00e3es de Melo\u00a0Cardoso. 2016. Intoxica\u00e7\u00e3o alc\u00f3olica aguda: complica\u00e7\u00e3o rara associada a neur\u00f3lise do plexo cel\u00edaco durante procedimento cir\u00fargico a c\u00e9u aberto em paciente com dor oncol\u00f3gica refrat\u00e1ria. Relato de caso. Revista Dor 17, 2 (abr-jun 2016), 145\u2013147. https:\/\/doi.org\/10.5935\/1806-0013.20160033","journal-title":"Revista Dor"},{"key":"e_1_3_2_1_2_1","doi-asserted-by":"publisher","DOI":"10.1590\/s1679-45082014rc2953"},{"key":"e_1_3_2_1_3_1","volume-title":"An\u00e1lise dos Fatores que Afetam a Leitura e Interpreta\u00e7\u00e3o da Bula em Moradores do Munic\u00edpio de Cujubim-RO. Revista Cient\u00edfica da Faculdade de Educa\u00e7\u00e3o e Meio Ambiente 9, edesp (jun","author":"Bervanger Elaine\u00a0Kochinski","year":"2018","unstructured":"Elaine\u00a0Kochinski Bervanger and Cl\u00f3vis Dervil\u00a0Appratto Cardoso\u00a0J\u00fanior . 2018. An\u00e1lise dos Fatores que Afetam a Leitura e Interpreta\u00e7\u00e3o da Bula em Moradores do Munic\u00edpio de Cujubim-RO. Revista Cient\u00edfica da Faculdade de Educa\u00e7\u00e3o e Meio Ambiente 9, edesp (jun . 2018 ), 484\u2013490. https:\/\/doi.org\/10.31072\/rcf.v9iedesp.628 Elaine\u00a0Kochinski Bervanger and Cl\u00f3vis Dervil\u00a0Appratto Cardoso\u00a0J\u00fanior. 2018. An\u00e1lise dos Fatores que Afetam a Leitura e Interpreta\u00e7\u00e3o da Bula em Moradores do Munic\u00edpio de Cujubim-RO. Revista Cient\u00edfica da Faculdade de Educa\u00e7\u00e3o e Meio Ambiente 9, edesp (jun. 2018), 484\u2013490. https:\/\/doi.org\/10.31072\/rcf.v9iedesp.628"},{"key":"e_1_3_2_1_4_1","doi-asserted-by":"publisher","DOI":"10.1016\/j.jbi.2019.103252"},{"key":"e_1_3_2_1_5_1","doi-asserted-by":"publisher","DOI":"10.1109\/ICSTCC.2019.8886083"},{"key":"e_1_3_2_1_6_1","volume-title":"Bulas de medicamentos e a informa\u00e7\u00e3o adequada ao paciente. Revista de Sa\u00fade P\u00fablica 34, 2 (out","author":"da Silva Tatiane","year":"2000","unstructured":"Tatiane da Silva , Felipe Dal-Pizzol , Carina\u00a0 M Bello , Sotero\u00a0 S Mengue , and Eloir\u00a0 P Schenkel . 2000. Bulas de medicamentos e a informa\u00e7\u00e3o adequada ao paciente. Revista de Sa\u00fade P\u00fablica 34, 2 (out 2000 ), 184\u2013189. https:\/\/doi.org\/confirmar Tatiane da Silva, Felipe Dal-Pizzol, Carina\u00a0M Bello, Sotero\u00a0S Mengue, and Eloir\u00a0P Schenkel. 2000. Bulas de medicamentos e a informa\u00e7\u00e3o adequada ao paciente. Revista de Sa\u00fade P\u00fablica 34, 2 (out 2000), 184\u2013189. https:\/\/doi.org\/confirmar"},{"key":"e_1_3_2_1_7_1","volume-title":"Andr\u00e9a\u00a0D\u00e2maso Bertoldi, Luiz\u00a0Roberto Ramos, Mareni\u00a0Rocha Farias, Maria\u00a0Auxiliadora Oliveira, Noemia Urruth\u00a0Le\u00e3o Tavares, Vera\u00a0Lucia Luiza, and Sotero\u00a0Serrate Mengue.","author":"da Silva Dal\u00a0Pizzoli Tatiane","year":"2019","unstructured":"Tatiane da Silva Dal\u00a0Pizzoli , Cassia\u00a0Garcia Moraes , Paulo S\u00e9rgio\u00a0Dourado Arrais , Andr\u00e9a\u00a0D\u00e2maso Bertoldi, Luiz\u00a0Roberto Ramos, Mareni\u00a0Rocha Farias, Maria\u00a0Auxiliadora Oliveira, Noemia Urruth\u00a0Le\u00e3o Tavares, Vera\u00a0Lucia Luiza, and Sotero\u00a0Serrate Mengue. 2019 . Medicine package inserts from the users\u2019 perspective: are they read and understood?Revista Brasileira de Epidemiologia 22, 1 (mar 2019), 1\u201312. https:\/\/doi.org\/10.1590\/1980-549720190009 Tatiane da Silva Dal\u00a0Pizzoli, Cassia\u00a0Garcia Moraes, Paulo S\u00e9rgio\u00a0Dourado Arrais, Andr\u00e9a\u00a0D\u00e2maso Bertoldi, Luiz\u00a0Roberto Ramos, Mareni\u00a0Rocha Farias, Maria\u00a0Auxiliadora Oliveira, Noemia Urruth\u00a0Le\u00e3o Tavares, Vera\u00a0Lucia Luiza, and Sotero\u00a0Serrate Mengue. 2019. Medicine package inserts from the users\u2019 perspective: are they read and understood?Revista Brasileira de Epidemiologia 22, 1 (mar 2019), 1\u201312. https:\/\/doi.org\/10.1590\/1980-549720190009"},{"key":"e_1_3_2_1_8_1","doi-asserted-by":"publisher","DOI":"10.1109\/CLEI52000.2020.00010"},{"key":"e_1_3_2_1_9_1","first-page":"5","article-title":"Hipertens\u00e3o intracraniana com manifesta\u00e7\u00f5es oculares associada ao uso de tetraciclina: relato de caso","volume":"68","author":"dos Santos Frederico\u00a0Xavier","year":"2005","unstructured":"Frederico\u00a0Xavier dos Santos , Andr\u00e9 Parolin , Elissandro M\u00e1rcio\u00a0Silva Lindoso , Fernando Henrique\u00a0Xavier Santos , and Luciene\u00a0Barbosa de Sousa . 2005 . Hipertens\u00e3o intracraniana com manifesta\u00e7\u00f5es oculares associada ao uso de tetraciclina: relato de caso . Arquivos Brasileiros de Oftalmologia 68 , 5 (out 2005), 701\u2013703. https:\/\/doi.org\/10.1590\/S0004-27492005000500025 Frederico\u00a0Xavier dos Santos, Andr\u00e9 Parolin, Elissandro M\u00e1rcio\u00a0Silva Lindoso, Fernando Henrique\u00a0Xavier Santos, and Luciene\u00a0Barbosa de Sousa. 2005. Hipertens\u00e3o intracraniana com manifesta\u00e7\u00f5es oculares associada ao uso de tetraciclina: relato de caso. Arquivos Brasileiros de Oftalmologia 68, 5 (out 2005), 701\u2013703. https:\/\/doi.org\/10.1590\/S0004-27492005000500025","journal-title":"Arquivos Brasileiros de Oftalmologia"},{"key":"e_1_3_2_1_10_1","volume-title":"IEEE International Conference on Bioinformatics and Biomedicine (BIBM). 2862\u20132868","author":"dos Santos Henrique","year":"2021","unstructured":"Henrique D.\u00a0P. dos Santos , Ana Helena D. P.\u00a0S. Ulbrich , and Renata Vieira . 2021 . Evaluation of a Prescription Outlier Detection System in Hospital\u2019s Pharmacy Services. In Anais do IEEE International Conference on Bioinformatics and Biomedicine (BIBM). 2862\u20132868 . https:\/\/doi.org\/10.1109\/BIBM52615.2021.9669703 Henrique D.\u00a0P. dos Santos, Ana Helena D. P.\u00a0S. Ulbrich, and Renata Vieira. 2021. Evaluation of a Prescription Outlier Detection System in Hospital\u2019s Pharmacy Services. In Anais do IEEE International Conference on Bioinformatics and Biomedicine (BIBM). 2862\u20132868. https:\/\/doi.org\/10.1109\/BIBM52615.2021.9669703"},{"key":"e_1_3_2_1_11_1","volume-title":"Camila\u00a0Hitomi Nihei, Maria Alice\u00a0Fernandes Barcelos, Osni Braga, Zita Maria\u00a0Leme Britto, and Rosilene\u00a0Mota Elias.","author":"Duayer Irene\u00a0Faria","year":"2021","unstructured":"Irene\u00a0Faria Duayer , Maria J\u00falia Correia Lima\u00a0Nepomuceno Ara\u00fajo , Camila\u00a0Hitomi Nihei, Maria Alice\u00a0Fernandes Barcelos, Osni Braga, Zita Maria\u00a0Leme Britto, and Rosilene\u00a0Mota Elias. 2021 . Plaquetopenia relacionada \u00e0 hemodi\u00e1lise: relato de caso. Brazilian Journal of Nephrology ( fev 2021), 1\u20135. https:\/\/doi.org\/10.1590\/2175-8239-jbn-2020-0109 Irene\u00a0Faria Duayer, Maria J\u00falia Correia Lima\u00a0Nepomuceno Ara\u00fajo, Camila\u00a0Hitomi Nihei, Maria Alice\u00a0Fernandes Barcelos, Osni Braga, Zita Maria\u00a0Leme Britto, and Rosilene\u00a0Mota Elias. 2021. Plaquetopenia relacionada \u00e0 hemodi\u00e1lise: relato de caso. Brazilian Journal of Nephrology (fev 2021), 1\u20135. https:\/\/doi.org\/10.1590\/2175-8239-jbn-2020-0109"},{"key":"e_1_3_2_1_12_1","doi-asserted-by":"publisher","DOI":"10.1590\/S0482-50042010000300013"},{"key":"e_1_3_2_1_13_1","first-page":"1","article-title":"A bula de medicamentos e a regula\u00e7\u00e3o de suas configura\u00e7\u00f5es em termos de forma e conte\u00fado no Brasil","volume":"23","author":"Fujita Patricia\u00a0Lopes","year":"2014","unstructured":"Patricia\u00a0Lopes Fujita , Carlos Jos\u00e9\u00a0Saldanha Machado , and M\u00e1rcia de Oliveira\u00a0Teixeira . 2014 . A bula de medicamentos e a regula\u00e7\u00e3o de suas configura\u00e7\u00f5es em termos de forma e conte\u00fado no Brasil . Sa\u00fade e Sociedade 23 , 1 (confirmar 2014), 277\u2013292. https:\/\/doi.org\/10.1590\/S0104-12902014000100022 Patricia\u00a0Lopes Fujita, Carlos Jos\u00e9\u00a0Saldanha Machado, and M\u00e1rcia de Oliveira\u00a0Teixeira. 2014. A bula de medicamentos e a regula\u00e7\u00e3o de suas configura\u00e7\u00f5es em termos de forma e conte\u00fado no Brasil. Sa\u00fade e Sociedade 23, 1 (confirmar 2014), 277\u2013292. https:\/\/doi.org\/10.1590\/S0104-12902014000100022","journal-title":"Sa\u00fade e Sociedade"},{"key":"e_1_3_2_1_14_1","volume-title":"Proceedings of the 18th International Conference on Machine Learning (ICML","author":"Lafferty John","year":"2001","unstructured":"John Lafferty , Andrew McCallum , and Fernando Pereira . 2001 . Conditional Random Fields: Probabilistic Models for Segmenting and Labeling Sequence Data . In Proceedings of the 18th International Conference on Machine Learning (ICML 2001). 282\u2013289. http:\/\/portal.acm.org\/citation.cfm?id=655813 John Lafferty, Andrew McCallum, and Fernando Pereira. 2001. Conditional Random Fields: Probabilistic Models for Segmenting and Labeling Sequence Data. In Proceedings of the 18th International Conference on Machine Learning (ICML 2001). 282\u2013289. http:\/\/portal.acm.org\/citation.cfm?id=655813"},{"key":"e_1_3_2_1_15_1","volume-title":"Larissa Menezes\u00a0Pinheiro de Oliveira, and Gabriela\u00a0Villar e Silva","author":"Lopes Luis\u00a0Fernando","year":"2017","unstructured":"Luis\u00a0Fernando Lopes , Michelly\u00a0Wada Monteiro , L\u00edvia\u00a0Migu\u00e9is Berardinelli , Larissa Menezes\u00a0Pinheiro de Oliveira, and Gabriela\u00a0Villar e Silva . 2017 . Parada Card\u00edaca Ap\u00f3s Anestesia Geral: Relato de Caso. Anestesia Analgesia Reanimaci\u00f3n 30 (nov 2017), 1. Luis\u00a0Fernando Lopes, Michelly\u00a0Wada Monteiro, L\u00edvia\u00a0Migu\u00e9is Berardinelli, Larissa Menezes\u00a0Pinheiro de Oliveira, and Gabriela\u00a0Villar e Silva. 2017. Parada Card\u00edaca Ap\u00f3s Anestesia Geral: Relato de Caso. Anestesia Analgesia Reanimaci\u00f3n 30 (nov 2017), 1."},{"key":"e_1_3_2_1_16_1","doi-asserted-by":"publisher","DOI":"10.1186\/s12859-021-04188-3"},{"key":"e_1_3_2_1_17_1","first-page":"5","article-title":"Insufici\u00eancia hep\u00e1tica fulminante ap\u00f3s transplante simult\u00e2neo de rim-p\u00e2ncreas: um relato de caso","volume":"68","author":"Moss L.","year":"2018","unstructured":"Jimmy\u00a0 L. Moss , Benjamin\u00a0 W. Brown , Sher-Lu Pai , Klaus\u00a0 D. Torp , and Stephen Aniskevich . 2018 . Insufici\u00eancia hep\u00e1tica fulminante ap\u00f3s transplante simult\u00e2neo de rim-p\u00e2ncreas: um relato de caso . Revista Brasileira de Anestesiologia 68 , 5 (jun 2018), 535\u2013538. https:\/\/doi.org\/10.1016\/j.bjan.2018.01.013 Jimmy\u00a0L. Moss, Benjamin\u00a0W. Brown, Sher-Lu Pai, Klaus\u00a0D. Torp, and Stephen Aniskevich. 2018. Insufici\u00eancia hep\u00e1tica fulminante ap\u00f3s transplante simult\u00e2neo de rim-p\u00e2ncreas: um relato de caso. Revista Brasileira de Anestesiologia 68, 5 (jun 2018), 535\u2013538. https:\/\/doi.org\/10.1016\/j.bjan.2018.01.013","journal-title":"Revista Brasileira de Anestesiologia"},{"key":"e_1_3_2_1_18_1","first-page":"5","article-title":"Les\u00e3o pulmonar aguda relacionada \u00e0 transfus\u00e3o associada com infus\u00e3o de imunoglobulina intravenosa em paciente pedi\u00e1trico","volume":"18","author":"Roberto\u00a0Mendes Pegler Jos\u00e9","year":"2020","unstructured":"Jos\u00e9 Roberto\u00a0Mendes Pegler , Ana Paula Beltran\u00a0Moschione Castro , Antonio\u00a0Carlos Pastorino , and Mayra de Barros\u00a0Dorna . 2020 . Les\u00e3o pulmonar aguda relacionada \u00e0 transfus\u00e3o associada com infus\u00e3o de imunoglobulina intravenosa em paciente pedi\u00e1trico . Einstein 18 , 5 (nov 2020), 1\u20134. https:\/\/doi.org\/10.1016\/j.bjan.2018.01.013 Jos\u00e9 Roberto\u00a0Mendes Pegler, Ana Paula Beltran\u00a0Moschione Castro, Antonio\u00a0Carlos Pastorino, and Mayra de Barros\u00a0Dorna. 2020. Les\u00e3o pulmonar aguda relacionada \u00e0 transfus\u00e3o associada com infus\u00e3o de imunoglobulina intravenosa em paciente pedi\u00e1trico. Einstein 18, 5 (nov 2020), 1\u20134. https:\/\/doi.org\/10.1016\/j.bjan.2018.01.013","journal-title":"Einstein"},{"key":"e_1_3_2_1_19_1","volume-title":"Legibilidade das bulas dos medicamentos: revis\u00e3o sistem\u00e1tica. Rev Sa\u00fade P\u00fablica 1, 1 (ago","author":"Pires Carla","year":"2014","unstructured":"Carla Pires , Marina Vig\u00e1rio , and Afonso Cavaco . 2014. Legibilidade das bulas dos medicamentos: revis\u00e3o sistem\u00e1tica. Rev Sa\u00fade P\u00fablica 1, 1 (ago 2014 ), 1\u201313. https:\/\/doi.org\/10.1590\/S0034-8910.2015049005559 Carla Pires, Marina Vig\u00e1rio, and Afonso Cavaco. 2014. Legibilidade das bulas dos medicamentos: revis\u00e3o sistem\u00e1tica. Rev Sa\u00fade P\u00fablica 1, 1 (ago 2014), 1\u201313. https:\/\/doi.org\/10.1590\/S0034-8910.2015049005559"},{"key":"e_1_3_2_1_20_1","volume-title":"Pirovani and Elias de Oliveira","author":"C.","year":"2018","unstructured":"Juliana\u00a0P. C. Pirovani and Elias de Oliveira . 2018 . CRF+LG: A Hybrid Approach for the Portuguese Named Entity Recognition. Advances in Intelligent Systems and Computing 736. https:\/\/doi.org\/10.1007\/978-3-319-76348-4_11 Juliana\u00a0P.C. Pirovani and Elias de Oliveira. 2018. CRF+LG: A Hybrid Approach for the Portuguese Named Entity Recognition. Advances in Intelligent Systems and Computing 736. https:\/\/doi.org\/10.1007\/978-3-319-76348-4_11"},{"key":"e_1_3_2_1_21_1","doi-asserted-by":"publisher","DOI":"10.18653\/v1\/W15-2608"},{"key":"e_1_3_2_1_22_1","volume-title":"Estudo da bula de medicamentos: uma an\u00e1lise da situa\u00e7\u00e3o. Revista de Ci\u00eancias Farmac\u00eauticas B\u00e1sica e Aplicada 27, 3 (out","author":"Silva Marcia\u00a0Da","year":"2006","unstructured":"Marcia\u00a0Da Silva , Adelia\u00a0Emilia de Almeida , A.\u00a0 M. Oliveira , C.\u00a0 C. Correia , F.\u00a0 P. Benzatti , J.\u00a0 T. Fernandes , G.\u00a0 R. Barbosa , C.\u00a0 P. Pimenta , T.\u00a0 M\u00a0M Costa , and V.\u00a0 C. Doneida . 2006. Estudo da bula de medicamentos: uma an\u00e1lise da situa\u00e7\u00e3o. Revista de Ci\u00eancias Farmac\u00eauticas B\u00e1sica e Aplicada 27, 3 (out 2006 ), 229\u2013236. https:\/\/doi.org\/confirmar Marcia\u00a0Da Silva, Adelia\u00a0Emilia de Almeida, A.\u00a0M. Oliveira, C.\u00a0C. Correia, F.\u00a0P. Benzatti, J.\u00a0T. Fernandes, G.\u00a0R. Barbosa, C.\u00a0P. Pimenta, T.\u00a0M\u00a0M Costa, and V.\u00a0C. Doneida. 2006. Estudo da bula de medicamentos: uma an\u00e1lise da situa\u00e7\u00e3o. Revista de Ci\u00eancias Farmac\u00eauticas B\u00e1sica e Aplicada 27, 3 (out 2006), 229\u2013236. https:\/\/doi.org\/confirmar"},{"key":"e_1_3_2_1_23_1","first-page":"3","article-title":"Intera\u00e7\u00e3o medicamentosa de venlafaxina com captopril","volume":"22","author":"Sucar Douglas\u00a0Dogol","year":"2000","unstructured":"Douglas\u00a0Dogol Sucar . 2000 . Intera\u00e7\u00e3o medicamentosa de venlafaxina com captopril . Revista Brasileira de Psiquiatria 22 , 3 (set 2000), 134\u2013137. https:\/\/doi.org\/10.1590\/S1516-44462000000300008 Douglas\u00a0Dogol Sucar. 2000. Intera\u00e7\u00e3o medicamentosa de venlafaxina com captopril. Revista Brasileira de Psiquiatria 22, 3 (set 2000), 134\u2013137. https:\/\/doi.org\/10.1590\/S1516-44462000000300008","journal-title":"Revista Brasileira de Psiquiatria"},{"key":"e_1_3_2_1_24_1","first-page":"1","article-title":"Surto psic\u00f3tico pela poss\u00edvel intera\u00e7\u00e3o medicamentosa de sibutramina com finasterida","volume":"24","author":"Sucar Douglas\u00a0Dogol","year":"2002","unstructured":"Douglas\u00a0Dogol Sucar , Everton\u00a0Botelho Sougey , and Jos\u00e9\u00a0Brand\u00e3o Neto . 2002 . Surto psic\u00f3tico pela poss\u00edvel intera\u00e7\u00e3o medicamentosa de sibutramina com finasterida . Revista Brasileira de Psiquiatria 24 , 1 (mar 2002), 30\u201333. https:\/\/doi.org\/10.1590\/S1516-44462002000100009 Douglas\u00a0Dogol Sucar, Everton\u00a0Botelho Sougey, and Jos\u00e9\u00a0Brand\u00e3o Neto. 2002. Surto psic\u00f3tico pela poss\u00edvel intera\u00e7\u00e3o medicamentosa de sibutramina com finasterida. Revista Brasileira de Psiquiatria 24, 1 (mar 2002), 30\u201333. https:\/\/doi.org\/10.1590\/S1516-44462002000100009","journal-title":"Revista Brasileira de Psiquiatria"},{"key":"e_1_3_2_1_25_1","doi-asserted-by":"publisher","DOI":"10.1186\/s12859-019-3195-5"}],"event":{"name":"SBSI: XVIII Brazilian Symposium on Information Systems","acronym":"SBSI","location":"Curitiba Brazil"},"container-title":["XVIII Brazilian Symposium on Information Systems"],"original-title":[],"link":[{"URL":"https:\/\/dl.acm.org\/doi\/10.1145\/3535511.3535558","content-type":"unspecified","content-version":"vor","intended-application":"text-mining"},{"URL":"https:\/\/dl.acm.org\/doi\/pdf\/10.1145\/3535511.3535558","content-type":"unspecified","content-version":"vor","intended-application":"similarity-checking"}],"deposited":{"date-parts":[[2025,6,17]],"date-time":"2025-06-17T19:00:09Z","timestamp":1750186809000},"score":1,"resource":{"primary":{"URL":"https:\/\/dl.acm.org\/doi\/10.1145\/3535511.3535558"}},"subtitle":[],"short-title":[],"issued":{"date-parts":[[2022,5,16]]},"references-count":25,"alternative-id":["10.1145\/3535511.3535558","10.1145\/3535511"],"URL":"https:\/\/doi.org\/10.1145\/3535511.3535558","relation":{},"subject":[],"published":{"date-parts":[[2022,5,16]]},"assertion":[{"value":"2022-06-30","order":2,"name":"published","label":"Published","group":{"name":"publication_history","label":"Publication History"}}]}}