{"status":"ok","message-type":"work","message-version":"1.0.0","message":{"indexed":{"date-parts":[[2025,6,18]],"date-time":"2025-06-18T04:16:40Z","timestamp":1750220200534,"version":"3.41.0"},"publisher-location":"New York, NY, USA","reference-count":33,"publisher":"ACM","license":[{"start":{"date-parts":[[2022,5,13]],"date-time":"2022-05-13T00:00:00Z","timestamp":1652400000000},"content-version":"vor","delay-in-days":0,"URL":"https:\/\/www.acm.org\/publications\/policies\/copyright_policy#Background"}],"content-domain":{"domain":[],"crossmark-restriction":false},"short-container-title":[],"published-print":{"date-parts":[[2022,5,13]]},"DOI":"10.1145\/3545729.3545789","type":"proceedings-article","created":{"date-parts":[[2022,10,13]],"date-time":"2022-10-13T16:13:55Z","timestamp":1665677635000},"page":"300-304","source":"Crossref","is-referenced-by-count":0,"title":["Anxiety, Depression, Insomnia and Stress during the COVID-19 Pandemic: Prevalence and risk according to associated experiences in the general population"],"prefix":"10.1145","author":[{"given":"Llerme","family":"Nu\u00f1ez Zarazu","sequence":"first","affiliation":[{"name":"Universidad Nacional Santiago Antunez de Mayolo, Peru"}]},{"given":"Nalda","family":"Nu\u00f1ez Zarazu","sequence":"additional","affiliation":[{"name":"Novamed, Peru"}]},{"given":"Rosario","family":"Yslado Mendez","sequence":"additional","affiliation":[{"name":"Universidad Nacional Santiago Antunez de Mayolo, Peru"}]},{"given":"Edwin","family":"Asnate Salazar","sequence":"additional","affiliation":[{"name":"Universidad Nacional Santiago Antunez de Mayolo, Peru"}]}],"member":"320","published-online":{"date-parts":[[2022,10,13]]},"reference":[{"key":"e_1_3_2_1_1_1","volume-title":"Alocuci\u00f3n de apertura del director General de la OMS en la rueda de prensa sobre la COVID-19 celebrada el 11 de marzo de","author":"Organizaci\u00f3n Mundial","year":"2020","unstructured":"Organizaci\u00f3n Mundial de la salud. 2020. Alocuci\u00f3n de apertura del director General de la OMS en la rueda de prensa sobre la COVID-19 celebrada el 11 de marzo de 2020 . https:\/\/www.who.int\/es\/director-general\/speeches\/detail\/who-director-general-s-opening-remarks-at-the-media-briefing-on-covid-19\u201411-march-2020. Organizaci\u00f3n Mundial de la salud. 2020. Alocuci\u00f3n de apertura del director General de la OMS en la rueda de prensa sobre la COVID-19 celebrada el 11 de marzo de 2020. https:\/\/www.who.int\/es\/director-general\/speeches\/detail\/who-director-general-s-opening-remarks-at-the-media-briefing-on-covid-19\u201411-march-2020."},{"issue":"20","key":"e_1_3_2_1_2_1","first-page":"2","article-title":"Mental Well-Being (Depression, Loneliness, Insomnia, Daily Life Fatigue) during COVID-19 Related Home-Confinement\u2014A Study from Poland","volume":"17","author":"Bartoszek Adrian","year":"2020","unstructured":"Adrian Bartoszek , Dariusz Walkowiak , Agnieszka Bartoszek , and Grzegorz Kardas . 2020 . Mental Well-Being (Depression, Loneliness, Insomnia, Daily Life Fatigue) during COVID-19 Related Home-Confinement\u2014A Study from Poland . Int J Environ Res Public Health 17 , 20 , 2 - 12 . https:\/\/doi.org\/10.3390\/ijerph17207417. Adrian Bartoszek, Dariusz Walkowiak, Agnieszka Bartoszek, and Grzegorz Kardas. 2020. Mental Well-Being (Depression, Loneliness, Insomnia, Daily Life Fatigue) during COVID-19 Related Home-Confinement\u2014A Study from Poland. Int J Environ Res Public Health 17, 20, 2-12. https:\/\/doi.org\/10.3390\/ijerph17207417.","journal-title":"Int J Environ Res Public Health"},{"issue":"1","key":"e_1_3_2_1_3_1","first-page":"1","article-title":"Psychological impact of COVID-19 in the Swedish population: Depression, anxiety, and insomnia and their associations to risk and vulnerability factors","volume":"63","author":"McCracken Lance M.","year":"2020","unstructured":"Lance M. McCracken , Farzaneh Badinlou , Monica Buhrman , and Karin C. Brocki . 2020 . Psychological impact of COVID-19 in the Swedish population: Depression, anxiety, and insomnia and their associations to risk and vulnerability factors . Eur Psychiatry 63 , 1 , 1 - 9 . https:\/\/doi.org\/10.1192\/j.eurpsy.2020.81 Lance M. McCracken, Farzaneh Badinlou, Monica Buhrman, and Karin C. Brocki.2020. Psychological impact of COVID-19 in the Swedish population: Depression, anxiety, and insomnia and their associations to risk and vulnerability factors. Eur Psychiatry 63, 1, 1-9. https:\/\/doi.org\/10.1192\/j.eurpsy.2020.81","journal-title":"Eur Psychiatry"},{"issue":"5","key":"e_1_3_2_1_4_1","doi-asserted-by":"crossref","first-page":"172","DOI":"10.1016\/j.bbi.2020.05.040","article-title":"Mental health consequences during the initial stage of the 2020 Coronavirus pandemic (COVID-19) in Spain","volume":"87","author":"Gonz\u00e1lez-Sanguino Clara","year":"2020","unstructured":"Clara Gonz\u00e1lez-Sanguino , Berta Aus\u00edn , Miguel A. Castellanos , Jes\u00fas Saiz , A\u00edda L\u00f3pez-G\u00f3mez , Carolina Ugidos , and Manuel Mu\u00f1oz . 2020 . Mental health consequences during the initial stage of the 2020 Coronavirus pandemic (COVID-19) in Spain . Brain Behav Immun 87 , 5 , 172 - 176 . https:\/\/www.sciencedirect.com\/science\/article\/pii\/S0889159120308126 Clara Gonz\u00e1lez-Sanguino, Berta Aus\u00edn, Miguel A. Castellanos, Jes\u00fas Saiz, A\u00edda L\u00f3pez-G\u00f3mez, Carolina Ugidos, and Manuel Mu\u00f1oz. 2020. Mental health consequences during the initial stage of the 2020 Coronavirus pandemic (COVID-19) in Spain. Brain Behav Immun 87, 5, 172-176. https:\/\/www.sciencedirect.com\/science\/article\/pii\/S0889159120308126","journal-title":"Brain Behav Immun"},{"key":"e_1_3_2_1_5_1","doi-asserted-by":"crossref","unstructured":"Oscar Galindo M\u00f3nica Ram\u00edrez Rosario Costas Luis A. Mendoza Germ\u00e1n Calderillo and Abelardo Meneses. 2020. S\u00edntomas de ansiedad depresi\u00f3n y conductas de autocuidado durante la pandemia de COVID-19 en la poblaci\u00f3n general. Gaceta m\u00e9dica de M\u00e9xico 156 4 298-305. https:\/\/www.gacetamedicademexico.com\/frame_eng.php?id=442  Oscar Galindo M\u00f3nica Ram\u00edrez Rosario Costas Luis A. Mendoza Germ\u00e1n Calderillo and Abelardo Meneses. 2020. S\u00edntomas de ansiedad depresi\u00f3n y conductas de autocuidado durante la pandemia de COVID-19 en la poblaci\u00f3n general. Gaceta m\u00e9dica de M\u00e9xico 156 4 298-305. https:\/\/www.gacetamedicademexico.com\/frame_eng.php?id=442","DOI":"10.24875\/GMM.20000266"},{"key":"e_1_3_2_1_6_1","doi-asserted-by":"crossref","first-page":"620023","DOI":"10.3389\/fpubh.2020.620023","article-title":"The Combined Impact of Gender and Age on Post-Traumatic Stress Symptoms, Depression, and Insomnia During COVID-19 Outbreak in China","volume":"8","author":"Liu Chengbin","year":"2021","unstructured":"Chengbin Liu , Danxia Liu , Ning Huang , Mingqi Fu , Jam F. Ahmed , Yanjun Zhang , 2021 . The Combined Impact of Gender and Age on Post-Traumatic Stress Symptoms, Depression, and Insomnia During COVID-19 Outbreak in China . Public Health Front 8 : 620023 . Chengbin Liu, Danxia Liu, Ning Huang, Mingqi Fu, Jam F. Ahmed, Yanjun Zhang, 2021. The Combined Impact of Gender and Age on Post-Traumatic Stress Symptoms, Depression, and Insomnia During COVID-19 Outbreak in China. Public Health Front 8: 620023.","journal-title":"Public Health Front"},{"issue":"1","key":"e_1_3_2_1_7_1","first-page":"13","article-title":"Predictores de ansiedad, depresi\u00f3n y estr\u00e9s a partir del brote epid\u00e9mico de COVID-19","volume":"26","author":"Andrades-Tobar Mariela","year":"2021","unstructured":"Mariela Andrades-Tobar , Felipe E. Garc\u00eda , Pablo Concha-Ponce , Carmen Valiente , and Cibelle Lucero . 2021 . Predictores de ansiedad, depresi\u00f3n y estr\u00e9s a partir del brote epid\u00e9mico de COVID-19 . Rev. Psicopatol Psicol Clin 26 , 1 , 13 - 22 . https:\/\/doi.org\/10.5944\/rppc.28090 Mariela Andrades-Tobar, Felipe E. Garc\u00eda, Pablo Concha-Ponce, Carmen Valiente, and Cibelle Lucero. 2021. Predictores de ansiedad, depresi\u00f3n y estr\u00e9s a partir del brote epid\u00e9mico de COVID-19. Rev. Psicopatol Psicol Clin 26,1,13-22. https:\/\/doi.org\/10.5944\/rppc.28090","journal-title":"Rev. Psicopatol Psicol Clin"},{"key":"e_1_3_2_1_8_1","doi-asserted-by":"crossref","first-page":"e0243527","DOI":"10.1371\/journal.pone.0243527","article-title":"Worry and insomnia as risk factors for depression during initial stages of COVID-19 pandemic in India","volume":"15","author":"Bajaj Sahil","year":"2020","unstructured":"Sahil Bajaj , Karina S. Blair , Amanda Schwartz , Matthew Dobbertin , and James R. Blair . 2020 . Worry and insomnia as risk factors for depression during initial stages of COVID-19 pandemic in India . PloS one 15 , 12, e0243527 . https:\/\/doi.org\/10.1371\/journal.pone.0243527 Sahil Bajaj, Karina S. Blair, Amanda Schwartz, Matthew Dobbertin, and James R. Blair. 2020. Worry and insomnia as risk factors for depression during initial stages of COVID-19 pandemic in India. PloS one 15, 12, e0243527. https:\/\/doi.org\/10.1371\/journal.pone.0243527","journal-title":"PloS one"},{"key":"e_1_3_2_1_9_1","unstructured":"Ministerio de salud. 2021. Sala Situacional COVID-19 Per\u00fa. Resumen total de casos positivos por Departamento. https:\/\/covid19.minsa.gob.pe\/sala_situacional.asp  Ministerio de salud. 2021. Sala Situacional COVID-19 Per\u00fa. Resumen total de casos positivos por Departamento. https:\/\/covid19.minsa.gob.pe\/sala_situacional.asp"},{"volume-title":"Promoci\u00f3n de la salud en el ciclo de vida. Mc Graw Hill Interamericana","author":"Gonz\u00e1lez Rafael","key":"e_1_3_2_1_10_1","unstructured":"Rafael Gonz\u00e1lez , Juan M. Castro , and Laura Moreno . 2010. Promoci\u00f3n de la salud en el ciclo de vida. Mc Graw Hill Interamericana . Madrid, Espa\u00f1a . Rafael Gonz\u00e1lez, Juan M. Castro, and Laura Moreno. 2010. Promoci\u00f3n de la salud en el ciclo de vida. Mc Graw Hill Interamericana. Madrid, Espa\u00f1a."},{"issue":"2","key":"e_1_3_2_1_11_1","first-page":"1","article-title":"Depresi\u00f3n y ansiedad durante el aislamiento obligatorio por el COVID-19 en Lima Metropolitana","volume":"425","author":"Prieto Diego","year":"2020","unstructured":"Diego Prieto , Gianella L. Aguirre , In\u00e9s De Pi\u00e9rola , Giancarlo Luna , Luc\u00eda A. Merea , and Caleb S. Lazarte , 2020 . Depresi\u00f3n y ansiedad durante el aislamiento obligatorio por el COVID-19 en Lima Metropolitana . Liberabit 425 , 2 , 1 - 14 . Diego Prieto, Gianella L. Aguirre, In\u00e9s De Pi\u00e9rola, Giancarlo Luna, Luc\u00eda A. Merea, and Caleb S. Lazarte, 2020. Depresi\u00f3n y ansiedad durante el aislamiento obligatorio por el COVID-19 en Lima Metropolitana. Liberabit 425, 2,1-14.","journal-title":"Liberabit"},{"key":"e_1_3_2_1_12_1","volume-title":"VICSUD 2021 Virtual International Congress of Science for Sustainable Development. https:\/\/congresovicsud.com\/sala-dia-2\/","author":"Caycho-Rodr\u00edguez Tom\u00e1s","year":"2021","unstructured":"Tom\u00e1s Caycho-Rodr\u00edguez , Miguel Barboza-Palomino M, Jos\u00e9 Ventura-Le\u00f3n , Miguel Gallegos , Mario Reyes-Bossio , 2021 . Impacto de la pandemia de la COVID-19 en la salud mental en el Per\u00fa y Latinoam\u00e9rica . VICSUD 2021 Virtual International Congress of Science for Sustainable Development. https:\/\/congresovicsud.com\/sala-dia-2\/ Tom\u00e1s Caycho-Rodr\u00edguez, Miguel Barboza-Palomino M, Jos\u00e9 Ventura-Le\u00f3n, Miguel Gallegos, Mario Reyes-Bossio, 2021. Impacto de la pandemia de la COVID-19 en la salud mental en el Per\u00fa y Latinoam\u00e9rica. VICSUD 2021 Virtual International Congress of Science for Sustainable Development. https:\/\/congresovicsud.com\/sala-dia-2\/"},{"key":"e_1_3_2_1_13_1","first-page":"2","article-title":"The psychological and mental impact of coronavirus disease 2019 (COVID-19) on medical staff and general public\u2013A systematic review and meta-analysis","volume":"291","author":"Luo Min","year":"2020","unstructured":"Min Luo , Lixia Guo , Mingzhou Yu , Haiyan Wang . 2020 . The psychological and mental impact of coronavirus disease 2019 (COVID-19) on medical staff and general public\u2013A systematic review and meta-analysis . Psychiatry Res 291 , 2 - 9 . https:\/\/doi.org\/10.1016\/j.psychres.2020.113190 Min Luo, Lixia Guo, Mingzhou Yu, Haiyan Wang. 2020. The psychological and mental impact of coronavirus disease 2019 (COVID-19) on medical staff and general public\u2013A systematic review and meta-analysis. Psychiatry Res 291, 2-9. https:\/\/doi.org\/10.1016\/j.psychres.2020.113190","journal-title":"Psychiatry Res"},{"issue":"4","key":"e_1_3_2_1_14_1","doi-asserted-by":"crossref","first-page":"519","DOI":"10.1055\/s-0040-1716442","article-title":"Prevalence of Depression, Anxiety, and Stress during COVID-19 Pandemic","volume":"11","author":"Lakhan Ram","year":"2020","unstructured":"Ram Lakhan , Amit Agrawal , and Manoj Sharma . 2020 . Prevalence of Depression, Anxiety, and Stress during COVID-19 Pandemic . J Neurosci Rural Pract 11 , 4 , 519 - 525 . https:\/\/doi:10.1055\/s-0040-1716442. Ram Lakhan, Amit Agrawal, and Manoj Sharma. 2020. Prevalence of Depression, Anxiety, and Stress during COVID-19 Pandemic. J Neurosci Rural Pract 11, 4, 519-525. https:\/\/doi:10.1055\/s-0040-1716442.","journal-title":"J Neurosci Rural Pract"},{"key":"e_1_3_2_1_15_1","doi-asserted-by":"crossref","unstructured":"Nader Salari Amin Hosseinian-Far Rostam Jalali Aliakbar Vaisi-Raygani Shna Rsaoulpoors Masoud Mohammadi Prevalence of stress anxiety depression among the general population during the COVID-19 pandemic: a systematic review and meta-analysis. Global Health 16 57. https:\/\/doi.org\/10.1186\/s12992-020-00589-w  Nader Salari Amin Hosseinian-Far Rostam Jalali Aliakbar Vaisi-Raygani Shna Rsaoulpoors Masoud Mohammadi Prevalence of stress anxiety depression among the general population during the COVID-19 pandemic: a systematic review and meta-analysis. Global Health 16 57. https:\/\/doi.org\/10.1186\/s12992-020-00589-w","DOI":"10.1186\/s12992-020-00589-w"},{"key":"e_1_3_2_1_16_1","doi-asserted-by":"crossref","unstructured":"Jude M. C\u00e9nat Camille Blais-Rochette Cirille K. Kokou-Kpolou Pari G. Noorishad Joana N. Mukunzi Sara E. McIntee Prevalence of symptoms of depression anxiety insomnia posttraumatic stress disorder and psychological distress among populations affected by the COVID-19 pandemic: A systematic review and meta-analysis. Psychiatry Res 295 113599. https:\/\/doi: 10.1016\/j.psychres.2020.113599.  Jude M. C\u00e9nat Camille Blais-Rochette Cirille K. Kokou-Kpolou Pari G. Noorishad Joana N. Mukunzi Sara E. McIntee Prevalence of symptoms of depression anxiety insomnia posttraumatic stress disorder and psychological distress among populations affected by the COVID-19 pandemic: A systematic review and meta-analysis. Psychiatry Res 295 113599. https:\/\/doi: 10.1016\/j.psychres.2020.113599.","DOI":"10.1016\/j.psychres.2020.113599"},{"issue":"1","key":"e_1_3_2_1_17_1","first-page":"1","article-title":"Depressive, anxiety, and insomnia symptoms between population in quarantine and general population during the COVID-19 pandemic: a case-controlled study","volume":"21","author":"Wang Chengmin","year":"2021","unstructured":"Chengmin Wang , Weidong Song , Xiaohui Hu , Shaoguang Yan , Xing Zhang , Xinxiang Wang , and Wenli Chen . 2021 . Depressive, anxiety, and insomnia symptoms between population in quarantine and general population during the COVID-19 pandemic: a case-controlled study . BMC Psychiatry 21 , 1 , 1 - 9 . https:\/\/bmcpsychiatry.biomedcentral.com\/articles\/10.1186\/s12888-021-03108-2 Chengmin Wang, Weidong Song, Xiaohui Hu, Shaoguang Yan, Xing Zhang, Xinxiang Wang, and Wenli Chen. 2021. Depressive, anxiety, and insomnia symptoms between population in quarantine and general population during the COVID-19 pandemic: a case-controlled study. BMC Psychiatry 21,1,1-9. https:\/\/bmcpsychiatry.biomedcentral.com\/articles\/10.1186\/s12888-021-03108-2","journal-title":"BMC Psychiatry"},{"issue":"128","key":"e_1_3_2_1_18_1","first-page":"103","article-title":"Predictores de s\u00edntomas emocionales durante la cuarentena domiciliar por pandemia de COVID-19 en El Salvador","volume":"34","author":"Orellana Carlos I.","year":"2020","unstructured":"Carlos I. Orellana and Ligia M. Orellana . 2020 . Predictores de s\u00edntomas emocionales durante la cuarentena domiciliar por pandemia de COVID-19 en El Salvador . Actual Psicol 34 , 128 , 103 - 120 . https:\/\/www.scielo.sa.cr\/scielo.php?pid=S2215-35352020000100103&script=sci_arttext Carlos I. Orellana and Ligia M. Orellana. 2020. Predictores de s\u00edntomas emocionales durante la cuarentena domiciliar por pandemia de COVID-19 en El Salvador. Actual Psicol 34, 128, 103-120. https:\/\/www.scielo.sa.cr\/scielo.php?pid=S2215-35352020000100103&script=sci_arttext","journal-title":"Actual Psicol"},{"issue":"1","key":"e_1_3_2_1_19_1","doi-asserted-by":"crossref","first-page":"51","DOI":"10.20453\/rnp.v83i1.3687","article-title":"Impacto de la epidemia del Coronavirus (COVID-19) en la salud mental del personal de salud y en la poblaci\u00f3n general de China","volume":"83","author":"Antonio","year":"2020","unstructured":"Antonio Lozano-Vargas A. 2020 . Impacto de la epidemia del Coronavirus (COVID-19) en la salud mental del personal de salud y en la poblaci\u00f3n general de China . Rev Neuropsiquiatr 83 , 1 , 51 - 56 . http:\/\/dx.doi.org\/10.20453\/rnp.v83i1.3687 Antonio Lozano-Vargas A. 2020. Impacto de la epidemia del Coronavirus (COVID-19) en la salud mental del personal de salud y en la poblaci\u00f3n general de China. Rev Neuropsiquiatr 83, 1, 51-56. http:\/\/dx.doi.org\/10.20453\/rnp.v83i1.3687","journal-title":"Rev Neuropsiquiatr"},{"key":"e_1_3_2_1_20_1","first-page":"e1218","article-title":"Stress disorders caused by quarantine during the COVID-19 pandemic","volume":"20","author":"Palomino-Or\u00e9 Candy","year":"2020","unstructured":"Candy Palomino-Or\u00e9 and Jeff Huarcaya-Victoria . 2020 . Stress disorders caused by quarantine during the COVID-19 pandemic . Horiz Med 20 , 4, e1218 . http:\/\/dx.doi.org\/10.24265\/horizmed.2020.v20n4.10 Candy Palomino-Or\u00e9 and Jeff Huarcaya-Victoria. 2020. Stress disorders caused by quarantine during the COVID-19 pandemic. Horiz Med 20, 4, e1218. http:\/\/dx.doi.org\/10.24265\/horizmed.2020.v20n4.10","journal-title":"Horiz Med"},{"key":"e_1_3_2_1_21_1","doi-asserted-by":"publisher","DOI":"10.1016\/0005-7967(94)00075-U"},{"issue":"6","key":"e_1_3_2_1_22_1","doi-asserted-by":"crossref","first-page":"555","DOI":"10.1016\/S0022-3999(00)00095-7","article-title":"Athens Insomnia Scale: validation of an instrument based on ICD-10 criteria","volume":"48","author":"Soldatos Constantin R.","year":"2000","unstructured":"Constantin R. Soldatos , Dimitris Dikeos , and Thomas J. Paparrigopoulos . 2000 . Athens Insomnia Scale: validation of an instrument based on ICD-10 criteria . Journal of Psychosomatic Research 48 , 6 , 555 - 560 . Constantin R. Soldatos, Dimitris Dikeos, and Thomas J. Paparrigopoulos. 2000. Athens Insomnia Scale: validation of an instrument based on ICD-10 criteria. Journal of Psychosomatic Research 48, 6, 555-560.","journal-title":"Journal of Psychosomatic Research"},{"issue":"2","key":"e_1_3_2_1_23_1","doi-asserted-by":"crossref","first-page":"176","DOI":"10.1037\/1040-3590.10.2.176","article-title":"Psychometric properties of the 42-item and 21-item versions of the Depression Anxiety Stress Scales in clinical groups and a community sample","volume":"10","author":"Antony Martin M.","year":"1998","unstructured":"Martin M. Antony , Peter J. Bieling , Brian J. Cox , Murray W. Enns , and Richard P. Swinson . 1998 . Psychometric properties of the 42-item and 21-item versions of the Depression Anxiety Stress Scales in clinical groups and a community sample . Psychological Assessment 10 , 2 , 176 - 181 . https:\/\/doi.org\/10.1037\/1040-3590.10.2.176 Martin M. Antony, Peter J. Bieling, Brian J. Cox, Murray W. Enns, and Richard P. Swinson.1998. Psychometric properties of the 42-item and 21-item versions of the Depression Anxiety Stress Scales in clinical groups and a community sample. Psychological Assessment 10, 2, 176-181. https:\/\/doi.org\/10.1037\/1040-3590.10.2.176","journal-title":"Psychological Assessment"},{"issue":"1","key":"e_1_3_2_1_24_1","first-page":"97","article-title":"Hierarchical factor structure of the Spanish version of Depression Anxiety and Stress Scale -21","volume":"17","author":"Ru\u00edz Francisco J.","year":"2017","unstructured":"Francisco J. Ru\u00edz , Mar\u00eda B. Garc\u00eda , Juan C. Su\u00e1rez , and Paula Odriozola . 2017 . Hierarchical factor structure of the Spanish version of Depression Anxiety and Stress Scale -21 . International Journal of Psychology & Psychological Therapy 17 , 1 , 97 - 105 . https:\/\/www.ijpsy.com\/volumen17\/num1\/460\/the-hierarchical-factor-structure-of-the-EN.pdf Francisco J. Ru\u00edz, Mar\u00eda B. Garc\u00eda, Juan C. Su\u00e1rez, and Paula Odriozola. 2017. Hierarchical factor structure of the Spanish version of Depression Anxiety and Stress Scale -21. International Journal of Psychology & Psychological Therapy 17, 1, 97-105. https:\/\/www.ijpsy.com\/volumen17\/num1\/460\/the-hierarchical-factor-structure-of-the-EN.pdf","journal-title":"International Journal of Psychology & Psychological Therapy"},{"issue":"5","key":"e_1_3_2_1_25_1","first-page":"34","article-title":"Estudio de validaci\u00f3n de la traducci\u00f3n al espa\u00f1ol de la Escala Atenas de Insomnio","volume":"28","author":"Nenclares Alejandro","year":"2005","unstructured":"Alejandro Nenclares and Alejandro Jim\u00e9nez-Genchi . 2005 . Estudio de validaci\u00f3n de la traducci\u00f3n al espa\u00f1ol de la Escala Atenas de Insomnio . Salud Mental 28 , 5 , 34 - 39 . https:\/\/www.scielo.org.mx\/pdf\/sm\/v28n5\/0185-3325-sm-28-05-34.pdf Alejandro Nenclares and Alejandro Jim\u00e9nez-Genchi. 2005. Estudio de validaci\u00f3n de la traducci\u00f3n al espa\u00f1ol de la Escala Atenas de Insomnio. Salud Mental 28, 5, 34-39. https:\/\/www.scielo.org.mx\/pdf\/sm\/v28n5\/0185-3325-sm-28-05-34.pdf","journal-title":"Salud Mental"},{"issue":"790","key":"e_1_3_2_1_26_1","first-page":"1","article-title":"COVID-19 Pandemic and Lockdown Measures Impact on Mental Health Among the General Population in Italy","volume":"11","author":"Rossi Rodolfo","year":"2020","unstructured":"Rodolfo Rossi , Valentina Socci , Dalila Talevi , Sonia Mensi , Cinzia Niolu , Francesca Pacitti , 2020 . COVID-19 Pandemic and Lockdown Measures Impact on Mental Health Among the General Population in Italy . Front. Psychiatry 11 , 790 , 1 - 6 . https:\/\/doi.org\/10.3389\/fpsyt.2020.00790 Rodolfo Rossi, Valentina Socci, Dalila Talevi, Sonia Mensi, Cinzia Niolu, Francesca Pacitti, 2020. COVID-19 Pandemic and Lockdown Measures Impact on Mental Health Among the General Population in Italy. Front. Psychiatry 11,790,1-6. https:\/\/doi.org\/10.3389\/fpsyt.2020.00790","journal-title":"Front. Psychiatry"},{"key":"e_1_3_2_1_27_1","first-page":"e3307","article-title":"Efectos de la COVID-19 en la salud mental de la poblaci\u00f3n","volume":"19","author":"Ribot Victoria C.","year":"2020","unstructured":"Victoria C. Ribot , Niurka Chang , and Antonio L. Gonz\u00e1lez . 2020 . Efectos de la COVID-19 en la salud mental de la poblaci\u00f3n . Rev Haban Cienc M\u00e9di 19 (Supl), e3307 . http:\/\/scielo.sld.cu\/scielo.php?script=sci_arttext&pid=S1729-519X2020000400008 Victoria C. Ribot, Niurka Chang, and Antonio L. Gonz\u00e1lez. 2020. Efectos de la COVID-19 en la salud mental de la poblaci\u00f3n. Rev Haban Cienc M\u00e9di 19(Supl), e3307. http:\/\/scielo.sld.cu\/scielo.php?script=sci_arttext&pid=S1729-519X2020000400008","journal-title":"Rev Haban Cienc M\u00e9di"},{"key":"e_1_3_2_1_28_1","unstructured":"Fernando L. V\u00e1zquez Ricardo F. Mu\u00f1oz and Elisardo Beco\u00f1a. 2000. Depresi\u00f3n: diagn\u00f3stico modelos te\u00f3ricos y tratamiento a finales del siglo XX. Psicolog\u00eda conductual 8 3 417-449.  Fernando L. V\u00e1zquez Ricardo F. Mu\u00f1oz and Elisardo Beco\u00f1a. 2000. Depresi\u00f3n: diagn\u00f3stico modelos te\u00f3ricos y tratamiento a finales del siglo XX. Psicolog\u00eda conductual 8 3 417-449."},{"key":"e_1_3_2_1_29_1","doi-asserted-by":"crossref","first-page":"455","DOI":"10.1186\/s12888-021-03456-z","article-title":"Depression, post-traumatic stress, anxiety, and fear of COVID-19 in the general population and health-care workers: prevalence, relationship, and explicative model in Peru","volume":"21","author":"Villarreal-Zegarra David","year":"2021","unstructured":"David Villarreal-Zegarra , Anthony Copez-Lonzoy , Ana L. Vilela-Estrada , and Jeff Huarcaya-Victoria . 2021 . Depression, post-traumatic stress, anxiety, and fear of COVID-19 in the general population and health-care workers: prevalence, relationship, and explicative model in Peru . BMC Psychiatry , 21 , 455 . https:\/\/doi.org\/10.1186\/s12888-021-03456- David Villarreal-Zegarra, Anthony Copez-Lonzoy, Ana L. Vilela-Estrada, and Jeff Huarcaya-Victoria. 2021. Depression, post-traumatic stress, anxiety, and fear of COVID-19 in the general population and health-care workers: prevalence, relationship, and explicative model in Peru. BMC Psychiatry, 21, 455. https:\/\/doi.org\/10.1186\/s12888-021-03456-","journal-title":"BMC Psychiatry"},{"key":"e_1_3_2_1_30_1","doi-asserted-by":"crossref","unstructured":"Mar\u00eda L. Naranjo. 2009. Una revisi\u00f3n te\u00f3rica sobre el estr\u00e9s y algunos aspectos relevantes de \u00e9ste en el \u00e1mbito educativo. Revista Educaci\u00f3n 33 2 171-190.  Mar\u00eda L. Naranjo. 2009. Una revisi\u00f3n te\u00f3rica sobre el estr\u00e9s y algunos aspectos relevantes de \u00e9ste en el \u00e1mbito educativo. Revista Educaci\u00f3n 33 2 171-190.","DOI":"10.15517\/revedu.v33i2.511"},{"key":"e_1_3_2_1_31_1","volume-title":"Trive\u00f1o","author":"Concha Carlos A.","year":"2020","unstructured":"Carlos A. Concha , Carlos H. Farf\u00e1n , Angela A. Cornejo , Wendy Loayza , Brenda G. Alvarez , Yv\u00e1n Gallegos , and Jahaira J . Trive\u00f1o . 2020 . Estr\u00e9s ansiedad y depresi\u00f3n con estilos de afrontamiento en enfermeras en contacto con covid-19 Cusco Per\u00fa. Revista Cient\u00edfica de Enfermer\u00eda 9, 3, 50-60. https:\/\/revista.cep.org.pe\/index.php\/RECIEN\/article\/view\/44 Carlos A. Concha, Carlos H. Farf\u00e1n, Angela A. Cornejo, Wendy Loayza, Brenda G. Alvarez, Yv\u00e1n Gallegos, and Jahaira J. Trive\u00f1o. 2020. Estr\u00e9s ansiedad y depresi\u00f3n con estilos de afrontamiento en enfermeras en contacto con covid-19 Cusco Per\u00fa. Revista Cient\u00edfica de Enfermer\u00eda 9, 3, 50-60. https:\/\/revista.cep.org.pe\/index.php\/RECIEN\/article\/view\/44"},{"key":"e_1_3_2_1_32_1","doi-asserted-by":"crossref","unstructured":"Nereida J. Cede\u00f1o Mar\u00eda F. V\u00e9lez Anyelo A. Dur\u00e1n and Mariana Torres. 2020. Afrontamiento del COVID-19: estr\u00e9s miedo ansiedad y depresi\u00f3n. Enfermer\u00eda investiga 5 3 63-70. http:\/\/dx.doi.org\/10.31243\/ei.uta.v5i3.913.2020  Nereida J. Cede\u00f1o Mar\u00eda F. V\u00e9lez Anyelo A. Dur\u00e1n and Mariana Torres. 2020. Afrontamiento del COVID-19: estr\u00e9s miedo ansiedad y depresi\u00f3n. Enfermer\u00eda investiga 5 3 63-70. http:\/\/dx.doi.org\/10.31243\/ei.uta.v5i3.913.2020","DOI":"10.31243\/ei.uta.v5i3.913.2020"},{"issue":"2","key":"e_1_3_2_1_33_1","doi-asserted-by":"crossref","first-page":"43","DOI":"10.1016\/j.acu.2021.04.001","article-title":"Efectividad de la acupuntura y la auriculoterapia para reducir el nivel de depresi\u00f3n, ansiedad y estr\u00e9s en personal sanitario de urgencias durante la pandemia de COVID-19","volume":"15","author":"Ortells Nativitat","year":"2021","unstructured":"Nativitat Ortells and Inma S\u00e1nchez-P\u00e9rez . 2021 . Efectividad de la acupuntura y la auriculoterapia para reducir el nivel de depresi\u00f3n, ansiedad y estr\u00e9s en personal sanitario de urgencias durante la pandemia de COVID-19 . Revista Internacional de Acupuntura 15 , 2 , 43 - 50 . https:\/\/doi.org\/10.1016\/j.acu.2021.04.001 Nativitat Ortells and Inma S\u00e1nchez-P\u00e9rez. 2021. Efectividad de la acupuntura y la auriculoterapia para reducir el nivel de depresi\u00f3n, ansiedad y estr\u00e9s en personal sanitario de urgencias durante la pandemia de COVID-19. Revista Internacional de Acupuntura 15, 2, 43-50. https:\/\/doi.org\/10.1016\/j.acu.2021.04.001","journal-title":"Revista Internacional de Acupuntura"}],"event":{"name":"ICMHI 2022: 2022 6th International Conference on Medical and Health Informatics","acronym":"ICMHI 2022","location":"Virtual Event Japan"},"container-title":["2022 6th International Conference on Medical and Health Informatics"],"original-title":[],"link":[{"URL":"https:\/\/dl.acm.org\/doi\/10.1145\/3545729.3545789","content-type":"unspecified","content-version":"vor","intended-application":"text-mining"},{"URL":"https:\/\/dl.acm.org\/doi\/pdf\/10.1145\/3545729.3545789","content-type":"unspecified","content-version":"vor","intended-application":"similarity-checking"}],"deposited":{"date-parts":[[2025,6,17]],"date-time":"2025-06-17T19:02:46Z","timestamp":1750186966000},"score":1,"resource":{"primary":{"URL":"https:\/\/dl.acm.org\/doi\/10.1145\/3545729.3545789"}},"subtitle":[],"short-title":[],"issued":{"date-parts":[[2022,5,13]]},"references-count":33,"alternative-id":["10.1145\/3545729.3545789","10.1145\/3545729"],"URL":"https:\/\/doi.org\/10.1145\/3545729.3545789","relation":{},"subject":[],"published":{"date-parts":[[2022,5,13]]}}}