{"status":"ok","message-type":"work","message-version":"1.0.0","message":{"indexed":{"date-parts":[[2025,6,18]],"date-time":"2025-06-18T04:16:00Z","timestamp":1750220160794,"version":"3.41.0"},"publisher-location":"New York, NY, USA","reference-count":25,"publisher":"ACM","license":[{"start":{"date-parts":[[2022,9,22]],"date-time":"2022-09-22T00:00:00Z","timestamp":1663804800000},"content-version":"vor","delay-in-days":0,"URL":"https:\/\/www.acm.org\/publications\/policies\/copyright_policy#Background"}],"funder":[{"name":"National Research, Development and Innovation Fund","award":["TKP2021-NKTA-51"],"award-info":[{"award-number":["TKP2021-NKTA-51"]}]}],"content-domain":{"domain":["dl.acm.org"],"crossmark-restriction":true},"short-container-title":[],"published-print":{"date-parts":[[2022,9,22]]},"DOI":"10.1145\/3551504.3551551","type":"proceedings-article","created":{"date-parts":[[2022,10,25]],"date-time":"2022-10-25T16:08:31Z","timestamp":1666714111000},"page":"31-37","update-policy":"https:\/\/doi.org\/10.1145\/crossmark-policy","source":"Crossref","is-referenced-by-count":0,"title":["The main factors of successful adaptation of public sector institutions in the first wave of COVID-19 pandemic in Hungary"],"prefix":"10.1145","author":[{"given":"Andras","family":"Bojtor","sequence":"first","affiliation":[{"name":"University of Public Service - Ludovika, Hungary"}]},{"given":"Gabor","family":"Bozso","sequence":"additional","affiliation":[{"name":"University of Public Service - Ludovika, Hungary"}]}],"member":"320","published-online":{"date-parts":[[2022,10,25]]},"reference":[{"key":"e_1_3_2_1_1_1","unstructured":"Istv\u00e1n Bal\u00e1zs. 2020. A k\u00f6zigazgat\u00e1s v\u00e1ltoz\u00e1sair\u00f3l Magyarorsz\u00e1gon \u00e9s Eur\u00f3p\u00e1ban a rendszerv\u00e1lt\u00e1st\u00f3l napjainkig."},{"key":"e_1_3_2_1_2_1","first-page":"13","article-title":"A k\u00f6zigazgat\u00e1s rezilienci\u00e1ja, avagy a magyar k\u00f6zigazgat\u00e1s rezilienci\u00e1j\u00e1r\u00f3l a COVID v\u00e1ls\u00e1g idej\u00e9n","volume":"16","author":"Bal\u00e1zs Istv\u00e1n","year":"2021","unstructured":"Istv\u00e1n Bal\u00e1zs. 2021. A k\u00f6zigazgat\u00e1s rezilienci\u00e1ja, avagy a magyar k\u00f6zigazgat\u00e1s rezilienci\u00e1j\u00e1r\u00f3l a COVID v\u00e1ls\u00e1g idej\u00e9n. Miskolci Jogi Szemle: 16: 13\u201322.","journal-title":"Miskolci Jogi Szemle"},{"key":"e_1_3_2_1_3_1","doi-asserted-by":"crossref","unstructured":"John C Bertot Paul T Jaeger and Justin M Grimes. 2010. Using ICTs to create a culture of transparency: E-government and social media as openness and anti-corruption tools for societies. Government information quarterly 27 3: 264\u2013271.","DOI":"10.1016\/j.giq.2010.03.001"},{"key":"e_1_3_2_1_4_1","doi-asserted-by":"crossref","unstructured":"Geert Bouckaert Davide Galli Sabine Kuhlmann Renate Reiter and Steven van Hecke. 2020. European Coronationalism? A Hot Spot Governing a Pandemic Crisis. Public Administration Review.","DOI":"10.1111\/puar.13242"},{"key":"e_1_3_2_1_5_1","doi-asserted-by":"publisher","DOI":"10.1111\/j.1540-6210.2007.00797.x"},{"volume-title":"Education and COVID-19: Focusing on the long-term impact of school closures","author":"Development Organisation","key":"e_1_3_2_1_6_1","unstructured":"Organisation for Economic Co-operation and Development. 2020. Education and COVID-19: Focusing on the long-term impact of school closures. OECD Publishing."},{"key":"e_1_3_2_1_7_1","unstructured":"Economist. 2020. How covid-19 is driving public-sector innovation. Economist. Retrieved from https:\/\/www.economist.com\/britain\/2020\/04\/03\/how-covid-19-is-driving-public-sector-innovation"},{"volume-title":"Economist: Covid-19 is spurring the digitisation of government. Economist","year":"2020","key":"e_1_3_2_1_8_1","unstructured":"Economist. 2020. Economist: Covid-19 is spurring the digitisation of government. Economist"},{"key":"e_1_3_2_1_9_1","doi-asserted-by":"crossref","unstructured":"Kov\u00e1cs Edina. 2021. Digit\u00e1lis munkarend vagy digit\u00e1lis oktat\u00e1s? A karant\u00e9n k\u00f6zoktat\u00e1si tanuls\u00e1gai. Inform\u00e1ci\u00f3s T\u00e1rsadalom 21 3: 26\u201346.","DOI":"10.22503\/inftars.XXI.2021.3.2"},{"key":"e_1_3_2_1_10_1","doi-asserted-by":"publisher","DOI":"10.1016\/S2542-5196(20)30301-6"},{"key":"e_1_3_2_1_11_1","doi-asserted-by":"crossref","unstructured":"Thomas Hale Noam Angrist Rafael Goldszmidt Beatriz Kira Anna Petherick Toby Phillips Samuel Webster Emily Cameron-Blake Laura Hallas and Saptarshi Majumdar. 2021. A global panel database of pandemic policies (Oxford COVID-19 Government Response Tracker). Nature human behaviour 5 4: 529\u2013538.","DOI":"10.1038\/s41562-021-01079-8"},{"key":"e_1_3_2_1_12_1","doi-asserted-by":"crossref","first-page":"58","DOI":"10.54200\/kt.v1i1.6","article-title":"Az \u00e1llamigazgat\u00e1s lehet\u0151s\u00e9gei a helyi \u00f6nkorm\u00e1nyzati m\u0171k\u00f6d\u00e9s befoly\u00e1sol\u00e1s\u00e1ra Magyarorsz\u00e1gon","volume":"1","author":"Hoffman Istv\u00e1n","year":"2021","unstructured":"Istv\u00e1n Hoffman. 2021. Az \u00e1llamigazgat\u00e1s lehet\u0151s\u00e9gei a helyi \u00f6nkorm\u00e1nyzati m\u0171k\u00f6d\u00e9s befoly\u00e1sol\u00e1s\u00e1ra Magyarorsz\u00e1gon. K\u00f6zigazgat\u00e1s-Tudom\u00e1ny 1, 1: 58\u201369.","journal-title":"K\u00f6zigazgat\u00e1s-Tudom\u00e1ny"},{"key":"e_1_3_2_1_13_1","unstructured":"Magyar Korm\u00e1ny. 2015. K\u00f6zigazgat\u00e1s-\u00e9s K\u00f6zszolg\u00e1ltat\u00e1s-fejleszt\u00e9si Strat\u00e9gia 2014-2020."},{"key":"e_1_3_2_1_14_1","unstructured":"Celia Lee. 2020. Responses of Singapore to COVID-19 Pandemic: The Whole-of-Government Approach. Good Public Governance in a Global Pandemic: 205."},{"key":"e_1_3_2_1_15_1","doi-asserted-by":"crossref","unstructured":"Julesz Mate. 2020. A telemedicina \u00e9s a COVID\u201319-vil\u00e1gj\u00e1rv\u00e1ny. Inform\u00e1ci\u00f3s T\u00e1rsadalom: 27\u201338.","DOI":"10.22503\/inftars.XX.2020.3.2"},{"key":"e_1_3_2_1_16_1","doi-asserted-by":"crossref","unstructured":"Ines Mergel. 2013. A framework for interpreting social media interactions in the public sector. Government information quarterly 30 4: 327\u2013334.","DOI":"10.1016\/j.giq.2013.05.015"},{"key":"e_1_3_2_1_17_1","first-page":"23","article-title":"The Corona Warning App of the German Federal Government\u2013How perceived data protection issues hindered any effectiveness","volume":"5","author":"M\u00fcller-T\u00f6r\u00f6k Robert","year":"2021","unstructured":"Robert M\u00fcller-T\u00f6r\u00f6k and Alexander Prosser. 2021. The Corona Warning App of the German Federal Government\u2013How perceived data protection issues hindered any effectiveness. Smart Cities and Regional Development (SCRD) Journal 5, 2: 23\u201331.","journal-title":"Smart Cities and Regional Development (SCRD) Journal"},{"key":"e_1_3_2_1_18_1","first-page":"10","article-title":"Volatility, uncertainty, complexity and ambiguity (VUCA) in context of the COVID-19 pandemic: challenges and way forward","volume":"4","author":"Murugan Sathiabalan","year":"2020","unstructured":"Sathiabalan Murugan, Saranya Rajavel, Arun Kumar Aggarwal, and Amarjeet Singh. 2020. Volatility, uncertainty, complexity and ambiguity (VUCA) in context of the COVID-19 pandemic: challenges and way forward. International Journal of Health Systems and Implementation Research 4, 2: 10\u201316.","journal-title":"International Journal of Health Systems and Implementation Research"},{"key":"e_1_3_2_1_19_1","unstructured":"OECD. 2021. COVID-19 and Well-Being. Life in the Pandemic."},{"volume-title":"OECD economic outlook","author":"Staff OECD","key":"e_1_3_2_1_20_1","unstructured":"OECD and OECD Staff. 2001. OECD economic outlook. OECD Publishing."},{"key":"e_1_3_2_1_21_1","unstructured":"World Trade Organization. 2020. Trade set to plunge as COVID-19 pandemic upends global economy. 13."},{"key":"e_1_3_2_1_22_1","unstructured":"World Trade Organization. 2021. World trade primed for strong but uneven recovery after COVID-19 pandemic shock."},{"key":"e_1_3_2_1_23_1","doi-asserted-by":"publisher","DOI":"10.1016\/j.ijid.2020.04.035"},{"key":"e_1_3_2_1_24_1","first-page":"261","article-title":"Centralization and Reduced Financial Resources: A Worrying Picture for Hungarian Municipalities","volume":"19","author":"Siket Judit","year":"2021","unstructured":"Judit Siket. 2021. Centralization and Reduced Financial Resources: A Worrying Picture for Hungarian Municipalities. Cent. Eur. Pub. Admin. Rev. 19: 261.","journal-title":"Cent. Eur. Pub. Admin. Rev."},{"key":"e_1_3_2_1_25_1","unstructured":"Kaiser Tam\u00e1s \u2013 Bozs\u00f3 G\u00e1bor Az \u00e1llamk\u00f6zpont\u00fa korm\u00e1nyz\u00e1s koncepci\u00f3j\u00e1nak \u00e9s m\u00e9rhet\u0151s\u00e9g\u00e9nek f\u0151bb aspektusai. Kaiser Tam\u00e1s (szerk.):A j\u00f3 \u00e1llam m\u00e9rhet\u0151s\u00e9ge II. 11-36. (2016)."}],"event":{"name":"CEEeGov '22: Central and Eastern European eDem and eGov Days","acronym":"CEEeGov '22","location":"Budapest Hungary"},"container-title":["Proceedings of the Central and Eastern European eDem and eGov Days"],"original-title":[],"link":[{"URL":"https:\/\/dl.acm.org\/doi\/10.1145\/3551504.3551551","content-type":"unspecified","content-version":"vor","intended-application":"text-mining"},{"URL":"https:\/\/dl.acm.org\/doi\/pdf\/10.1145\/3551504.3551551","content-type":"unspecified","content-version":"vor","intended-application":"similarity-checking"}],"deposited":{"date-parts":[[2025,6,17]],"date-time":"2025-06-17T19:00:25Z","timestamp":1750186825000},"score":1,"resource":{"primary":{"URL":"https:\/\/dl.acm.org\/doi\/10.1145\/3551504.3551551"}},"subtitle":[],"short-title":[],"issued":{"date-parts":[[2022,9,22]]},"references-count":25,"alternative-id":["10.1145\/3551504.3551551","10.1145\/3551504"],"URL":"https:\/\/doi.org\/10.1145\/3551504.3551551","relation":{},"subject":[],"published":{"date-parts":[[2022,9,22]]},"assertion":[{"value":"2022-10-25","order":2,"name":"published","label":"Published","group":{"name":"publication_history","label":"Publication History"}}]}}