{"status":"ok","message-type":"work","message-version":"1.0.0","message":{"indexed":{"date-parts":[[2025,6,18]],"date-time":"2025-06-18T04:16:00Z","timestamp":1750220160846,"version":"3.41.0"},"publisher-location":"New York, NY, USA","reference-count":39,"publisher":"ACM","license":[{"start":{"date-parts":[[2022,9,22]],"date-time":"2022-09-22T00:00:00Z","timestamp":1663804800000},"content-version":"vor","delay-in-days":0,"URL":"https:\/\/www.acm.org\/publications\/policies\/copyright_policy#Background"}],"funder":[{"DOI":"10.13039\/501100004079","name":"Konrad-Adenauer-Stiftung","doi-asserted-by":"publisher","id":[{"id":"10.13039\/501100004079","id-type":"DOI","asserted-by":"publisher"}]}],"content-domain":{"domain":["dl.acm.org"],"crossmark-restriction":true},"short-container-title":[],"published-print":{"date-parts":[[2022,9,22]]},"DOI":"10.1145\/3551504.3551558","type":"proceedings-article","created":{"date-parts":[[2022,10,25]],"date-time":"2022-10-25T16:08:31Z","timestamp":1666714111000},"page":"100-105","update-policy":"https:\/\/doi.org\/10.1145\/crossmark-policy","source":"Crossref","is-referenced-by-count":0,"title":["Latin American eGovernance and data protection: the EU model"],"prefix":"10.1145","author":[{"given":"Laura","family":"Grisales Rend\u00f3n","sequence":"first","affiliation":[{"name":"Faculty of Law, Georg-August-Universit\u00e4t G\u00f6ttingen, Germany"}]}],"member":"320","published-online":{"date-parts":[[2022,10,25]]},"reference":[{"key":"e_1_3_2_1_1_1","volume-title":"Plano Nacional de Banda Larga. https:\/\/\u200bwww.gov.br\u200b\/\u200banatel\/\u200bpt-br\/\u200bregulado\/\u200buniversalizacao\/\u200bplano-nacional-de-banda-larga. Accessed","author":"Ag\u00eancia Nacional","year":"2022","unstructured":"Ag\u00eancia Nacional de Telecomunica\u00e7\u00f5es. 2022. Plano Nacional de Banda Larga. https:\/\/\u200bwww.gov.br\u200b\/\u200banatel\/\u200bpt-br\/\u200bregulado\/\u200buniversalizacao\/\u200bplano-nacional-de-banda-larga. Accessed 30 March 2022."},{"key":"e_1_3_2_1_2_1","unstructured":"2020. Agenda Digital para Am\u00e9rica Latina y el Caribe (eLAC2022). S\u00e9ptima Conferencia Ministerial sobre la Sociedad de la Informaci\u00f3n de Am\u00e9rica."},{"key":"e_1_3_2_1_3_1","doi-asserted-by":"crossref","unstructured":"Baladron M. 2019. El Plan Argentina Conectada: una pol\u00edtica de Estado desde la infraestructura de comunicaciones. 1 2 2 17.","DOI":"10.24215\/26183188e017"},{"volume-title":"Digital Inequalities in the Global South","author":"Berr\u00edo-Zapata C.","key":"e_1_3_2_1_4_1","unstructured":"Berr\u00edo-Zapata, C. 2020. The Digital Divide: Observations from the South About a Failed Dialog with the North. In Digital Inequalities in the Global South. Palgrave Macmillan, Cham, 289\u2013318. DOI=10.1007\/978-3-030-32706-4_14."},{"volume-title":"Lessons from South Africa","author":"Governance","key":"e_1_3_2_1_5_1","unstructured":"BOSMAN, I. 2022. COVID-19 and E-Governance. Lessons from South Africa. South African Institute of International Affairs."},{"key":"e_1_3_2_1_6_1","doi-asserted-by":"crossref","unstructured":"Brendan van Alsenoy Els Kindt and Jos Dumortier. 2011. Privacy and Data Protection Aspects of e-Government Identity Management. In Innovating Government 251\u2013282. DOI=10.1007\/978-90-6704-731-9_15.","DOI":"10.1007\/978-90-6704-731-9_15"},{"key":"e_1_3_2_1_7_1","unstructured":"Carta Iberoamericana de Gobierno Electr\u00f3nico. 2007. Centro Latinoamericano de Administraci\u00f3n para el Desarrollo."},{"key":"e_1_3_2_1_8_1","volume-title":"Agenda Digital para Am\u00e9rica Latina y el Caribe (eLAC2022). S\u00e9ptima Conferencia Ministerial sobre la Sociedad, 20-00903. Accessed","author":"CEPAL.","year":"2022","unstructured":"CEPAL. Agenda Digital para Am\u00e9rica Latina y el Caribe (eLAC2022). S\u00e9ptima Conferencia Ministerial sobre la Sociedad, 20-00903. Accessed 10 March 2022."},{"key":"e_1_3_2_1_9_1","unstructured":"CLAD. 2016. Carta Iberoamericana de Gobierno Abierto."},{"key":"e_1_3_2_1_10_1","unstructured":"2004. Decision 2004\/387\/EC of the European Parliament and of the Council of 21 April 2004 on the interoperable delivery of pan-European eGovernment services to public administrations businesses and citizens (IDABC). Official Journal L 144."},{"key":"e_1_3_2_1_11_1","first-page":"135","article-title":"The European Union and eGovernment","volume":"59","author":"Dehousse F.","year":"2006","unstructured":"Dehousse, F. and van Hecke, K. 2006. The European Union and eGovernment. Studia Diplomatica 59, 3, 135\u2013155.","journal-title":"Studia Diplomatica"},{"key":"e_1_3_2_1_12_1","unstructured":"ECLAC United Nations and EuropeAid Co-operation office. White Book of eGovernment Interoperability for Latin America and the Caribbean."},{"key":"e_1_3_2_1_13_1","unstructured":"Entel; Subsecretar\u00eda de Telecomunicaciones del Gobierno de Chile Ericsson. 2014. Todo Chile Comunicado."},{"key":"e_1_3_2_1_14_1","unstructured":"European Commission. 1015. Communication from the Commission to the European Parliament the Council the European Economic and Social Committee and The Committee of the Regions. A Digital Single Market Strategy for Europe. COM(2015)192 final. European Commission Brussels."},{"key":"e_1_3_2_1_15_1","volume-title":"eEurope","author":"European Commission","year":"2002","unstructured":"European Commission. 2001. eEurope 2002. Impact and priorities. A communication to the spring European Council in Stockholm, 23-24 March 2001. COM (2001) 140 final. European Commission."},{"key":"e_1_3_2_1_16_1","volume-title":"eEurope","author":"European Commission","year":"2005","unstructured":"European Commission. 2002. eEurope 2005. An information society for all. An Action Plan to be presented in view of the Sevilla European Council, 21\/22 June 2002 COM(2002) 263 final. European Commission, Brussels."},{"key":"e_1_3_2_1_17_1","unstructured":"European Commission. 2003. The Role of eGovernment for Europe's Future. Communication from the Commission to the Council the European Parliament the European Economic and Social Committee and the Committee of the Regions. COM(2003) 567 final. European Commission Brussels."},{"volume-title":"EU eGovernment Action Plan 2016-2020. Accelerating the digital transformation of government. COM(2016) 179 final. European Commission","author":"European Commission","key":"e_1_3_2_1_18_1","unstructured":"European Commission. 2016. EU eGovernment Action Plan 2016-2020. Accelerating the digital transformation of government. COM(2016) 179 final. European Commission, Brussels."},{"key":"e_1_3_2_1_19_1","unstructured":"European Commission. 2018. Communication from the Commission to the European Parliament the Council the European Economic and Social Committee and The Committee of the Regions. Towards a common European data space. COM(2018)238. European Commission Brussels."},{"key":"e_1_3_2_1_20_1","unstructured":"European Commission. 2020. Communication from the Commission to the European Parliament the Council the European Economic and Social Committee and The Committee of the Regions. A European strategy for data. COM(2020)66. European Commission Brussels."},{"volume-title":"Proposal for a Regulation of the European Parliament and of the Council on European data governance (Data Governance Act). A European strategy for data. COM(2020)767 final. European Commission","author":"European Commission","key":"e_1_3_2_1_21_1","unstructured":"European Commission. 2020. Proposal for a Regulation of the European Parliament and of the Council on European data governance (Data Governance Act). A European strategy for data. COM(2020)767 final. European Commission, Brussels."},{"key":"e_1_3_2_1_22_1","unstructured":"European Commission. 2021. Proposal for a Regulation of the European Parliament and of the Council amending Regulation (EU) No 910\/2014 as regards establishing a framework for a European Digital Identity. COM(2021)281 final. European Commission Brussels."},{"volume-title":"Proposal for a Regulation of the European Parliament and of the Council on harmonised rules on fair access to and use of data (Data Act). COM(22) 68 final. European Commission","author":"European Commission","key":"e_1_3_2_1_23_1","unstructured":"European Commission. 2022. Proposal for a Regulation of the European Parliament and of the Council on harmonised rules on fair access to and use of data (Data Act). COM(22) 68 final. European Commission, Brussels."},{"key":"e_1_3_2_1_24_1","volume-title":"Council. European Council meeting (1-2","author":"European","year":"2020","unstructured":"European Council. European Council meeting (1-2 October 2020) - Conclusion EUCO 13\/20, 2020."},{"key":"e_1_3_2_1_25_1","first-page":"2","volume-title":"Council. European Council meeting (21-22","author":"European","year":"2021","unstructured":"European Council. European Council meeting (21-22 October 2021) - Conclusion EUCO 17\/21, 2021, p. 2."},{"volume-title":"iGovernment","key":"e_1_3_2_1_26_1","unstructured":"2011. iGovernment. Amsterdam University Press."},{"key":"e_1_3_2_1_27_1","unstructured":"J. Ignacio Criado. 2009. E-government in latin america.: An approach from an intergovernmental perspective. Estado gobierno gesti\u00f3n p\u00fablica: Revista Chilena de Administraci\u00f3n P\u00fablica 14 9\u201335."},{"key":"e_1_3_2_1_28_1","doi-asserted-by":"publisher","DOI":"10.1007\/s11192-010-0322-5"},{"key":"e_1_3_2_1_29_1","volume-title":"La agenda digital en M\u00e9xico - Magis. https:\/\/\u200bmagis.iteso.mx\u200b\/\u200bnota\/\u200bla-agenda-digital-en-mexico\/\u200b. Accessed","author":"Magis","year":"2022","unstructured":"Magis. 2022. La agenda digital en M\u00e9xico - Magis. https:\/\/\u200bmagis.iteso.mx\u200b\/\u200bnota\/\u200bla-agenda-digital-en-mexico\/\u200b. Accessed 30 March 2022."},{"key":"e_1_3_2_1_30_1","volume-title":"El Plan Vive Digital. https:\/\/\u200bmintic.gov.co\u200b\/\u200bportal\/\u200bvivedigital\/\u200b612\/\u200bw3-propertyvalue-6106.html. Accessed","author":"Ministerio de Tecnolog\u00edas","year":"2022","unstructured":"Ministerio de Tecnolog\u00edas de la Informaci\u00f3n y las Comunicaciones de Colombia. 2019. El Plan Vive Digital. https:\/\/\u200bmintic.gov.co\u200b\/\u200bportal\/\u200bvivedigital\/\u200b612\/\u200bw3-propertyvalue-6106.html. Accessed 30 March 2022."},{"key":"e_1_3_2_1_31_1","volume-title":"El Plan Vive Digital 2014-2018. https:\/\/\u200bmintic.gov.co\u200b\/\u200bportal\/\u200bvivedigital\/\u200b612\/\u200bw3-article-19654.html. Accessed","author":"Ministerio de Tecnolog\u00edas","year":"2022","unstructured":"Ministerio de Tecnolog\u00edas de la Informaci\u00f3n y las Comunicaciones de Colombia. 2019. El Plan Vive Digital 2014-2018. https:\/\/\u200bmintic.gov.co\u200b\/\u200bportal\/\u200bvivedigital\/\u200b612\/\u200bw3-article-19654.html. Accessed 30 March 2022."},{"key":"e_1_3_2_1_32_1","volume-title":"Plan TIC 2018-2022","author":"Ministerio","year":"2018","unstructured":"Ministerio de Tecnolog\u00edas de la Informaci\u00f3n y las Comunicaciones de Colombia. 2021. Plan TIC 2018-2022. https:\/\/\u200bmintic.gov.co\u200b\/\u200bmicrositios\/\u200bplan_tic_2018_2022\/\u200b777\/\u200bw3-channel.html. Accessed 30 March 2022."},{"key":"e_1_3_2_1_33_1","volume-title":"The Global Information Technology Report","author":"Molano Vega D.","year":"2013","unstructured":"Molano Vega, D. Colombia's Digital Agenda: Successes and the Challenges Ahead. In The Global Information Technology Report 2013. Growth and Jobs in a Hyperconnected World, 111\u2013117."},{"key":"e_1_3_2_1_34_1","doi-asserted-by":"crossref","unstructured":"Prins C. Broeders D. Griffioen H. Keizer A.-G. and Keymolen E. 2011. RECOMMENDATIONS. WORKING ON iGOVERNMENT. In iGovernment. Amsterdam University Press 197\u2013222.","DOI":"10.1017\/9789048512980.011"},{"key":"e_1_3_2_1_35_1","unstructured":"2020-2020. S\u00e9ptima Conferencia Ministerial sobre la Sociedad de la Informaci\u00f3n de Am\u00e9rica Latina y el Caribe."},{"key":"e_1_3_2_1_36_1","volume-title":"Digital government in the decade of action for sustainable development. Economic & social affairs","author":"United Nations. 2020.","year":"2020","unstructured":"United Nations. 2020. Digital government in the decade of action for sustainable development. Economic & social affairs 2020. United Nations, New York."},{"key":"e_1_3_2_1_37_1","volume-title":"justice and strong institutions - United Nations Sustainable Development. https:\/\/\u200bwww.un.org\u200b\/\u200bsustainabledevelopment\/\u200bpeace-justice\/\u200b. Accessed","author":"United Nations Sustainable Development Goals. 2020. Peace","year":"2022","unstructured":"United Nations Sustainable Development Goals. 2020. Peace, justice and strong institutions - United Nations Sustainable Development. https:\/\/\u200bwww.un.org\u200b\/\u200bsustainabledevelopment\/\u200bpeace-justice\/\u200b. Accessed 30 March 2022."},{"key":"e_1_3_2_1_38_1","doi-asserted-by":"crossref","unstructured":"van Alsenoy B. Kindt E. and Dumortier J. 2011. Privacy and Data Protection Aspects of e-Government Identity Management. In Innovating Government: Normative Policy and Technological Dimensions of Modern Government S. van der Hof and M. M. Groothuis Eds. T.M.C. Asser Press The Hague The Netherlands 251\u2013282. DOI=10.1007\/978-90-6704-731-9_15.","DOI":"10.1007\/978-90-6704-731-9_15"},{"key":"e_1_3_2_1_39_1","doi-asserted-by":"publisher","DOI":"10.1016\/j.giq.2013.07.003"}],"event":{"name":"CEEeGov '22: Central and Eastern European eDem and eGov Days","acronym":"CEEeGov '22","location":"Budapest Hungary"},"container-title":["Proceedings of the Central and Eastern European eDem and eGov Days"],"original-title":[],"link":[{"URL":"https:\/\/dl.acm.org\/doi\/10.1145\/3551504.3551558","content-type":"unspecified","content-version":"vor","intended-application":"text-mining"},{"URL":"https:\/\/dl.acm.org\/doi\/pdf\/10.1145\/3551504.3551558","content-type":"unspecified","content-version":"vor","intended-application":"similarity-checking"}],"deposited":{"date-parts":[[2025,6,17]],"date-time":"2025-06-17T19:00:25Z","timestamp":1750186825000},"score":1,"resource":{"primary":{"URL":"https:\/\/dl.acm.org\/doi\/10.1145\/3551504.3551558"}},"subtitle":[],"short-title":[],"issued":{"date-parts":[[2022,9,22]]},"references-count":39,"alternative-id":["10.1145\/3551504.3551558","10.1145\/3551504"],"URL":"https:\/\/doi.org\/10.1145\/3551504.3551558","relation":{},"subject":[],"published":{"date-parts":[[2022,9,22]]},"assertion":[{"value":"2022-10-25","order":2,"name":"published","label":"Published","group":{"name":"publication_history","label":"Publication History"}}]}}