{"status":"ok","message-type":"work","message-version":"1.0.0","message":{"indexed":{"date-parts":[[2025,6,18]],"date-time":"2025-06-18T04:16:00Z","timestamp":1750220160578,"version":"3.41.0"},"publisher-location":"New York, NY, USA","reference-count":37,"publisher":"ACM","license":[{"start":{"date-parts":[[2022,9,22]],"date-time":"2022-09-22T00:00:00Z","timestamp":1663804800000},"content-version":"vor","delay-in-days":0,"URL":"https:\/\/www.acm.org\/publications\/policies\/copyright_policy#Background"}],"content-domain":{"domain":["dl.acm.org"],"crossmark-restriction":true},"short-container-title":[],"published-print":{"date-parts":[[2022,9,22]]},"DOI":"10.1145\/3551504.3551560","type":"proceedings-article","created":{"date-parts":[[2022,10,25]],"date-time":"2022-10-25T16:08:31Z","timestamp":1666714111000},"page":"1-5","update-policy":"https:\/\/doi.org\/10.1145\/crossmark-policy","source":"Crossref","is-referenced-by-count":0,"title":["Approaching hate speech through behavioral education - suggested systemic perspective"],"prefix":"10.1145","author":[{"given":"Adriana","family":"Zait","sequence":"first","affiliation":[{"name":"University Alexandru Ioan Cuza Iasi, Romania"}]}],"member":"320","published-online":{"date-parts":[[2022,10,25]]},"reference":[{"key":"e_1_3_2_1_1_1","first-page":"1988","article-title":"Hate speech analysis as a function of ideology: Emotional and cognitive effects, Comunicar, n. 71, v. XXX, Media Education Research Journal","author":"Abu\u00edn-Vences Natalia","year":"2022","unstructured":"Natalia Abu\u00edn-Vences, Ubaldo Cuesta-Cambra, Jos\u00e9-Ignacio Ni\u00f1o-Gonz\u00e1lez, Carolina Bengochea-Gonz\u00e1lez. 2022. Hate speech analysis as a function of ideology: Emotional and cognitive effects, Comunicar, n. 71, v. XXX, Media Education Research Journal, ISSN: 1134-3478; e-ISSN: 1988-3478.","journal-title":"ISSN: 1134-3478; e-ISSN"},{"key":"e_1_3_2_1_2_1","volume-title":"The Psychology of Hate. Why do we hate? Psychology Today, https:\/\/www.psychologytoday.com\/us, retrieved","author":"Abrams Allison","year":"2022","unstructured":"Allison Abrams. 2017. The Psychology of Hate. Why do we hate? Psychology Today, https:\/\/www.psychologytoday.com\/us, retrieved April 22, 2022."},{"key":"e_1_3_2_1_3_1","volume-title":"Christine Koh, K. Yee Ng, Klaus J. Templer, Cheryl Tay and Anand Chandrasekar.","author":"Ang Soon","year":"2007","unstructured":"Soon Ang, Linn Van Dyne, Christine Koh, K. Yee Ng, Klaus J. Templer, Cheryl Tay and Anand Chandrasekar. 2007. Cultural Intelligence: Its Measurement and Effects on Cultural Judgment and Decision Making, Cultural Adaptation and Task Performance, Management and Organization Review."},{"key":"e_1_3_2_1_4_1","doi-asserted-by":"publisher","DOI":"10.1177\/01914537211073782"},{"key":"e_1_3_2_1_5_1","doi-asserted-by":"publisher","DOI":"10.3390\/ijerph19010534"},{"key":"e_1_3_2_1_6_1","doi-asserted-by":"crossref","unstructured":"Philip N. Chase. 2003. Behavioral Education. Pragmatic answers to questions about novelty and efficiency Chapter in Behavior Theory and Philosophy \u00a9 Springer Science+Business Media New York 2003.","DOI":"10.1007\/978-1-4757-4590-0_19"},{"key":"e_1_3_2_1_7_1","doi-asserted-by":"publisher","DOI":"10.1038\/S44159-021-00006-Y"},{"key":"e_1_3_2_1_8_1","doi-asserted-by":"publisher","DOI":"10.4324\/9781138609877-REE215-1"},{"key":"e_1_3_2_1_9_1","doi-asserted-by":"publisher","DOI":"10.1016\/j.tsc.2021.100934"},{"key":"e_1_3_2_1_10_1","doi-asserted-by":"publisher","DOI":"10.1177\/1754073917751229"},{"key":"e_1_3_2_1_11_1","doi-asserted-by":"publisher","unstructured":"Katharine Gelber. 2019. Differentiating hate speech: a systemic discrimination approach Critical Review of International Social and Political Philosophy DOI:10.1080\/13698230.2019.1576006.","DOI":"10.1080\/13698230.2019.1576006"},{"volume-title":"Canadian Journal of Political Science \/ Revue canadienne de science politique","author":"Harell Allison","key":"e_1_3_2_1_12_1","unstructured":"Allison Harell. 2010. The Limits of Tolerance in Diverse Societies: Hate Speech and Political Tolerance Norms Among Youth, Canadian Journal of Political Science \/ Revue canadienne de science politique Vol. 43, No. 2, pp. 407-432, https:\/\/www.jstor.org\/stable\/20743155."},{"key":"e_1_3_2_1_13_1","volume-title":"A systems approach to the study of human behavior. Educational Psychology Interactive","author":"William Huitt","year":"2022","unstructured":"Huitt William. 2012. A systems approach to the study of human behavior. Educational Psychology Interactive. Valdosta, GA: Valdosta State University. Retrieved April 25, 2022 from http:\/\/www.edpsycinteractive.org\/materials\/sysmdlo.html."},{"key":"e_1_3_2_1_14_1","doi-asserted-by":"crossref","unstructured":"Kwok Leung Soon Ang and Mei Ling Tan 2014. Intercultural competence Annual Review of Organizational Psychology and Organizational Behavior.","DOI":"10.1146\/annurev-orgpsych-031413-091229"},{"key":"e_1_3_2_1_15_1","unstructured":"Anderson Luvell and Michael Barnes .2022. Hate Speech \u00a0The Stanford Encyclopedia of Philosophy\u00a0(Spring 2022 Edition) Edward N. Zalta\u00a0(ed.) URL = <https:\/\/plato.stanford.edu\/archives\/spr2022\/entries\/hate-speech\/>."},{"key":"e_1_3_2_1_16_1","doi-asserted-by":"publisher","DOI":"10.1080\/1369183X.2013.851470"},{"key":"e_1_3_2_1_17_1","unstructured":"Calvin R. Massey. 1992. Hate Speech Cultural Diversity and the Foundational Paradigms of Free Expression 40 UCLA L. Rev. 103. Available at: http:\/\/repository.uchastings.edu\/faculty_scholarship\/1376."},{"key":"e_1_3_2_1_18_1","doi-asserted-by":"publisher","DOI":"10.1016\/j.lindif.2010.07.001"},{"key":"e_1_3_2_1_19_1","doi-asserted-by":"publisher","DOI":"10.1016\/j.jesp.2008.11.005"},{"key":"e_1_3_2_1_20_1","doi-asserted-by":"publisher","DOI":"10.15640\/jehd.v4n4a21"},{"volume-title":"Monitor of Psychology","author":"Pappas Stephanie","key":"e_1_3_2_1_21_1","unstructured":"Stephanie Pappas. 2022. Fighting fake news in the classroom. Misinformation and disinformation are enormous problems online. To help stop the spread, psychologists are increasingly incorporating debunking and digital literacy into their courses, Monitor of Psychology, Vol. 53 No. 1."},{"key":"e_1_3_2_1_22_1","doi-asserted-by":"publisher","unstructured":"Jana Papcunov\u00e1 Marcel Martoncik Denisa Fed\u00e1kov\u00e1 Michal Kento\u0161 Miroslava Bozog\u00e1nov\u00e1 Ivan Srba Robert Moro Mat\u00fa\u0161 Pikuliak Mari\u00e1n \u0160imko and Mat\u00fa\u0161 Adamkovic. 2021. Hate speech operationalization: a preliminary examination of hatespeech indicators and their structure Complex & Intelligent Systems https:\/\/doi.org\/10.1007\/s40747-021-00561-0.","DOI":"10.1007\/s40747-021-00561-0"},{"key":"e_1_3_2_1_23_1","doi-asserted-by":"publisher","DOI":"10.1177\/2158244020973022"},{"key":"e_1_3_2_1_24_1","doi-asserted-by":"publisher","DOI":"10.1080\/02667360903151841"},{"key":"e_1_3_2_1_25_1","doi-asserted-by":"publisher","unstructured":"Michael A. Peters. 2020. Limiting the capacity for hate: Hate speech hate groups and the philosophy of hate Educational Philosophy and Theory DOI:10.1080\/00131857.2020.1802818.","DOI":"10.1080\/00131857.2020.1802818"},{"key":"e_1_3_2_1_26_1","doi-asserted-by":"publisher","DOI":"10.1080\/19331681.2019.1686676"},{"key":"e_1_3_2_1_27_1","first-page":"181","article-title":"Critical Literacy and the Media: Teachers in Training in the Face of Hate Speech","volume":"14","author":"del Pino Michel Santiago","year":"2020","unstructured":"Michel Santiago del Pino and Cristina Goenechea Permis\u00e1n. 2020. Critical Literacy and the Media: Teachers in Training in the Face of Hate Speech, Investigaciones Sobre Lectura, 14, 181-196. DOI 10.37132\/isl.v0i14.328.","journal-title":"Investigaciones Sobre Lectura"},{"key":"e_1_3_2_1_28_1","doi-asserted-by":"publisher","DOI":"10.3389\/fpsyg.2020.537612"},{"key":"e_1_3_2_1_29_1","doi-asserted-by":"publisher","DOI":"10.1016\/j.futures.2020.102554"},{"key":"e_1_3_2_1_30_1","doi-asserted-by":"publisher","unstructured":"Simon Thompson. 2019. Hate Speech and Self-Restraint Ethical Theory and Moral Practice (2019) 22:657\u2013671 https:\/\/doi.org\/10.1007\/s10677-019-10004-y.","DOI":"10.1007\/s10677-019-10004-y"},{"key":"e_1_3_2_1_31_1","volume-title":"Spring\/Summer","volume":"1","author":"Sulzer-Azaroff Beth","year":"1991","unstructured":"Beth Sulzer-Azaroff. 1991. Accepting the Challenge: A Behavioral Perspective on Improving Educational Performance, Behavior and Social Issues, Spring\/Summer 1991, Vol. 1, Number 1."},{"key":"e_1_3_2_1_32_1","volume-title":"Science of people, https:\/\/www.scienceofpeople.com\/our-team\/#vanessa-van-edwards, retrieved","author":"Edwards Vanessa Van","year":"2022","unstructured":"Vanessa Van Edwards. 2022. Why people hate: the science behind why we love to hate, Science of people, https:\/\/www.scienceofpeople.com\/our-team\/#vanessa-van-edwards, retrieved April 25, 2022."},{"key":"e_1_3_2_1_33_1","doi-asserted-by":"publisher","DOI":"10.1007\/s40979-019-0049-x"},{"key":"e_1_3_2_1_34_1","volume-title":"Wilson and Molly Land","author":"Richard","year":"2021","unstructured":"Richard A. Wilson and Molly Land. 2021. Hate Speech on Social Media: Content Moderation in Context, Faculty Articles and Papers. 535. https:\/\/opencommons.uconn.edu\/law_papers\/535."},{"key":"e_1_3_2_1_35_1","doi-asserted-by":"publisher","DOI":"10.1002\/sres.2783"},{"key":"e_1_3_2_1_36_1","volume-title":"Project Objective H2020-SEC-06-FCT-2016","author":"Practicies","year":"2019","unstructured":"Practicies Project Objective H2020-SEC-06-FCT-2016, Research and Innovation Action (RIA), Partnership against violent radicalization in cities, Project Number: 740072, D6.1 \u2013 Radicality, Radicalization, Hate: Speeches and Critical Thinking, http:\/\/efus-network.eu\/efus\/files\/2019\/03\/D6.1-Radicality-radicalization-hate-PRACTICIES.pdf"},{"key":"e_1_3_2_1_37_1","unstructured":"United Nations Strategy and Plan of Action on Hate Speech. 2019. https:\/\/www.un.org\/en\/genocideprevention\/hate-speech-strategy.shtml."}],"event":{"name":"CEEeGov '22: Central and Eastern European eDem and eGov Days","acronym":"CEEeGov '22","location":"Budapest Hungary"},"container-title":["Proceedings of the Central and Eastern European eDem and eGov Days"],"original-title":[],"link":[{"URL":"https:\/\/dl.acm.org\/doi\/10.1145\/3551504.3551560","content-type":"unspecified","content-version":"vor","intended-application":"text-mining"},{"URL":"https:\/\/dl.acm.org\/doi\/pdf\/10.1145\/3551504.3551560","content-type":"unspecified","content-version":"vor","intended-application":"similarity-checking"}],"deposited":{"date-parts":[[2025,6,17]],"date-time":"2025-06-17T19:00:25Z","timestamp":1750186825000},"score":1,"resource":{"primary":{"URL":"https:\/\/dl.acm.org\/doi\/10.1145\/3551504.3551560"}},"subtitle":[],"short-title":[],"issued":{"date-parts":[[2022,9,22]]},"references-count":37,"alternative-id":["10.1145\/3551504.3551560","10.1145\/3551504"],"URL":"https:\/\/doi.org\/10.1145\/3551504.3551560","relation":{},"subject":[],"published":{"date-parts":[[2022,9,22]]},"assertion":[{"value":"2022-10-25","order":2,"name":"published","label":"Published","group":{"name":"publication_history","label":"Publication History"}}]}}