{"status":"ok","message-type":"work","message-version":"1.0.0","message":{"indexed":{"date-parts":[[2025,8,22]],"date-time":"2025-08-22T05:12:14Z","timestamp":1755839534221,"version":"3.41.0"},"publisher-location":"New York, NY, USA","reference-count":8,"publisher":"ACM","license":[{"start":{"date-parts":[[2022,8,31]],"date-time":"2022-08-31T00:00:00Z","timestamp":1661904000000},"content-version":"vor","delay-in-days":0,"URL":"https:\/\/www.acm.org\/publications\/policies\/copyright_policy#Background"}],"content-domain":{"domain":["dl.acm.org"],"crossmark-restriction":true},"short-container-title":[],"published-print":{"date-parts":[[2022,8,31]]},"DOI":"10.1145\/3563137.3563139","type":"proceedings-article","created":{"date-parts":[[2023,5,25]],"date-time":"2023-05-25T16:12:51Z","timestamp":1685031171000},"page":"146-149","update-policy":"https:\/\/doi.org\/10.1145\/crossmark-policy","source":"Crossref","is-referenced-by-count":1,"title":["Peer-to-peer interviews in times of COVID-19 and how the desires and needs of people with disabilities are still heard due to online-communication and telephone interviews"],"prefix":"10.1145","author":[{"ORCID":"https:\/\/orcid.org\/0000-0001-7518-560X","authenticated-orcid":false,"given":"Franz","family":"P\u00fchretmair","sequence":"first","affiliation":[{"name":"Kompetenznetzwerk Informationstechnologie zur F\u00f6rderung der Integration von Menschen mit Behinderungen (KI-I), Austria"}],"role":[{"role":"author","vocabulary":"crossref"}]},{"given":"Myriam","family":"Karlinger","sequence":"additional","affiliation":[{"name":"Kompetenznetzwerk Informationstechnologie zur F\u00f6rderung der Integration von Menschen mit Behinderungen (KI-I), Austria"}],"role":[{"role":"author","vocabulary":"crossref"}]}],"member":"320","published-online":{"date-parts":[[2023,5,25]]},"reference":[{"key":"e_1_3_2_1_1_1","volume-title":"Convention on the Rights of Persons with Disabilities (CRPD). Retrieved","author":"United Nations.","year":"2022","unstructured":"United Nations. 2022. Convention on the Rights of Persons with Disabilities (CRPD). Retrieved March 23, 2022 from https:\/\/www.un.org\/development\/desa\/disabilities\/convention-on-the-rights-of-persons-with-disabilities.html"},{"key":"e_1_3_2_1_2_1","volume-title":"Retrieved","author":"Network Nueva","year":"2022","unstructured":"Nueva Network. 2022. Nutzerinnen und Nutzer evaluieren. Retrieved March 23, 2022 from https:\/\/www.nueva-network.eu\/"},{"volume-title":"Der Schl\u00fcssel zur Welt. ISBN 978-3-205-20211-0","author":"Fr\u00f6hlich Walburga","key":"e_1_3_2_1_3_1","unstructured":"Walburga Fr\u00f6hlich and Klaus Candussi. 2015. Leicht Lesen, Der Schl\u00fcssel zur Welt. ISBN 978-3-205-20211-0. B\u00f6hlau Verlag Wien K\u00f6ln Weimar"},{"volume-title":"Understanding the Telework Experience of People with Disabilities. PACM on Human-Computer Interaction","author":"Tang John","key":"e_1_3_2_1_4_1","unstructured":"John Tang. 2021. Understanding the Telework Experience of People with Disabilities. PACM on Human-Computer Interaction. Vol. 5, No. CSCW1. Article 30"},{"key":"e_1_3_2_1_5_1","volume-title":"Evaluierung der digitalen Teilhabe f\u00fcr Menschen mit Behinderung: Ergebnisse \u2013 Erkenntnisse \u2013 Perspektiven","author":"Wien Fonds Soziales","year":"2021","unstructured":"Fonds Soziales Wien. 2021. Evaluierung der digitalen Teilhabe f\u00fcr Menschen mit Behinderung: Ergebnisse \u2013 Erkenntnisse \u2013 Perspektiven, 2021; Retrieved March 22, 2022 from https:\/\/www.fsw.at\/downloads\/kundinnenbefragung\/evaluierung-digitale-teilhabe-menschen-mit-behinderung.pdf"},{"key":"e_1_3_2_1_6_1","first-page":"26","article-title":"Wir haben Internet, wenn das Wetter schon ist! \u2013 Internet und digitale Medien in Einrichtungen der Behindertenhilfe","volume":"1","author":"Heitplatz Vanessa","year":"2020","unstructured":"Vanessa Heitplatz and Lena Sube. 2020. Wir haben Internet, wenn das Wetter schon ist! \u2013 Internet und digitale Medien in Einrichtungen der Behindertenhilfe. Journal Teilhabe. Vol. 1\/2020 pp 26-31","journal-title":"Journal Teilhabe."},{"key":"e_1_3_2_1_7_1","volume-title":"Retrieved","author":"Aktion Mensch","year":"2022","unstructured":"Aktion Mensch e.V. and SINUS Intitute. 2020. Digitale Teilhabe von Menschen mit Behinderungen \u2013 Trendstudie. Retrieved March 22, 2022 from https:\/\/www.aktion-mensch.de\/inklusion\/barrierefreiheit\/studie-digitale-teilhabe"},{"key":"e_1_3_2_1_8_1","doi-asserted-by":"publisher","DOI":"10.1080\/09638288.2017.1300340,nz"}],"event":{"name":"DSAI 2022: 10th International Conference on Software Development and Technologies for Enhancing Accessibility and Fighting Info-exclusion","acronym":"DSAI 2022","location":"Lisbon Portugal"},"container-title":["Proceedings of the 10th International Conference on Software Development and Technologies for Enhancing Accessibility and Fighting Info-exclusion"],"original-title":[],"link":[{"URL":"https:\/\/dl.acm.org\/doi\/10.1145\/3563137.3563139","content-type":"unspecified","content-version":"vor","intended-application":"text-mining"},{"URL":"https:\/\/dl.acm.org\/doi\/pdf\/10.1145\/3563137.3563139","content-type":"unspecified","content-version":"vor","intended-application":"similarity-checking"}],"deposited":{"date-parts":[[2025,6,17]],"date-time":"2025-06-17T16:38:09Z","timestamp":1750178289000},"score":1,"resource":{"primary":{"URL":"https:\/\/dl.acm.org\/doi\/10.1145\/3563137.3563139"}},"subtitle":["A position paper on online peer-interviews carried out by people with learning disabilities."],"short-title":[],"issued":{"date-parts":[[2022,8,31]]},"references-count":8,"alternative-id":["10.1145\/3563137.3563139","10.1145\/3563137"],"URL":"https:\/\/doi.org\/10.1145\/3563137.3563139","relation":{},"subject":[],"published":{"date-parts":[[2022,8,31]]},"assertion":[{"value":"2023-05-25","order":3,"name":"published","label":"Published","group":{"name":"publication_history","label":"Publication History"}}]}}