{"status":"ok","message-type":"work","message-version":"1.0.0","message":{"indexed":{"date-parts":[[2025,6,18]],"date-time":"2025-06-18T04:09:57Z","timestamp":1750219797735,"version":"3.41.0"},"publisher-location":"New York, NY, USA","reference-count":16,"publisher":"ACM","license":[{"start":{"date-parts":[[2022,8,31]],"date-time":"2022-08-31T00:00:00Z","timestamp":1661904000000},"content-version":"vor","delay-in-days":0,"URL":"https:\/\/www.acm.org\/publications\/policies\/copyright_policy#Background"}],"content-domain":{"domain":["dl.acm.org"],"crossmark-restriction":true},"short-container-title":[],"published-print":{"date-parts":[[2022,8,31]]},"DOI":"10.1145\/3563137.3563146","type":"proceedings-article","created":{"date-parts":[[2023,5,25]],"date-time":"2023-05-25T16:12:51Z","timestamp":1685031171000},"page":"57-61","update-policy":"https:\/\/doi.org\/10.1145\/crossmark-policy","source":"Crossref","is-referenced-by-count":2,"title":["Involving end-users in the design of a digital platform for Including People with Intellectual and Developmental Disabilities in Higher Education and Employment: preliminary findings"],"prefix":"10.1145","author":[{"given":"Ana Filipa S.","family":"Ferreira","sequence":"first","affiliation":[{"name":"Department of Communication and Art (DeCA), University of Aveiro, PT"}],"role":[{"role":"author","vocabulary":"crossref"}]},{"given":"Ana Margarida P.","family":"Almeida","sequence":"additional","affiliation":[{"name":"Department of Communication and Art (DeCA), University of Aveiro, PT"}],"role":[{"role":"author","vocabulary":"crossref"}]},{"given":"Virg\u00ednia","family":"Chalegre","sequence":"additional","affiliation":[{"name":"Department of Communication and Art (DeCA), University of Aveiro, PT"}],"role":[{"role":"author","vocabulary":"crossref"}]}],"member":"320","published-online":{"date-parts":[[2023,5,25]]},"reference":[{"key":"e_1_3_2_1_1_1","volume-title":"EUROPEAN AND INTERNATIONAL POLICY SUPPORTING ICT FOR INCLUSION European Agency for Development in Special Needs Education","author":"ADSNE","year":"2013","unstructured":"ADSNE, EUROPEAN AND INTERNATIONAL POLICY SUPPORTING ICT FOR INCLUSION European Agency for Development in Special Needs Education. 2013."},{"key":"e_1_3_2_1_2_1","doi-asserted-by":"publisher","DOI":"10.1177\/0950017005055669"},{"key":"e_1_3_2_1_3_1","volume-title":"Communiqu\u00e9 of the Conference of European Ministers Responsible for Higher Education","author":"EU","year":"2009","unstructured":"EU, \u201cCommuniqu\u00e9 of the Conference of European Ministers Responsible for Higher Education.,\u201d 2009. https:\/\/ec.europa.eu\/commission\/presscorner\/detail\/en\/IP_09_675 (accessed Jun. 21, 2021)."},{"key":"e_1_3_2_1_4_1","volume-title":"Expectations of Families with Young Adults with Intellectual and Developmental Disabilities for Postsecondary Education","author":"Yarbrough D.","year":"2014","unstructured":"D. Yarbrough, E. E. Getzel, and J. Kester, \u201cExpectations of Families with Young Adults with Intellectual and Developmental Disabilities for Postsecondary Education,\u201d 2014."},{"key":"e_1_3_2_1_5_1","volume-title":"Inser\u00e7\u00e3o Profissional de Pessoas com Defici\u00eancia Intelectual: o contributo da forma\u00e7\u00e3o profissional","author":"Maria A. S. C.","year":"2012","unstructured":"A. S. C. Maria, \u201cInser\u00e7\u00e3o Profissional de Pessoas com Defici\u00eancia Intelectual: o contributo da forma\u00e7\u00e3o profissional,\u201d 2012."},{"key":"e_1_3_2_1_6_1","doi-asserted-by":"publisher","DOI":"10.14201\/aula201824177192"},{"volume-title":"UserWay | Digital Accessibility Solutions","year":"1909","key":"e_1_3_2_1_7_1","unstructured":"\u201cUserWay | Digital Accessibility Solutions.\u201d https:\/\/userway.org\/l\/userway\/?utm_source=google&utm_medium=cpc&utm_campaign=15844550520&utm_content=134946588400&utm_term=userway&cq_plac=&cq_net=g&cq_plt=gp&utm_term=userway&utm_campaign=DES+%7C+US+%7C+UserWay+Brand+%7C+SKAG+%7C+UW&utm_source=adwords&utm_medium=ppc&hsa_acc=3314919098&hsa_cam=15844550520&hsa_grp=134946588400&hsa_ad=585678077641&hsa_src=g&hsa_tgt=kwd-1182500432845&hsa_kw=userway&hsa_mt=e&hsa_net=adwords&hsa_ver=3&gclid=Cj0KCQjw37iTBhCWARIsACBt1Izy8-ieo6BrxEY5EssFmSMHjOAHFJcBCMvEQKnUgBJ2KvTzQ58GuAEaAhD8EALw_wcB (accessed May 01, 2022)."},{"key":"e_1_3_2_1_8_1","volume-title":"Research Methods in Anthropology: Qualitative and quantitative approaches","author":"Bernard H. R.","year":"2006","unstructured":"H. R. Bernard, Research Methods in Anthropology: Qualitative and quantitative approaches. 2006."},{"key":"e_1_3_2_1_9_1","first-page":"329","author":"Blaxter L.","year":"2010","unstructured":"L. Blaxter, C. Hughes, and M. Tight, \u201cHow to Research,\u201d p. 329, 2010.","journal-title":"\u201cHow to Research,\u201d"},{"key":"e_1_3_2_1_10_1","volume-title":"Manual de Investiga\u00e7\u00e3o em Ci\u00eancias Sociais","author":"Quivy R.","year":"1995","unstructured":"R. Quivy and L. Campenhoudt, Manual de Investiga\u00e7\u00e3o em Ci\u00eancias Sociais. 1995."},{"volume-title":"System Usability Scale (SUS)","year":"2022","key":"e_1_3_2_1_11_1","unstructured":"\u201cSystem Usability Scale (SUS).\u201d https:\/\/www.usability.gov\/how-to-and-tools\/methods\/system-usability-scale.html (accessed May 01, 2022)."},{"key":"e_1_3_2_1_12_1","volume-title":"Accessed","author":"Brooke J.","year":"2021","unstructured":"J. Brooke, \u201cSUS: a retrospective Display design for fault diagnosis View project Usable systems View project SUS: A Retrospective,\u201d 2013. Accessed: Jun. 22, 2021. [Online]. Available: https:\/\/www.researchgate.net\/profile\/John-Brooke-6\/publication\/285811057_SUS_a_retrospective\/links\/5ee5c4a792851ce9e7e38a75\/SUS-a-retrospective.pdf."},{"key":"e_1_3_2_1_13_1","volume-title":"Using the SUPR-Q as a Design Metric | Fuzzy Math","author":"Cunningham K.","year":"2021","unstructured":"K. Cunningham, \u201cUsing the SUPR-Q as a Design Metric | Fuzzy Math,\u201d 2021. https:\/\/fuzzymath.com\/blog\/suprq-design-metric\/ (accessed Dec. 08, 2021)."},{"volume-title":"Color.review - Colors that look and work great for everyone","year":"2022","key":"e_1_3_2_1_14_1","unstructured":"\u201cColor.review - Colors that look and work great for everyone.\u201d https:\/\/color.review\/ (accessed May 01, 2022)."},{"key":"e_1_3_2_1_15_1","volume-title":"\u201cO GERENCIAMENTO DE REQUISITOS E A SUA IMPORT\u00c2NCIA EM PROJETOS DE DESENVOLVIMENTO DE SOFTWARE","author":"Mendes L. M.","year":"2015","unstructured":"L. M. Mendes, R. Homem Da Costa, and R. Lorenso, \u201cO GERENCIAMENTO DE REQUISITOS E A SUA IMPORT\u00c2NCIA EM PROJETOS DE DESENVOLVIMENTO DE SOFTWARE,\u201d 2015."},{"volume-title":"Making Content Usable for People with Cognitive and Learning Disabilities","year":"2021","key":"e_1_3_2_1_16_1","unstructured":"W3C, \u201cMaking Content Usable for People with Cognitive and Learning Disabilities,\u201d Apr. 2021. https:\/\/www.w3.org\/TR\/coga-usable\/ (accessed Dec. 08, 2021)."}],"event":{"name":"DSAI 2022: 10th International Conference on Software Development and Technologies for Enhancing Accessibility and Fighting Info-exclusion","acronym":"DSAI 2022","location":"Lisbon Portugal"},"container-title":["Proceedings of the 10th International Conference on Software Development and Technologies for Enhancing Accessibility and Fighting Info-exclusion"],"original-title":[],"link":[{"URL":"https:\/\/dl.acm.org\/doi\/10.1145\/3563137.3563146","content-type":"unspecified","content-version":"vor","intended-application":"text-mining"},{"URL":"https:\/\/dl.acm.org\/doi\/pdf\/10.1145\/3563137.3563146","content-type":"unspecified","content-version":"vor","intended-application":"similarity-checking"}],"deposited":{"date-parts":[[2025,6,17]],"date-time":"2025-06-17T16:38:09Z","timestamp":1750178289000},"score":1,"resource":{"primary":{"URL":"https:\/\/dl.acm.org\/doi\/10.1145\/3563137.3563146"}},"subtitle":[],"short-title":[],"issued":{"date-parts":[[2022,8,31]]},"references-count":16,"alternative-id":["10.1145\/3563137.3563146","10.1145\/3563137"],"URL":"https:\/\/doi.org\/10.1145\/3563137.3563146","relation":{},"subject":[],"published":{"date-parts":[[2022,8,31]]},"assertion":[{"value":"2023-05-25","order":3,"name":"published","label":"Published","group":{"name":"publication_history","label":"Publication History"}}]}}