{"status":"ok","message-type":"work","message-version":"1.0.0","message":{"indexed":{"date-parts":[[2026,6,23]],"date-time":"2026-06-23T00:23:48Z","timestamp":1782174228417,"version":"3.54.5"},"publisher-location":"New York, NY, USA","reference-count":13,"publisher":"ACM","license":[{"start":{"date-parts":[[2022,8,31]],"date-time":"2022-08-31T00:00:00Z","timestamp":1661904000000},"content-version":"vor","delay-in-days":0,"URL":"https:\/\/www.acm.org\/publications\/policies\/copyright_policy#Background"}],"funder":[{"DOI":"10.13039\/501100019370","name":"Foundation for Science and Technology","doi-asserted-by":"publisher","id":[{"id":"10.13039\/501100019370","id-type":"DOI","asserted-by":"publisher"}]}],"content-domain":{"domain":["dl.acm.org"],"crossmark-restriction":true},"short-container-title":[],"published-print":{"date-parts":[[2022,8,31]]},"DOI":"10.1145\/3563137.3563150","type":"proceedings-article","created":{"date-parts":[[2023,5,25]],"date-time":"2023-05-25T16:12:51Z","timestamp":1685031171000},"page":"208-213","update-policy":"https:\/\/doi.org\/10.1145\/crossmark-policy","source":"Crossref","is-referenced-by-count":1,"title":["Promoting Accessibility for Visually Impaired Users through Formative Audiovisual Content"],"prefix":"10.1145","author":[{"ORCID":"https:\/\/orcid.org\/0000-0003-0214-3008","authenticated-orcid":false,"given":"Francisca Toledo","family":"Rocha Louren\u00e7o","sequence":"first","affiliation":[{"name":"Department of Communication and Art, University of Aveiro, Portugal"}],"role":[{"vocabulary":"crossref","role":"author"}]},{"ORCID":"https:\/\/orcid.org\/0000-0001-6041-9469","authenticated-orcid":false,"given":"Rita Alexandra Silva","family":"Oliveira","sequence":"additional","affiliation":[{"name":"Department of Communication and Art, University of Aveiro, Portugal"}],"role":[{"vocabulary":"crossref","role":"author"}]},{"ORCID":"https:\/\/orcid.org\/0000-0002-0492-2307","authenticated-orcid":false,"given":"Jorge Trinidad Ferraz","family":"De Abreu","sequence":"additional","affiliation":[{"name":"Department of Communication and Art, University of Aveiro, Portugal"}],"role":[{"vocabulary":"crossref","role":"author"}]}],"member":"320","published-online":{"date-parts":[[2023,5,25]]},"reference":[{"key":"e_1_3_2_1_1_1","volume-title":"Congresso Nacional de Educa\u00e7\u00e3o. Recife-PE. Anais V CONEDU.","volume":"1","author":"Barbosa M. N. D.","year":"2018","unstructured":"Barbosa, M. N. D., de Morais, P. H., G\u00f3is, A.L., & Paiva, E. R da C. (2018). O YouTube Como Ferramenta Pedag\u00f3gica No Ensino Superior. In Congresso Nacional de Educa\u00e7\u00e3o. Recife-PE. Anais V CONEDU. Vol. 1. Retrieved April 23, 2021, from: https:\/\/editorarealize.com.br\/editora\/anais\/conedu\/2018\/TRABALHO_EV117_MD1_SA19_ID7083_05092018093123.pdf"},{"key":"e_1_3_2_1_2_1","volume-title":"Vis\u00e3o Subnormal \u2013 Orienta\u00e7\u00f5es ao professor do ensino regular","author":"Carvalho K. M. M.","year":"1992","unstructured":"Carvalho, K. M. M.; Gaspareto, M. E. R. F. & Venturini, N. H. B. (1992). Vis\u00e3o Subnormal \u2013 Orienta\u00e7\u00f5es ao professor do ensino regular. 2nd edition. Campinas, S\u00e3o Paulo: UNICAMP's Publisher.","edition":"2"},{"key":"e_1_3_2_1_3_1","volume-title":"Estrat\u00e9gia Nacional para a Sa\u00fade da Vis\u00e3o. Retrieved from: https:\/\/www.sns.gov.pt\/wp-content\/uploads\/2018\/06\/EstrategiaVisao.pdf","author":"Dire\u00e7\u00e3o-Geral","year":"2018","unstructured":"Dire\u00e7\u00e3o-Geral da Sa\u00fade. (2018). Estrat\u00e9gia Nacional para a Sa\u00fade da Vis\u00e3o. Retrieved from: https:\/\/www.sns.gov.pt\/wp-content\/uploads\/2018\/06\/EstrategiaVisao.pdf"},{"key":"e_1_3_2_1_4_1","volume-title":"K., Dolphin","author":"European Commission","year":"2014","unstructured":"European Commission. Directorate-General for the Information Society and Media. Cullen, K., Dolphin, C., Laurin, S., (2014). Study on Assessing and Promoting e-Accessibility: Final Report. Retrieved May 2, 2021, from: https:\/\/data.europa.eu\/doi\/10.2759\/33027"},{"key":"e_1_3_2_1_5_1","volume-title":"Internet para Necessidades Especiais. UTAD\/GUIA","author":"Godinho F.","year":"1999","unstructured":"Godinho, F. (1999). Internet para Necessidades Especiais. UTAD\/GUIA"},{"key":"e_1_3_2_1_6_1","doi-asserted-by":"publisher","DOI":"10.1007\/978-3-642-39191-0_71"},{"key":"e_1_3_2_1_7_1","volume-title":"Portugal","author":"Henriques V.","year":"2014","unstructured":"Henriques, V. (2014). As Escolas Portuguesas na Internet: uma Avalia\u00e7\u00e3o dos S\u00edtios Web das Escolas P\u00fablicas. Master's Dissertation in Informatics. Universidade Portucalense. Porto, Portugal"},{"key":"e_1_3_2_1_8_1","volume-title":"Youtube na educa\u00e7\u00e3o: o uso de v\u00eddeos em EaD. S\u00e3o Paulo: University Anhembi Morumbi","author":"Mattar J.","year":"2009","unstructured":"Mattar, J. (2009). Youtube na educa\u00e7\u00e3o: o uso de v\u00eddeos em EaD. S\u00e3o Paulo: University Anhembi Morumbi."},{"key":"e_1_3_2_1_9_1","volume-title":"Audiodescri\u00e7\u00e3o: transformando imagens em palavras. S\u00e3o Paulo: Secretaria de Estado dos Direitos da Pessoa com Defici\u00eancia","author":"Motta L. M. V.","year":"2010","unstructured":"Motta, L. M. V. de M., Romeu Filho, P. (2010) Audiodescri\u00e7\u00e3o: transformando imagens em palavras. S\u00e3o Paulo: Secretaria de Estado dos Direitos da Pessoa com Defici\u00eancia."},{"key":"e_1_3_2_1_10_1","volume-title":"International Journal of Computer Science and Mobile Computing (IJCSMC).","author":"Ramesh B. J.","year":"2014","unstructured":"Ramesh, B. J., & Chandra, S. K. (2014). A Panorama of Web Accessibility. International Journal of Computer Science and Mobile Computing (IJCSMC). Vol. 3(8)."},{"key":"e_1_3_2_1_11_1","article-title":"Inclus\u00e3o Cultural de Deficientes Visuais: Uma an\u00e1lise da acessibilidade de materiais audiovisuais. Teknos Science","volume":"16","author":"Tavares D.","year":"2016","unstructured":"Tavares, D., Penha, M. R., Borges, J. A. S., Dias, A. F. S., Carvalho, M. F., & Oliveira, S. (2016). Inclus\u00e3o Cultural de Deficientes Visuais: Uma an\u00e1lise da acessibilidade de materiais audiovisuais. Teknos Science Journal.Vol. 16.","journal-title":"Journal."},{"key":"e_1_3_2_1_12_1","volume-title":"S\u00e3o Paulo.","author":"Villela L. M.","year":"2017","unstructured":"Villela, L. M. (2017). Acessibilidade audiovisual: produ\u00e7\u00e3o inclusiva nos contextos acad\u00e9micos culturais e nas plataformas web. Bauru, S\u00e3o Paulo."},{"key":"e_1_3_2_1_13_1","volume-title":"Retrieved","year":"2018","unstructured":"W3C (2018). Web Content Accessibility Guidelines (WCAG) 2.1. Retrieved April 15, 2021, from: https:\/\/www.w3.org\/TR\/2018\/REC-WCAG21-20180605\/"}],"event":{"name":"DSAI 2022: 10th International Conference on Software Development and Technologies for Enhancing Accessibility and Fighting Info-exclusion","location":"Lisbon Portugal","acronym":"DSAI 2022"},"container-title":["Proceedings of the 10th International Conference on Software Development and Technologies for Enhancing Accessibility and Fighting Info-exclusion"],"original-title":[],"link":[{"URL":"https:\/\/dl.acm.org\/doi\/10.1145\/3563137.3563150","content-type":"unspecified","content-version":"vor","intended-application":"text-mining"},{"URL":"https:\/\/dl.acm.org\/doi\/pdf\/10.1145\/3563137.3563150","content-type":"unspecified","content-version":"vor","intended-application":"similarity-checking"}],"deposited":{"date-parts":[[2025,6,17]],"date-time":"2025-06-17T16:38:09Z","timestamp":1750178289000},"score":1,"resource":{"primary":{"URL":"https:\/\/dl.acm.org\/doi\/10.1145\/3563137.3563150"}},"subtitle":[],"short-title":[],"issued":{"date-parts":[[2022,8,31]]},"references-count":13,"alternative-id":["10.1145\/3563137.3563150","10.1145\/3563137"],"URL":"https:\/\/doi.org\/10.1145\/3563137.3563150","relation":{},"subject":[],"published":{"date-parts":[[2022,8,31]]},"assertion":[{"value":"2023-05-25","order":3,"name":"published","label":"Published","group":{"name":"publication_history","label":"Publication History"}}]}}