{"status":"ok","message-type":"work","message-version":"1.0.0","message":{"indexed":{"date-parts":[[2025,8,22]],"date-time":"2025-08-22T05:12:30Z","timestamp":1755839550254,"version":"3.41.0"},"publisher-location":"New York, NY, USA","reference-count":77,"publisher":"ACM","license":[{"start":{"date-parts":[[2023,6,12]],"date-time":"2023-06-12T00:00:00Z","timestamp":1686528000000},"content-version":"vor","delay-in-days":0,"URL":"https:\/\/www.acm.org\/publications\/policies\/copyright_policy#Background"}],"content-domain":{"domain":["dl.acm.org"],"crossmark-restriction":true},"short-container-title":[],"published-print":{"date-parts":[[2023,6,12]]},"DOI":"10.1145\/3593013.3594056","type":"proceedings-article","created":{"date-parts":[[2023,6,12]],"date-time":"2023-06-12T14:40:46Z","timestamp":1686580846000},"page":"972-983","update-policy":"https:\/\/doi.org\/10.1145\/crossmark-policy","source":"Crossref","is-referenced-by-count":3,"title":["\u201cWe try to empower them\u201d - Exploring Future Technologies to Support Migrant Jobseekers"],"prefix":"10.1145","author":[{"ORCID":"https:\/\/orcid.org\/0000-0003-1219-8117","authenticated-orcid":false,"given":"Sonja Mei","family":"Wang","sequence":"first","affiliation":[{"name":"Technische Universit\u00e4t Berlin, Germany"}]},{"ORCID":"https:\/\/orcid.org\/0000-0002-3920-5017","authenticated-orcid":false,"given":"Kristen M","family":"Scott","sequence":"additional","affiliation":[{"name":"KU Leuven, Belgium"}]},{"ORCID":"https:\/\/orcid.org\/0009-0001-9714-8807","authenticated-orcid":false,"given":"Margarita","family":"Artemenko","sequence":"additional","affiliation":[{"name":"Humboldt-Universit\u00e4t zu Berlin, Germany"}]},{"ORCID":"https:\/\/orcid.org\/0000-0003-0585-3072","authenticated-orcid":false,"given":"Milagros","family":"Miceli","sequence":"additional","affiliation":[{"name":"DAIRInstitute, Technische Universit\u00e4t Berlin, and Weizenbaum Institute, Germany, Germany"}]},{"ORCID":"https:\/\/orcid.org\/0000-0002-8003-3413","authenticated-orcid":false,"given":"Bettina","family":"Berendt","sequence":"additional","affiliation":[{"name":"KU Leuven,Technische Universit\u00e4t Berlin, and Weizenbaum Institute, Germany, Germany"}]}],"member":"320","published-online":{"date-parts":[[2023,6,12]]},"reference":[{"key":"e_1_3_2_1_1_1","unstructured":"ADEM. 2021. Was tun nach meinem Schulabschluss?https:\/\/lcgb.lu\/files\/2021\/05\/2021-Brochure-Que-faire-apres-les-etudes-DE.pdf"},{"key":"e_1_3_2_1_2_1","unstructured":"Algorithmwatch. [n. d.]. PP-TOOLS. https:\/\/atlas.algorithmwatch.org\/datenbank\/pp-tools\/"},{"key":"e_1_3_2_1_4_1","doi-asserted-by":"publisher","DOI":"10.1145\/3449114"},{"key":"e_1_3_2_1_5_1","doi-asserted-by":"publisher","DOI":"10.1111\/padm.12386"},{"volume-title":"The Palgrave handbook of methods for media policy research","author":"Audenhove Leo Van","key":"e_1_3_2_1_6_1","unstructured":"Leo Van Audenhove and Karen Donders. 2019. Talking to people III: Expert interviews and elite interviews. In The Palgrave handbook of methods for media policy research. Springer, 179\u2013197."},{"key":"e_1_3_2_1_7_1","doi-asserted-by":"publisher","DOI":"10.1080\/14626268.2013.767276"},{"key":"e_1_3_2_1_8_1","volume-title":"Conference on fairness, accountability and transparency. PMLR, 62\u201376","author":"Barabas Chelsea","year":"2018","unstructured":"Chelsea Barabas, Madars Virza, Karthik Dinakar, Joichi Ito, and Jonathan Zittrain. 2018. Interventions over predictions: Reframing the ethical debate for actuarial risk assessment. In Conference on fairness, accountability and transparency. PMLR, 62\u201376."},{"key":"e_1_3_2_1_9_1","doi-asserted-by":"publisher","DOI":"10.1007\/978-3-658-27216-6_11"},{"key":"e_1_3_2_1_10_1","unstructured":"Bertelsmann Stiftung. Accessed 2023. Handreichung - Kompetenzkarten in der Beratung von Einwanderern. https:\/\/www.bertelsmann-stiftung.de\/fileadmin\/files\/Projekte\/Weiterbildung_fuer_Alle\/Bastelbogen_Kompentkarten.pdf"},{"key":"e_1_3_2_1_11_1","unstructured":"Bertelsmann Stiftung. Accessed 2023. Kompetenz- und Berufekarten f\u00fcr die Berufs- und Migrationsberatung. https:\/\/www.bertelsmann-stiftung.de\/de\/unsere-projekte\/aufstieg-durch-kompetenzen\/projektthemen\/kompetenz-und-berufekarten-neu#detail-content-grid-179883"},{"key":"e_1_3_2_1_12_1","doi-asserted-by":"publisher","DOI":"10.1162\/artl_a_00336"},{"key":"e_1_3_2_1_13_1","volume-title":"Design fiction: A short essay on design, science, fact and fiction","author":"Bleecker Julian","year":"2009","unstructured":"Julian Bleecker. 2015. Design fiction: A short essay on design, science, fact and fiction. 2009. Retrieved June 16 (2015)."},{"key":"e_1_3_2_1_14_1","doi-asserted-by":"publisher","DOI":"10.1145\/2556288.2557098"},{"volume-title":"Interviews mit Experten: eine praxisorientierte Einf\u00fchrung","author":"Bogner Alexander","key":"e_1_3_2_1_15_1","unstructured":"Alexander Bogner, Beate Littig, and Wolfgang Menz. 2014. Interviews mit Experten: eine praxisorientierte Einf\u00fchrung. Springer-Verlag."},{"key":"e_1_3_2_1_16_1","unstructured":"Ren\u00e9 B\u00f6hme and Nele M\u00f6nkedieck. 2016. Perspektive Ausbildung? Handlungsfelder und Gelingensbedingungen am \u00dcbergang junger Asylsuchender von der Schule in den Beruf in Bremen. Technical Report. Reihe Arbeit und Wirtschaft in Bremen."},{"key":"e_1_3_2_1_17_1","doi-asserted-by":"publisher","DOI":"10.1007\/s00103-016-2336-5"},{"key":"e_1_3_2_1_18_1","unstructured":"Statistik Berlin Brandenburg. [n. d.]. Einwohnerbestand Berlin. https:\/\/www.statistik-berlin-brandenburg.de\/kommunalstatistik\/einwohnerbestand-berlin"},{"key":"e_1_3_2_1_19_1","doi-asserted-by":"publisher","DOI":"10.1191\/1478088706qp063oa"},{"key":"e_1_3_2_1_20_1","doi-asserted-by":"publisher","DOI":"10.1007\/978-981-10-5251-4_103"},{"key":"e_1_3_2_1_21_1","unstructured":"Bundesagentur f\u00fcr Arbeit. 2013. Das arbeitnehmerorientierte Integrationskonzept der Bundesagentur f\u00fcr Arbeit (SGB II und SGB III). https:\/\/www.arbeitsagentur.de\/datei\/dok_ba015355.pdf"},{"key":"e_1_3_2_1_22_1","unstructured":"Bundesagentur f\u00fcr Arbeit. 2020. Fluchtmigration. https:\/\/statistik.arbeitsagentur.de\/Statistikdaten\/Detail\/202001\/fluchtmigration\/fluchtmigration\/fluchtmigration-d-0-202001-pdf.pdf?__blob=publicationFile"},{"key":"e_1_3_2_1_23_1","doi-asserted-by":"publisher","DOI":"10.1145\/3232617.3232628"},{"volume-title":"Thematic analysis: a practical guide","author":"Clarke Victoria","key":"e_1_3_2_1_24_1","unstructured":"Victoria Clarke and Virginia Braun. 2021. Thematic analysis: a practical guide. SAGE Publications Ltd."},{"key":"e_1_3_2_1_25_1","unstructured":"European Commission. 2017. The 4-Phase Model (4PM) for activation and the management of transitions. https:\/\/ec.europa.eu\/social\/BlobServlet?docId=17550&langId=en"},{"key":"e_1_3_2_1_26_1","doi-asserted-by":"publisher","DOI":"10.3233\/FAIA230116"},{"key":"e_1_3_2_1_27_1","volume-title":"Fl\u00fcchtlinge und Integration and Die Beauftragte der Bundesregierung f\u00fcr Antirassismus","author":"\u00fcr Migration Die Beauftragte","year":"2023","unstructured":"Die Beauftragte der Bundesregierung f\u00fcr Migration, Fl\u00fcchtlinge und Integration and Die Beauftragte der Bundesregierung f\u00fcr Antirassismus. 2023. Neues Gesetz - Informationen zum Chancen-Aufenthaltsrecht. https:\/\/www.integrationsbeauftragte.de\/ib-de\/ich-moechte-mehr-wissen-ueber\/chancen-aufenthalt"},{"key":"e_1_3_2_1_28_1","volume-title":"Chancen auf eine betriebliche Ausbildungsstelle von Gefl\u00fcchteten und Personen mit und ohne Migrationshintergrund. BIBB-Preprint","author":"Eberhard Verena","year":"2021","unstructured":"Verena Eberhard and Eric Schu\u00df. 2021. Chancen auf eine betriebliche Ausbildungsstelle von Gefl\u00fcchteten und Personen mit und ohne Migrationshintergrund. BIBB-Preprint. Bonn: BIBB (2021)."},{"key":"e_1_3_2_1_29_1","doi-asserted-by":"publisher","DOI":"10.1007\/978-3-658-19430-7_15"},{"key":"e_1_3_2_1_31_1","unstructured":"Styrelsen for Arbejdsmarked og Rekruttering. 2020. NOTAT - Beskrivelse af profilafklaringsv\u00e6rkt\u00f8jet til dagpengemodtagere. https:\/\/star.dk\/media\/12514\/2020_01_31_beskrivelse_-_profilafklaringsvaerktoej_til_dagpengemodtagere.pdf"},{"key":"e_1_3_2_1_32_1","volume-title":"Coronapandemie d\u00e4mpft Anstieg: Entwicklung der tariflichen Ausbildungsverg\u00fctungen","author":"\u00fcr Berufsbildung Bundesinstitut","year":"2021","unstructured":"Bundesinstitut f\u00fcr Berufsbildung. 2022. Coronapandemie d\u00e4mpft Anstieg: Entwicklung der tariflichen Ausbildungsverg\u00fctungen 2021. https:\/\/www.bibb.de\/de\/pressemitteilung_152285.php"},{"key":"e_1_3_2_1_33_1","volume-title":"Verzeichnis der anerkannten Ausbildungsberufe","author":"\u00fcr Berufsbildung Bundesinstitut","year":"2021","unstructured":"Bundesinstitut f\u00fcr Berufsbildung. 2021. Verzeichnis der anerkannten Ausbildungsberufe 2021. https:\/\/www.bibb.de\/dienst\/veroeffentlichungen\/de\/publication\/show\/17368"},{"key":"e_1_3_2_1_34_1","doi-asserted-by":"publisher","DOI":"10.1007\/s11266-017-9895-4"},{"key":"e_1_3_2_1_35_1","doi-asserted-by":"publisher","DOI":"10.1016\/j.jvb.2017.12.002"},{"key":"e_1_3_2_1_36_1","unstructured":"Deutscher Gewerkschaftsbund. 2022. Mindestlohn. https:\/\/www.dgb.de\/schwerpunkt\/mindestlohn"},{"key":"e_1_3_2_1_37_1","doi-asserted-by":"publisher","DOI":"10.1093\/ije\/dyt233"},{"key":"e_1_3_2_1_38_1","unstructured":"The Federal Government. 2022. Minimum wage to be increased to 12 euros - More pay for millions of people. https:\/\/www.bundesregierung.de\/breg-en\/news\/twelve-euro-minimum-wage-2007404"},{"key":"e_1_3_2_1_39_1","volume-title":"Design and Complexity - DRS International Conference 2010","author":"Grand Simon","year":"2010","unstructured":"Simon Grand and Martin Wiedmer. 2010. Design Fiction: A Method Toolbox for Design Research in a Complex World. In Design and Complexity - DRS International Conference 2010, 7-9 July, Montreal, Canada, D. Durling, R. Bousbaci, L Chen, P. Gauthier, T. Poldma, S. Roworth-Stokes, and E Stolterman (Eds.). Design Research Society. https:\/\/dl.designresearchsociety.org\/drs-conference-papers\/drs2010\/researchpapers\/47"},{"key":"e_1_3_2_1_40_1","doi-asserted-by":"publisher","DOI":"10.1145\/3317697.3323346"},{"key":"e_1_3_2_1_41_1","unstructured":"Simone Hocke. 2018. Spurwechsel \u2013 \u00dcberg\u00e4nge in der Bildungs- und Erwerbsbiografie von Betriebs- und Personalr\u00e4ten aktiv gestalten - Ein Manual zur Berufsweg- und \u00dcbergangsberatung. Study der Hans-B\u00f6ckler-Stiftung. https:\/\/www.boeckler.de\/fpdf\/HBS-006952\/p_study_hbs_388.pdf"},{"key":"e_1_3_2_1_42_1","doi-asserted-by":"publisher","DOI":"10.1007\/s10447-019-09383-9"},{"key":"e_1_3_2_1_43_1","volume-title":"Two social dimensions of expertise. Education and expertise","author":"Kotzee Ben","year":"2018","unstructured":"Ben Kotzee and JP Smit. 2018. Two social dimensions of expertise. Education and expertise. John Wiley & Sons (2018), 99\u2013116."},{"key":"e_1_3_2_1_44_1","doi-asserted-by":"publisher","DOI":"10.17516\/1997-1370-2015-8-1-114-129"},{"key":"e_1_3_2_1_45_1","doi-asserted-by":"publisher","DOI":"10.1080\/09544820802353297"},{"volume-title":"Social capital","author":"Lin Nan","key":"e_1_3_2_1_46_1","unstructured":"Nan Lin. 2001. Building a network theory of social capital. In Social capital. Routledge, 3\u201328."},{"key":"e_1_3_2_1_47_1","doi-asserted-by":"publisher","DOI":"10.1145\/2858036.2858446"},{"key":"e_1_3_2_1_48_1","doi-asserted-by":"publisher","DOI":"10.3217\/978-3-85125-668-0-16"},{"key":"e_1_3_2_1_49_1","doi-asserted-by":"publisher","DOI":"10.1145\/3196709.3196793"},{"key":"e_1_3_2_1_50_1","doi-asserted-by":"publisher","DOI":"10.1086\/429597"},{"key":"e_1_3_2_1_51_1","doi-asserted-by":"publisher","DOI":"10.1145\/3240167.3240272"},{"key":"e_1_3_2_1_52_1","unstructured":"Arvind Narayanan. 2019. How to Recognize AI Snake Oil."},{"key":"e_1_3_2_1_53_1","doi-asserted-by":"publisher","DOI":"10.1177\/0018726720949630"},{"key":"e_1_3_2_1_54_1","doi-asserted-by":"publisher","DOI":"10.1017\/S2045796019000325"},{"key":"e_1_3_2_1_55_1","volume-title":"Profiling the Unemployed in Poland: Social and Political Implications of Algorithmic Decision Making. (10","author":"Niklas Jedrzej","year":"2015","unstructured":"Jedrzej Niklas, Karolina Sztandar-Sztanderska, and Katarzyna Szymielewicz. 2015. Profiling the Unemployed in Poland: Social and Political Implications of Algorithmic Decision Making. (10 2015)."},{"key":"e_1_3_2_1_56_1","doi-asserted-by":"publisher","DOI":"10.1145\/3290605.3300652"},{"key":"e_1_3_2_1_57_1","doi-asserted-by":"publisher","DOI":"10.1145\/3325424.3329664"},{"key":"e_1_3_2_1_58_1","unstructured":"Parlament \u00d6sterreich. 2022. PARLAMENTSKORRESPONDENZ NR. 1249 VOM 08.11.2022. https:\/\/www.parlament.gv.at\/aktuelles\/pk\/jahr_2022\/pk1249"},{"key":"e_1_3_2_1_59_1","doi-asserted-by":"publisher","DOI":"10.1145\/3449176"},{"key":"e_1_3_2_1_60_1","doi-asserted-by":"publisher","DOI":"10.1145\/2675133.2675281"},{"key":"e_1_3_2_1_61_1","doi-asserted-by":"publisher","DOI":"10.1145\/3492852"},{"key":"e_1_3_2_1_62_1","first-page":"1","article-title":"Gesundheit von Gefl\u00fcchteten in Deutschland\u2013Ergebnisse einer Befragung von Schutzsuchenden aus Syrien, Irak und Afghanistan","volume":"15","author":"Schr\u00f6der Helmut","year":"2018","unstructured":"Helmut Schr\u00f6der, Klaus Zok, and Frank Faulbaum. 2018. Gesundheit von Gefl\u00fcchteten in Deutschland\u2013Ergebnisse einer Befragung von Schutzsuchenden aus Syrien, Irak und Afghanistan. Wido Monit 15, 1 (2018), 1\u201320.","journal-title":"Wido Monit"},{"key":"e_1_3_2_1_63_1","doi-asserted-by":"publisher","DOI":"10.1145\/3531146.3534631"},{"key":"e_1_3_2_1_64_1","unstructured":"[64] SDBB. 2019. https:\/\/www.zhaw.ch\/de\/psychologie\/forschung\/diagnostik-und-beratung\/berufs-studien-laufbahnberatung\/foto-interessen-test-f-i-t-serie\/"},{"key":"e_1_3_2_1_65_1","volume-title":"Foto-Interessen-Test FIT Serie","author":"SDBB.","year":"2020","unstructured":"SDBB. 2019. Foto-Interessen-Test FIT Serie 2020. https:\/\/test.sdbb.ch\/bin\/1990-2222-1-kurzbeschreibung_fit_2020.pdf"},{"key":"e_1_3_2_1_66_1","volume-title":"Bayard Roberts, and Robert Stewart.","author":"Siriwardhana Chesmal","year":"2014","unstructured":"Chesmal Siriwardhana, Shirwa Sheik Ali, Bayard Roberts, and Robert Stewart. 2014. A systematic review of resilience and mental health outcomes of conflict-driven adult forced migrants. Conflict and health 8, 1 (2014), 1\u201314."},{"key":"e_1_3_2_1_67_1","doi-asserted-by":"publisher","DOI":"10.1145\/3196709.3196766"},{"key":"e_1_3_2_1_68_1","doi-asserted-by":"publisher","DOI":"10.1007\/s10903-016-0478-z"},{"key":"e_1_3_2_1_69_1","volume-title":"Changing Social Citizenship through Information Technology","author":"Sztandar-Sztanderska Karolina","year":"2018","unstructured":"Karolina Sztandar-Sztanderska and Marianna Ziele\u0144ska. 2018. Changing Social Citizenship through Information Technology. Social Work & Society, an International Online Journal 16 (2018). Issue 2."},{"volume-title":"Erfolgsfaktoren f\u00fcr die Integration von Fl\u00fcchtlingen. Forschungsbericht \/ Bundesministerium f\u00fcr Arbeit und Soziales","author":"S\u00f6hn Janina","key":"e_1_3_2_1_70_1","unstructured":"Janina S\u00f6hn, Peter Birke, Felix Bluhm, Kai Marquardsen, Milena Prekodravac, Berthold Vogel, and Alicia Prahms. 2017. Erfolgsfaktoren f\u00fcr die Integration von Fl\u00fcchtlingen. Forschungsbericht \/ Bundesministerium f\u00fcr Arbeit und Soziales, Vol. FB484. Bundesministerium f\u00fcr Arbeit und Soziales, G\u00f6ttingen. 66 pages."},{"key":"e_1_3_2_1_71_1","volume-title":"Karolina Zimmermann, Lisa Herzog, and Margaryta Udovychenko.","author":"Tern\u00e8s Anabel","year":"2016","unstructured":"Anabel Tern\u00e8s, Peter Ustinov Stiftung, Karolina Zimmermann, Lisa Herzog, and Margaryta Udovychenko. 2016. Fl\u00fcchtlingsstandort Deutschland\u2013eine Analyse: Chancen und Herausforderungen f\u00fcr Gesellschaft und Wirtschaft. Springer."},{"key":"e_1_3_2_1_72_1","unstructured":"The Federal Government. 2022. Introduction of a new right of residence - More opportunities for well-integrated refugees. https:\/\/www.bundesregierung.de\/breg-en\/news\/first-migration-package-2060934"},{"key":"e_1_3_2_1_73_1","doi-asserted-by":"publisher","DOI":"10.1007\/978-3-531-91936-2_18"},{"key":"e_1_3_2_1_74_1","volume-title":"Linguistic barriers and bridges: Constructing social capital in ethnically diverse low-skill workplaces. Work, employment and society 31, 6","author":"Thuesen Frederik","year":"2017","unstructured":"Frederik Thuesen. 2017. Linguistic barriers and bridges: Constructing social capital in ethnically diverse low-skill workplaces. Work, employment and society 31, 6 (2017), 937\u2013953."},{"key":"e_1_3_2_1_75_1","doi-asserted-by":"publisher","DOI":"10.1111\/j.1471-6402.1999.tb00339.x"},{"key":"e_1_3_2_1_76_1","unstructured":"Deutscher Bundestag 19. Wahlperiode. 2019. Antwort der Bundesregierung auf die Kleine Anfrage der Abgeordneten Jessica Tatti Susanne Ferschl Doris Achelwilm weiterer Abgeordneter und der Fraktion DIE LINKE. https:\/\/dserver.bundestag.de\/btd\/19\/132\/1913210.pdf"},{"key":"e_1_3_2_1_77_1","doi-asserted-by":"publisher","DOI":"10.1145\/2494265"},{"key":"e_1_3_2_1_78_1","doi-asserted-by":"publisher","DOI":"10.1145\/3027063.3049782"},{"key":"e_1_3_2_1_79_1","doi-asserted-by":"publisher","DOI":"10.1177\/0269094214545045"}],"event":{"name":"FAccT '23: the 2023 ACM Conference on Fairness, Accountability, and Transparency","acronym":"FAccT '23","location":"Chicago IL USA"},"container-title":["2023 ACM Conference on Fairness Accountability and Transparency"],"original-title":[],"link":[{"URL":"https:\/\/dl.acm.org\/doi\/10.1145\/3593013.3594056","content-type":"unspecified","content-version":"vor","intended-application":"text-mining"},{"URL":"https:\/\/dl.acm.org\/doi\/pdf\/10.1145\/3593013.3594056","content-type":"unspecified","content-version":"vor","intended-application":"similarity-checking"}],"deposited":{"date-parts":[[2025,6,17]],"date-time":"2025-06-17T16:37:18Z","timestamp":1750178238000},"score":1,"resource":{"primary":{"URL":"https:\/\/dl.acm.org\/doi\/10.1145\/3593013.3594056"}},"subtitle":[],"short-title":[],"issued":{"date-parts":[[2023,6,12]]},"references-count":77,"alternative-id":["10.1145\/3593013.3594056","10.1145\/3593013"],"URL":"https:\/\/doi.org\/10.1145\/3593013.3594056","relation":{},"subject":[],"published":{"date-parts":[[2023,6,12]]},"assertion":[{"value":"2023-06-12","order":3,"name":"published","label":"Published","group":{"name":"publication_history","label":"Publication History"}}]}}