{"status":"ok","message-type":"work","message-version":"1.0.0","message":{"indexed":{"date-parts":[[2025,6,18]],"date-time":"2025-06-18T04:10:35Z","timestamp":1750219835695,"version":"3.41.0"},"publisher-location":"New York, NY, USA","reference-count":27,"publisher":"ACM","license":[{"start":{"date-parts":[[2023,9,13]],"date-time":"2023-09-13T00:00:00Z","timestamp":1694563200000},"content-version":"vor","delay-in-days":0,"URL":"https:\/\/creativecommons.org\/licenses\/by\/4.0\/"}],"funder":[{"name":"Ministry of Culture and Innovation of Hungary","award":["TKP2021-NKTA-51"],"award-info":[{"award-number":["TKP2021-NKTA-51"]}]}],"content-domain":{"domain":["dl.acm.org"],"crossmark-restriction":true},"short-container-title":[],"published-print":{"date-parts":[[2023,9,13]]},"DOI":"10.1145\/3603304.3605912","type":"proceedings-article","created":{"date-parts":[[2023,9,14]],"date-time":"2023-09-14T00:17:01Z","timestamp":1694650621000},"page":"62-69","update-policy":"https:\/\/doi.org\/10.1145\/crossmark-policy","source":"Crossref","is-referenced-by-count":0,"title":["Sustainability aspects and indicators in mobility"],"prefix":"10.1145","author":[{"ORCID":"https:\/\/orcid.org\/0000-0001-9652-2775","authenticated-orcid":false,"given":"Csaba","family":"Fasi","sequence":"first","affiliation":[{"name":"Eotvos Jozsef Research Centre, University of Public Service, Hungary"}]}],"member":"320","published-online":{"date-parts":[[2023,9,13]]},"reference":[{"key":"e_1_3_2_1_1_1","volume-title":"Transforming our world: the 2030 Agenda for Sustainable Development. Retrieved","author":"United Nations. 2015.","year":"2023","unstructured":"United Nations. 2015. Transforming our world: the 2030 Agenda for Sustainable Development. Retrieved 10 May , 2023 from https:\/\/sdgs.un.org\/2030agenda United Nations. 2015. Transforming our world: the 2030 Agenda for Sustainable Development. Retrieved 10 May, 2023 from https:\/\/sdgs.un.org\/2030agenda"},{"key":"e_1_3_2_1_2_1","volume-title":"A European Green Deal: Striving to be the first climate-neutral continent Rertieved","author":"European Commission","year":"2023","unstructured":"European Commission . 2020. A European Green Deal: Striving to be the first climate-neutral continent Rertieved 10 May , 2023 from https:\/\/commission.europa.eu\/strategy-and-policy\/priorities-2019-2024\/european-green-deal_en European Commission. 2020. A European Green Deal: Striving to be the first climate-neutral continent Rertieved 10 May, 2023 from https:\/\/commission.europa.eu\/strategy-and-policy\/priorities-2019-2024\/european-green-deal_en"},{"key":"e_1_3_2_1_3_1","volume-title":"Mobilizing Sustainable Transport for Development","author":"United Nations. 2016.","year":"2023","unstructured":"United Nations. 2016. Mobilizing Sustainable Transport for Development . High-level Advisory Group on Sustainable Transport. Retrieved 10 May , 2023 from https:\/\/sustainabledevelopment.un.org\/content\/documents\/12453HLAG-ST%20brochure%20web.pdf United Nations. 2016. Mobilizing Sustainable Transport for Development. High-level Advisory Group on Sustainable Transport. Retrieved 10 May, 2023 from https:\/\/sustainabledevelopment.un.org\/content\/documents\/12453HLAG-ST%20brochure%20web.pdf"},{"key":"e_1_3_2_1_4_1","volume-title":"Clean and sustainable mobility. Retrieved","author":"European Council","year":"2023","unstructured":"European Council . 2022. Clean and sustainable mobility. Retrieved 10 May , 2023 from https:\/\/www.consilium.europa.eu\/en\/policies\/clean-and-sustainable-mobility\/ European Council. 2022. Clean and sustainable mobility. Retrieved 10 May, 2023 from https:\/\/www.consilium.europa.eu\/en\/policies\/clean-and-sustainable-mobility\/"},{"key":"e_1_3_2_1_5_1","doi-asserted-by":"crossref","first-page":"25","DOI":"10.32566\/ah.2020.1.2","article-title":"A fenntarthat\u00f3s\u00e1g mint emberi \u00e9s t\u00e1rsadalmi fejl\u0151d\u00e9s","volume":"8","author":"Csath Magdolna","year":"2020","unstructured":"Magdolna Csath . 2020 . A fenntarthat\u00f3s\u00e1g mint emberi \u00e9s t\u00e1rsadalmi fejl\u0151d\u00e9s . Acta Humana 8 , 1, 25 \u2013 65 . https:\/doi.org\/10.32566\/ah.2020.1.2 10.32566\/ah.2020.1.2 Magdolna Csath. 2020. A fenntarthat\u00f3s\u00e1g mint emberi \u00e9s t\u00e1rsadalmi fejl\u0151d\u00e9s. Acta Humana 8, 1, 25\u201365. https:\/doi.org\/10.32566\/ah.2020.1.2","journal-title":"Acta Humana"},{"volume-title":"A fenntarthat\u00f3s\u00e1g \u00e1rnyalatai. Ludovika Egyetemi Kiad\u00f3","author":"Csath Magdolna","key":"e_1_3_2_1_6_1","unstructured":"Magdolna Csath . 2020. A fenntarthat\u00f3s\u00e1g \u00e1rnyalatai. Ludovika Egyetemi Kiad\u00f3 . Budapest, Hungary . Magdolna Csath. 2020. A fenntarthat\u00f3s\u00e1g \u00e1rnyalatai. Ludovika Egyetemi Kiad\u00f3. Budapest, Hungary."},{"key":"e_1_3_2_1_7_1","volume-title":"Delivering the European Green Deal. Retrieved","author":"European Commission","year":"2023","unstructured":"European Commission . 2020. Delivering the European Green Deal. Retrieved 10 May , 2023 from https:\/\/commission.europa.eu\/strategy-and-policy\/priorities-2019-2024\/european-green-deal\/delivering-european-green-deal_en European Commission. 2020. Delivering the European Green Deal. Retrieved 10 May, 2023 from https:\/\/commission.europa.eu\/strategy-and-policy\/priorities-2019-2024\/european-green-deal\/delivering-european-green-deal_en"},{"key":"e_1_3_2_1_8_1","volume-title":"The Deutschland-Ticket is here. Retrieved","author":"Bahn Deutsche","year":"2023","unstructured":"Deutsche Bahn . 2023. The Deutschland-Ticket is here. Retrieved 20 May , 2023 from https:\/\/www.bahn.com\/en\/offers\/regional\/deutschlandticket Deutsche Bahn. 2023. The Deutschland-Ticket is here. Retrieved 20 May, 2023 from https:\/\/www.bahn.com\/en\/offers\/regional\/deutschlandticket"},{"key":"e_1_3_2_1_9_1","unstructured":"Mikl\u00f3s Bulla Tibor Farag\u00f3 and Istv\u00e1n Nathon (eds.). 1992. Az Egyes\u00fclt Nemzetek Szervezet\u00e9nek K\u00f6rnyezet \u00e9s Fejl\u0151d\u00e9s Konferenci\u00e1ja: t\u00e9nyek \u00e9s adatok. K\u00f6rnyezetv\u00e9delmi \u00e9s V\u00edz\u00fcgyi Miniszt\u00e9rium (KvVM). Budapest Hungary  Mikl\u00f3s Bulla Tibor Farag\u00f3 and Istv\u00e1n Nathon (eds.). 1992. Az Egyes\u00fclt Nemzetek Szervezet\u00e9nek K\u00f6rnyezet \u00e9s Fejl\u0151d\u00e9s Konferenci\u00e1ja: t\u00e9nyek \u00e9s adatok. K\u00f6rnyezetv\u00e9delmi \u00e9s V\u00edz\u00fcgyi Miniszt\u00e9rium (KvVM). Budapest Hungary"},{"key":"e_1_3_2_1_10_1","volume-title":"z\u00f6ld k\u00f6zleked\u00e9s. Retrieved","author":"Korm\u00e1nya Magyarorsz\u00e1g","year":"2023","unstructured":"Magyarorsz\u00e1g Korm\u00e1nya . 2022. Fenntarthat\u00f3 , z\u00f6ld k\u00f6zleked\u00e9s. Retrieved 20 May , 2023 from https:\/\/www.palyazat.gov.hu\/download.php?objectId=1092060 Magyarorsz\u00e1g Korm\u00e1nya. 2022. Fenntarthat\u00f3, z\u00f6ld k\u00f6zleked\u00e9s. Retrieved 20 May, 2023 from https:\/\/www.palyazat.gov.hu\/download.php?objectId=1092060"},{"key":"e_1_3_2_1_11_1","volume-title":"Fit for 55. Retrieved","author":"European Council","year":"2023","unstructured":"European Council . 2022. Fit for 55. Retrieved 10 May , 2023 from https:\/\/www.consilium.europa.eu\/en\/policies\/green-deal\/fit-for-55-the-eu-plan-for-a-green-transition\/ European Council. 2022. Fit for 55. Retrieved 10 May, 2023 from https:\/\/www.consilium.europa.eu\/en\/policies\/green-deal\/fit-for-55-the-eu-plan-for-a-green-transition\/"},{"key":"e_1_3_2_1_12_1","first-page":"113","article-title":"Territorial strategies in the making: compulsory homeworks for the incoming Hungarian Presidency","volume":"30","author":"Kaiser Tam\u00e1s","year":"2009","unstructured":"Tam\u00e1s Kaiser . 2009 . Territorial strategies in the making: compulsory homeworks for the incoming Hungarian Presidency . Acta Scientiarum Socialium 30 , 113 \u2013 131 . Tam\u00e1s Kaiser. 2009. Territorial strategies in the making: compulsory homeworks for the incoming Hungarian Presidency. Acta Scientiarum Socialium 30, 113\u2013131.","journal-title":"Acta Scientiarum Socialium"},{"key":"e_1_3_2_1_13_1","unstructured":"Lea K\u0151szeghy. 2022. T\u00e1rsadalmi egyenl\u0151tlens\u00e9gek \u00e9s k\u00f6rnyezeti fenntarthat\u00f3s\u00e1g: \u00f6sszef\u00fcgg\u00e9sek \u00e9s kiutak. Retrieved 11 May from https:\/\/www.youtube.com\/watch?v=vIGnlgtBmys  Lea K\u0151szeghy. 2022. T\u00e1rsadalmi egyenl\u0151tlens\u00e9gek \u00e9s k\u00f6rnyezeti fenntarthat\u00f3s\u00e1g: \u00f6sszef\u00fcgg\u00e9sek \u00e9s kiutak. Retrieved 11 May from https:\/\/www.youtube.com\/watch?v=vIGnlgtBmys"},{"key":"e_1_3_2_1_14_1","volume-title":"A fenntarthat\u00f3 fejl\u0151d\u00e9s indik\u00e1torai. Retrieved","author":"KSH.","year":"2023","unstructured":"KSH. 2022. A fenntarthat\u00f3 fejl\u0151d\u00e9s indik\u00e1torai. Retrieved 14 May 2023 from https:\/\/www.ksh.hu\/ffi\/ KSH. 2022. A fenntarthat\u00f3 fejl\u0151d\u00e9s indik\u00e1torai. Retrieved 14 May 2023 from https:\/\/www.ksh.hu\/ffi\/"},{"key":"e_1_3_2_1_15_1","volume-title":"Air quality. Retrieved","author":"KSH.","year":"2023","unstructured":"KSH. 2022. Air quality. Retrieved 14 May 2023 from https:\/\/ksh.hu\/s\/kiadvanyok\/fenntarthato-fejlodes-indikatorai-2022\/3-39-sdg-11 https:\/\/ksh.hu\/s\/kiadvanyok\/fenntarthato-fejlodes-indikatorai-2022\/3-39-sdg-11#4-abra KSH. 2022. Air quality. Retrieved 14 May 2023 from https:\/\/ksh.hu\/s\/kiadvanyok\/fenntarthato-fejlodes-indikatorai-2022\/3-39-sdg-11 https:\/\/ksh.hu\/s\/kiadvanyok\/fenntarthato-fejlodes-indikatorai-2022\/3-39-sdg-11#4-abra"},{"key":"e_1_3_2_1_16_1","volume-title":"Green areas. Retrieved","author":"KSH.","year":"2023","unstructured":"KSH. 2022. Green areas. Retrieved 14 May 2023 from https:\/\/ksh.hu\/s\/kiadvanyok\/fenntarthato-fejlodes-indikatorai-2022\/3-3 KSH. 2022. Green areas. Retrieved 14 May 2023 from https:\/\/ksh.hu\/s\/kiadvanyok\/fenntarthato-fejlodes-indikatorai-2022\/3-3"},{"key":"e_1_3_2_1_17_1","volume-title":"Road safety. Retrieved","author":"KSH.","year":"2023","unstructured":"KSH. 2022. Road safety. Retrieved 14 May 2023 from https:\/\/ksh.hu\/s\/kiadvanyok\/fenntarthato-fejlodes-indikatorai-2022\/2-10-sdg-11 KSH. 2022. Road safety. Retrieved 14 May 2023 from https:\/\/ksh.hu\/s\/kiadvanyok\/fenntarthato-fejlodes-indikatorai-2022\/2-10-sdg-11"},{"key":"e_1_3_2_1_18_1","volume-title":"Behrens","author":"Meadows Donella H.","year":"1972","unstructured":"Donella H. Meadows , Dennis L. Meadows , Jorgen Randers , and William W . Behrens ( 1972 ). The limits of growth. A Report for THE CLUB OF ROME's Project on the Predicament of Mankind. Universe Books , New York, US. Donella H. Meadows, Dennis L. Meadows, Jorgen Randers, and William W. Behrens (1972). The limits of growth. A Report for THE CLUB OF ROME's Project on the Predicament of Mankind. Universe Books, New York, US."},{"key":"e_1_3_2_1_19_1","volume-title":"Millennium Development Goal 7: Ensure environmental sustainability. Retrieved","author":"FAO.","year":"2023","unstructured":"FAO. 2023. Millennium Development Goal 7: Ensure environmental sustainability. Retrieved 17 May 2023 from https:\/\/www.fao.org\/sustainable-development-goals\/mdg\/goal-7\/en\/ FAO. 2023. Millennium Development Goal 7: Ensure environmental sustainability. Retrieved 17 May 2023 from https:\/\/www.fao.org\/sustainable-development-goals\/mdg\/goal-7\/en\/"},{"key":"e_1_3_2_1_20_1","unstructured":"G\u00e1bor Bartus G\u00e1bor (ed.). 2013. Nemzeti Fenntarthat\u00f3 Fejl\u0151d\u00e9si Keretstrat\u00e9gia 2013. Nemzeti Fenntarthat\u00f3 Fejl\u0151d\u00e9si Tan\u00e1cs (NFFT) Retrieved 14 May 2023 from https:\/\/eionet.kormany.hu\/akadalymentes\/download\/1\/26\/71000\/NFFT-HUN-web.pdf  G\u00e1bor Bartus G\u00e1bor (ed.). 2013. Nemzeti Fenntarthat\u00f3 Fejl\u0151d\u00e9si Keretstrat\u00e9gia 2013. Nemzeti Fenntarthat\u00f3 Fejl\u0151d\u00e9si Tan\u00e1cs (NFFT) Retrieved 14 May 2023 from https:\/\/eionet.kormany.hu\/akadalymentes\/download\/1\/26\/71000\/NFFT-HUN-web.pdf"},{"key":"e_1_3_2_1_21_1","volume-title":"Regulation strengthening the CO2 emission performance standards for new passenger cars and new light commercial vehicles in line with the Union's increased climate ambition. Retrieved","author":"European Council","year":"2023","unstructured":"European Council . 2021. Regulation strengthening the CO2 emission performance standards for new passenger cars and new light commercial vehicles in line with the Union's increased climate ambition. Retrieved 16 May 2023 from https:\/\/data.consilium.europa.eu\/doc\/document\/PE-66-2022-INIT\/en\/pdf European Council. 2021. Regulation strengthening the CO2 emission performance standards for new passenger cars and new light commercial vehicles in line with the Union's increased climate ambition. Retrieved 16 May 2023 from https:\/\/data.consilium.europa.eu\/doc\/document\/PE-66-2022-INIT\/en\/pdf"},{"key":"e_1_3_2_1_22_1","volume-title":"Development Report","author":"United Nations. 2022.","year":"2022","unstructured":"United Nations. 2022. Sustainable Development Report 2022 . Retrieved 18 Oct 2022 from https:\/\/dashboards.sdgindex.org\/ United Nations. 2022. Sustainable Development Report 2022. Retrieved 18 Oct 2022 from https:\/\/dashboards.sdgindex.org\/"},{"key":"e_1_3_2_1_23_1","first-page":"33","article-title":"Az eur\u00f3pai szoci\u00e1lis modell t\u00f6rt\u00e9neti v\u00e1ltoz\u00e1sai \u00e9s perspekt\u00edv\u00e1i","volume":"21","author":"T\u00f3th Tibor","year":"2018","unstructured":"Tibor T\u00f3th ( 2018 ). Az eur\u00f3pai szoci\u00e1lis modell t\u00f6rt\u00e9neti v\u00e1ltoz\u00e1sai \u00e9s perspekt\u00edv\u00e1i . Eur\u00f3pai T\u00fck\u00f6r 21 , 2, 33 \u2013 50 . Tibor T\u00f3th (2018). Az eur\u00f3pai szoci\u00e1lis modell t\u00f6rt\u00e9neti v\u00e1ltoz\u00e1sai \u00e9s perspekt\u00edv\u00e1i. Eur\u00f3pai T\u00fck\u00f6r 21, 2, 33\u201350.","journal-title":"Eur\u00f3pai T\u00fck\u00f6r"},{"key":"e_1_3_2_1_24_1","volume-title":"Transport and the Green Deal. Rertieved","author":"European Commission","year":"2023","unstructured":"European Commission . 2020. Transport and the Green Deal. Rertieved 10 May , 2023 from https:\/\/commission.europa.eu\/strategy-and-policy\/priorities-2019-2024\/european-green-deal\/transport-and-green-deal_en European Commission. 2020. Transport and the Green Deal. Rertieved 10 May, 2023 from https:\/\/commission.europa.eu\/strategy-and-policy\/priorities-2019-2024\/european-green-deal\/transport-and-green-deal_en"},{"key":"e_1_3_2_1_25_1","volume-title":"Ez\u00e9rt volt kudarc a 9 eur\u00f3s n\u00e9met b\u00e9rlet. Rertieved","author":"Vil\u00e1ggazdas\u00e1g","year":"2023","unstructured":"Vil\u00e1ggazdas\u00e1g 2022. Ez\u00e9rt volt kudarc a 9 eur\u00f3s n\u00e9met b\u00e9rlet. Rertieved 20 May , 2023 from https:\/\/www.vg.hu\/nemzetkozi-gazdasag\/2022\/10\/hetvegere-ezert-volt-kudarc-a-9-euros-nemet-berlet Vil\u00e1ggazdas\u00e1g 2022. Ez\u00e9rt volt kudarc a 9 eur\u00f3s n\u00e9met b\u00e9rlet. Rertieved 20 May, 2023 from https:\/\/www.vg.hu\/nemzetkozi-gazdasag\/2022\/10\/hetvegere-ezert-volt-kudarc-a-9-euros-nemet-berlet"},{"volume-title":"2016. Vil\u00e1gunk \u00e1takal\u00edt\u00e1sa","author":"Zlinszky J\u00e1nos","key":"e_1_3_2_1_26_1","unstructured":"J\u00e1nos Zlinszky , and Dorka Balogh (eds.) 2016. Vil\u00e1gunk \u00e1takal\u00edt\u00e1sa . P\u00e1zm\u00e1ny Press . Budapest, Hungary J\u00e1nos Zlinszky, and Dorka Balogh (eds.) 2016. Vil\u00e1gunk \u00e1takal\u00edt\u00e1sa. P\u00e1zm\u00e1ny Press. Budapest, Hungary"},{"key":"e_1_3_2_1_27_1","first-page":"30","volume-title":"Retrieved","author":"Korm II.","year":"2023","unstructured":"1036\/2023. ( II. 20.) Korm . hat\u00e1rozat a helyk\u00f6zi orsz\u00e1g- \u00e9s v\u00e1rmegyeb\u00e9rletek bevezet\u00e9s\u00e9r\u0151l . Retrieved Jun 10, 2023 from https:\/\/njt.hu\/jogszabaly\/2023-1036- 30 - 22 1036\/2023. (II. 20.) Korm. hat\u00e1rozat a helyk\u00f6zi orsz\u00e1g- \u00e9s v\u00e1rmegyeb\u00e9rletek bevezet\u00e9s\u00e9r\u0151l. Retrieved Jun 10, 2023 from https:\/\/njt.hu\/jogszabaly\/2023-1036-30-22"}],"event":{"name":"CEEeGov 2023: Central and Eastern European eDem and eGov Days 2023","acronym":"CEEeGov 2023","location":"Budapest Hungary"},"container-title":["Central and Eastern European eDem and eGov Days 2023"],"original-title":[],"link":[{"URL":"https:\/\/dl.acm.org\/doi\/10.1145\/3603304.3605912","content-type":"unspecified","content-version":"vor","intended-application":"text-mining"}],"deposited":{"date-parts":[[2025,6,17]],"date-time":"2025-06-17T16:46:41Z","timestamp":1750178801000},"score":1,"resource":{"primary":{"URL":"https:\/\/dl.acm.org\/doi\/10.1145\/3603304.3605912"}},"subtitle":[],"short-title":[],"issued":{"date-parts":[[2023,9,13]]},"references-count":27,"alternative-id":["10.1145\/3603304.3605912","10.1145\/3603304"],"URL":"https:\/\/doi.org\/10.1145\/3603304.3605912","relation":{},"subject":[],"published":{"date-parts":[[2023,9,13]]},"assertion":[{"value":"2023-09-13","order":2,"name":"published","label":"Published","group":{"name":"publication_history","label":"Publication History"}}]}}