{"status":"ok","message-type":"work","message-version":"1.0.0","message":{"indexed":{"date-parts":[[2025,8,21]],"date-time":"2025-08-21T18:48:28Z","timestamp":1755802108796,"version":"3.44.0"},"publisher-location":"New York, NY, USA","reference-count":13,"publisher":"ACM","license":[{"start":{"date-parts":[[2024,6,17]],"date-time":"2024-06-17T00:00:00Z","timestamp":1718582400000},"content-version":"vor","delay-in-days":0,"URL":"https:\/\/www.acm.org\/publications\/policies\/copyright_policy#Background"}],"content-domain":{"domain":["dl.acm.org"],"crossmark-restriction":true},"short-container-title":[],"published-print":{"date-parts":[[2024,6,17]]},"DOI":"10.1145\/3628516.3659408","type":"proceedings-article","created":{"date-parts":[[2024,6,14]],"date-time":"2024-06-14T12:32:46Z","timestamp":1718368366000},"page":"869-873","update-policy":"https:\/\/doi.org\/10.1145\/crossmark-policy","source":"Crossref","is-referenced-by-count":0,"title":["Enhancing Educational Experiences Through Reflective Documentation in a Constructivist Brazilian School"],"prefix":"10.1145","author":[{"ORCID":"https:\/\/orcid.org\/0000-0002-2199-8186","authenticated-orcid":false,"given":"Mariana","family":"Lederman Edelstein","sequence":"first","affiliation":[{"name":"Teachers College, Columbia University, United States"}],"role":[{"role":"author","vocabulary":"crossref"}]},{"ORCID":"https:\/\/orcid.org\/0009-0007-6989-9738","authenticated-orcid":false,"given":"Camila Urquizas","family":"Campello","sequence":"additional","affiliation":[{"name":"Escola Vera Cruz, Brazil"}],"role":[{"role":"author","vocabulary":"crossref"}]}],"member":"320","published-online":{"date-parts":[[2024,6,17]]},"reference":[{"doi-asserted-by":"publisher","key":"e_1_3_2_1_1_1","DOI":"10.1080\/00091383.1995.10544673"},{"doi-asserted-by":"publisher","key":"e_1_3_2_1_2_1","DOI":"10.4324\/9780367854539"},{"key":"e_1_3_2_1_3_1","volume-title":"As Cem linguagens da crian\u00e7a: a abordagem de Reggio Emilia na Educa\u00e7\u00e3o da Primeira Inf\u00e2ncia. Porto Alegre: Penso","author":"Edwards","year":"2015","unstructured":"Edwards (2015). As Cem linguagens da crian\u00e7a: a abordagem de Reggio Emilia na Educa\u00e7\u00e3o da Primeira Inf\u00e2ncia. Porto Alegre: Penso"},{"key":"e_1_3_2_1_4_1","volume-title":"Di\u00e1rios de Aula. Porto Alegre: Artmed","author":"Zabalza M. A.","year":"2004","unstructured":"Zabalza, M. A. (2004). Di\u00e1rios de Aula. Porto Alegre: Artmed."},{"key":"e_1_3_2_1_5_1","volume-title":"J and Beneke, S. O poder dos projetos: novas estrat\u00e9gias e solu\u00e7\u00f5es para educa\u00e7\u00e3o infantil. Artmed.","author":"Helm J.","year":"2005","unstructured":"Helm, J. (2005). A import\u00e2ncia da documenta\u00e7\u00e3o. InHelm, J and Beneke, S. O poder dos projetos: novas estrat\u00e9gias e solu\u00e7\u00f5es para educa\u00e7\u00e3o infantil. Artmed."},{"volume-title":"A paix\u00e3o de conhecer o mundo. Editor","author":"Freire M.","unstructured":"Freire, M.(2007). A paix\u00e3o de conhecer o mundo. Editora: Paz & Terra.","key":"e_1_3_2_1_6_1"},{"key":"e_1_3_2_1_7_1","volume-title":"Martini, D. Educar \u00e9 a busca de sentido. Ateli\u00ea Carambola","author":"Germini L","year":"2020","unstructured":"Germini, L (2020). Instrumento de documenta\u00e7\u00e3o com fun\u00e7\u00e3o projetual nas escolas municipais de educa\u00e7\u00e3o infantil. In Martini, D. Educar \u00e9 a busca de sentido. Ateli\u00ea Carambola"},{"key":"e_1_3_2_1_8_1","first-page":"44","volume-title":"Curitiba: Intersaberes","author":"Santaella L.","year":"2019","unstructured":"Santaella, L. (2019). Seis forma\u00e7\u00f5es comunicacionais e culturais. In: Est\u00e9tica e semi\u00f3tica. Curitiba: Intersaberes, p. 44-83 ."},{"key":"e_1_3_2_1_9_1","volume-title":"Documenta\u00e7\u00e3o Pdag\u00f3gica: Textos Complementares \u2013 Caderno 3. MEC\/UNESCO. Available at: https:\/\/obeci.org\/nossa-biblioteca","author":"Fochi P.","year":"2018","unstructured":"Fochi, P. (Org). (2018). Documenta\u00e7\u00e3o Pdag\u00f3gica: Textos Complementares \u2013 Caderno 3. MEC\/UNESCO. Available at: https:\/\/obeci.org\/nossa-biblioteca."},{"key":"e_1_3_2_1_10_1","volume-title":"As cem linguagens em mini hist\u00f3rias contadas por professores e crian\u00e7as de Reggio. Porto Alegre: Penso","author":"Inf\u00e2ncia de Reggio Emilia Reggio Children","year":"2021","unstructured":"Reggio Children e Escolas e Creches da Inf\u00e2ncia de Reggio Emilia, Reggio Children, Fondacione Malaguzzi. (2021). As cem linguagens em mini hist\u00f3rias contadas por professores e crian\u00e7as de Reggio. Porto Alegre: Penso."},{"key":"e_1_3_2_1_11_1","volume-title":"Rinaldi, C","author":"Rinaldi C.","year":"2000","unstructured":"Rinaldi, C. (2000). A constru\u00e7\u00e3o do projeto educativo: Entrevista com Carla Rinaldi, por Lella Gandini e Judith Kaminsky. In Rinaldi, C (2021). Di\u00e1logos com Reggio Emilia: Escutar, investigar e aprender. Paz & Terra"},{"key":"e_1_3_2_1_12_1","volume-title":"Edwards, C.","author":"Rinaldi C.","year":"2016","unstructured":"Rinaldi, C. (2016). O curr\u00edculo emergente e o construtivismo social. In Edwards, C.; Gandini , F; Forman, G. As cem linguagens da crian\u00e7a: A abordagem de Reggio Emilia na educa\u00e7\u00e3o da primeira inf\u00e2ncia. Penso."},{"unstructured":"Minist\u00e9rio da Cultura. (2014 December 23). ANCINE publica norma sobre acessibilidade da produ\u00e7\u00e3o audiovisual. gov.br. https:\/\/www.gov.br\/ancine\/pt-br\/assuntos\/noticias\/ancine-publica-norma-sobre-acessibilidade-da-producao-audiovisual.","key":"e_1_3_2_1_13_1"}],"event":{"sponsor":["SIGCHI ACM Special Interest Group on Computer-Human Interaction"],"acronym":"IDC '24","name":"IDC '24: Interaction Design and Children","location":"Delft Netherlands"},"container-title":["Proceedings of the 23rd Annual ACM Interaction Design and Children Conference"],"original-title":[],"link":[{"URL":"https:\/\/dl.acm.org\/doi\/10.1145\/3628516.3659408","content-type":"unspecified","content-version":"vor","intended-application":"text-mining"},{"URL":"https:\/\/dl.acm.org\/doi\/pdf\/10.1145\/3628516.3659408","content-type":"unspecified","content-version":"vor","intended-application":"similarity-checking"}],"deposited":{"date-parts":[[2025,8,21]],"date-time":"2025-08-21T10:41:06Z","timestamp":1755772866000},"score":1,"resource":{"primary":{"URL":"https:\/\/dl.acm.org\/doi\/10.1145\/3628516.3659408"}},"subtitle":[],"short-title":[],"issued":{"date-parts":[[2024,6,17]]},"references-count":13,"alternative-id":["10.1145\/3628516.3659408","10.1145\/3628516"],"URL":"https:\/\/doi.org\/10.1145\/3628516.3659408","relation":{},"subject":[],"published":{"date-parts":[[2024,6,17]]},"assertion":[{"value":"2024-06-17","order":3,"name":"published","label":"Published","group":{"name":"publication_history","label":"Publication History"}}]}}