{"status":"ok","message-type":"work","message-version":"1.0.0","message":{"indexed":{"date-parts":[[2025,8,22]],"date-time":"2025-08-22T17:40:03Z","timestamp":1755884403915,"version":"3.44.0"},"publisher-location":"New York, NY, USA","reference-count":52,"publisher":"ACM","license":[{"start":{"date-parts":[[2023,9,26]],"date-time":"2023-09-26T00:00:00Z","timestamp":1695686400000},"content-version":"vor","delay-in-days":0,"URL":"https:\/\/www.acm.org\/publications\/policies\/copyright_policy#Background"}],"content-domain":{"domain":["dl.acm.org"],"crossmark-restriction":true},"short-container-title":[],"published-print":{"date-parts":[[2023,9,26]]},"DOI":"10.1145\/3629296.3629321","type":"proceedings-article","created":{"date-parts":[[2024,1,15]],"date-time":"2024-01-15T18:06:26Z","timestamp":1705341986000},"page":"162-167","update-policy":"https:\/\/doi.org\/10.1145\/crossmark-policy","source":"Crossref","is-referenced-by-count":1,"title":["Assessment in virtual higher education in the face of artificial intelligence"],"prefix":"10.1145","author":[{"ORCID":"https:\/\/orcid.org\/0000-0003-3144-3720","authenticated-orcid":false,"given":"Jesus Enrique","family":"Beltran Virguez","sequence":"first","affiliation":[{"name":"University Corporation Minuto de Dios UNIMINUTO, Colombia"}]},{"ORCID":"https:\/\/orcid.org\/0000-0002-0734-9278","authenticated-orcid":false,"given":"Diana Geraldine","family":"Jimenez Garcia","sequence":"additional","affiliation":[{"name":"University Foundation Los Libertadores, Colombia"}]},{"ORCID":"https:\/\/orcid.org\/0000-0001-9080-8238","authenticated-orcid":false,"given":"Sandra Patricia","family":"Parada Fonseca","sequence":"additional","affiliation":[{"name":"University Corporation Minuto de Dios UNIMINUTO, Colombia"}]}],"member":"320","published-online":{"date-parts":[[2024,1,15]]},"reference":[{"key":"e_1_3_2_1_1_1","volume-title":"La educaci\u00f3n y el ideal de humanidad: Una aproximaci\u00f3n hist\u00f3rica. Discusiones Filos\u00f3ficas, 22(39), 113-134","author":"Giraldo-Bedoya H. F.","year":"2021","unstructured":"Giraldo-Bedoya, H. F., & Garc\u00eda-Duque, C. E. (2021). La educaci\u00f3n y el ideal de humanidad: Una aproximaci\u00f3n hist\u00f3rica. Discusiones Filos\u00f3ficas, 22(39), 113-134."},{"key":"e_1_3_2_1_2_1","unstructured":"Ch\u00e1varri Joo E. F. (2021). La globalizaci\u00f3n: efectos en la adecuaci\u00f3n de la universidad a la sociedad. Revista UNIDA Cient\u00edfica 5(1) 9\u201324. Recuperado a partir de https:\/\/revistacientifica.unida.edu.py\/publicaciones\/index.php\/cientifica\/article\/view\/49"},{"key":"e_1_3_2_1_3_1","volume-title":"O.","author":"Rodr\u00edguez S, M","year":"2021","unstructured":"Rodr\u00edguez S, M, Castellar Rodriguez, A y Barrios Lozano, O. (2021). Desaf\u00edos de las universidades ante la sociedad del conocimiento, la era digital y la electr\u00f3nica para la formaci\u00f3n profesional. Corporaci\u00f3n Universidad de la Costa. https:\/\/repositorio.cuc.edu.co\/handle\/11323\/8402"},{"key":"e_1_3_2_1_4_1","doi-asserted-by":"publisher","DOI":"10.29092\/uacm.v4i8.301"},{"key":"e_1_3_2_1_5_1","volume-title":"La pregunta por la t\u00e9cnica","author":"Heidegger M.","year":"2021","unstructured":"Heidegger, M. (2021). La pregunta por la t\u00e9cnica. Herder Editorial."},{"key":"e_1_3_2_1_6_1","volume-title":"La crisis de la educaci\u00f3n musical como consecuencia de la decadencia de la instituci\u00f3n educativa. Revista Educaci\u00f3n, 711-725","author":"Angel-Alvarado R.","year":"2018","unstructured":"Angel-Alvarado, R. (2018). La crisis de la educaci\u00f3n musical como consecuencia de la decadencia de la instituci\u00f3n educativa. Revista Educaci\u00f3n, 711-725."},{"key":"e_1_3_2_1_7_1","volume-title":"La guerra del neoliberalismo contra la educaci\u00f3n superior","author":"Giroux H. A.","year":"2018","unstructured":"Giroux, H. A. (2018). La guerra del neoliberalismo contra la educaci\u00f3n superior. Herder Editorial"},{"key":"e_1_3_2_1_8_1","volume-title":"La crisis de la educaci\u00f3n, en Entre el pasado y el futuro. Ocho ejercicios sobre la reflexi\u00f3n pol\u00edtica. Barcelona: Pen\u00ednsula","author":"Arent H.","year":"2003","unstructured":"Arent, H. (2003). La crisis de la educaci\u00f3n, en Entre el pasado y el futuro. Ocho ejercicios sobre la reflexi\u00f3n pol\u00edtica. Barcelona: Pen\u00ednsula."},{"key":"e_1_3_2_1_9_1","volume-title":"Evaluaci\u00f3n educativa. E\u00faphoros, (3), 69-96. https:\/\/dialnet.unirioja.es\/servlet\/articulo?codigo=1183061","author":"Molina A. A.","year":"2001","unstructured":"Molina, A. A. (2001). Evaluaci\u00f3n educativa. E\u00faphoros, (3), 69-96. https:\/\/dialnet.unirioja.es\/servlet\/articulo?codigo=1183061"},{"key":"e_1_3_2_1_10_1","volume-title":"La evaluaci\u00f3n educativa: Concepto, per\u00edodos y modelos. Actualidades investigativas en educaci\u00f3n, 4(2)","author":"Vargas A. I. M.","year":"2004","unstructured":"Vargas, A. I. M. (2004). La evaluaci\u00f3n educativa: Concepto, per\u00edodos y modelos. Actualidades investigativas en educaci\u00f3n, 4(2)."},{"key":"e_1_3_2_1_11_1","volume-title":"Gelanssenheit. Serenidad Versi\u00f3n castellana de Yves Zimmermann. Barcelona: Ediciones del Serbal, 1","author":"Heidegger M.","year":"1994","unstructured":"Heidegger. M. (1994). Gelanssenheit. Serenidad Versi\u00f3n castellana de Yves Zimmermann. Barcelona: Ediciones del Serbal, 1."},{"key":"e_1_3_2_1_12_1","doi-asserted-by":"publisher","DOI":"10.37811\/cl_rcm.v7i3.6489"},{"key":"e_1_3_2_1_13_1","doi-asserted-by":"publisher","DOI":"10.1007\/978-3-319-54552-3_8"},{"key":"e_1_3_2_1_14_1","volume-title":"La evaluaci\u00f3n formativa en la pr\u00e1ctica pedag\u00f3gica de la Educaci\u00f3n Superior: Revisi\u00f3n Sistem\u00e1tica. Ciencia Latina Revista Cient\u00edfica Multidisciplinar, 7(3), 1464-1476","author":"Cede\u00f1o E. I. B.","year":"2023","unstructured":"Cede\u00f1o, E. I. B., Loor, J. S. L., Gar\u00f3falo, A. R. B., & Almeida, J. J. M. (2023). La evaluaci\u00f3n formativa en la pr\u00e1ctica pedag\u00f3gica de la Educaci\u00f3n Superior: Revisi\u00f3n Sistem\u00e1tica. Ciencia Latina Revista Cient\u00edfica Multidisciplinar, 7(3), 1464-1476."},{"issue":"31","key":"e_1_3_2_1_15_1","first-page":"473","article-title":"Ense\u00f1anza y evaluaci\u00f3n: lo uno y lo diverso","volume":"9","author":"P\u00e9rez Luna E.","year":"2005","unstructured":"P\u00e9rez Luna, E. (2005). Ense\u00f1anza y evaluaci\u00f3n: lo uno y lo diverso. Educere, 9(31), 473-479. http:\/\/ve.scielo.org\/scielo.php?script=sci_arttext&pid=S1316-49102005000400007","journal-title":"Educere"},{"key":"e_1_3_2_1_16_1","volume-title":"Paideia: los ideales de la cultura. Fondo de cultura econ\u00f3mica","author":"Jaeger W.","year":"1945","unstructured":"Jaeger, W. (1945). Paideia: los ideales de la cultura. Fondo de cultura econ\u00f3mica"},{"key":"e_1_3_2_1_17_1","doi-asserted-by":"publisher","DOI":"10.48102\/rlee.2021.51"},{"key":"e_1_3_2_1_18_1","doi-asserted-by":"publisher","DOI":"10.53995\/23463279.716"},{"key":"e_1_3_2_1_19_1","doi-asserted-by":"publisher","DOI":"10.22201\/iisue.20072872e.2023.40.1547"},{"key":"e_1_3_2_1_20_1","volume-title":"Decreto 1330 de","author":"Ministerio de Educaci\u00f3n Nacional","year":"2019","unstructured":"Ministerio de Educaci\u00f3n Nacional. (2019). Decreto 1330 de 2019. Colombia. Disponible en https:\/\/www.mineducacion.gov.co\/1759\/articles-387348_archivo_pdf.pdf"},{"key":"e_1_3_2_1_21_1","doi-asserted-by":"publisher","DOI":"10.1177\/2042753018785180"},{"key":"e_1_3_2_1_22_1","doi-asserted-by":"publisher","DOI":"10.5204\/jld.v10i2.288"},{"key":"e_1_3_2_1_23_1","doi-asserted-by":"publisher","DOI":"10.6018\/red\/59\/06"},{"key":"e_1_3_2_1_24_1","doi-asserted-by":"publisher","DOI":"10.5944\/ried.24.2.28994"},{"key":"e_1_3_2_1_25_1","doi-asserted-by":"publisher","unstructured":"Villalobos Gonz\u00e1lez W. & Hern\u00e1ndez Chaverri R. A. (2023). Acciones de deshonestidad acad\u00e9mica detectadas en las asignaturas te\u00f3ricas de Qu\u00edmica de la Universidad Estatal a Distancia durante la educaci\u00f3n virtual 2020-2022. Repertorio Cient\u00edfico 26(1) 132\u2013145. https:\/\/doi.org\/10.22458\/rc.v26i1.4851","DOI":"10.22458\/rc.v26i1.4851"},{"key":"e_1_3_2_1_26_1","doi-asserted-by":"publisher","DOI":"10.29197\/cpu.v18i35.411"},{"key":"e_1_3_2_1_27_1","volume-title":"SA.","author":"Galipienso A.","year":"2003","unstructured":"Galipienso, A., Isabel, M., Cazorla Quevedo, M. A., Colomina Pardo, O., Escolano Ruiz, F., & Lozano Ortega, M. A. (2003). Inteligencia artificial: modelos, t\u00e9cnicas y \u00e1reas de aplicaci\u00f3n. Ediciones Paraninfo, SA."},{"key":"e_1_3_2_1_28_1","unstructured":"Pabon J. F. Aizaga M. Recalde H. & Toasa R. M. (2023). Revisi\u00f3n de literatura sobre impacto de la inteligencia artificial y su aplicaci\u00f3n en el ecuador. [Review on the impact of artificial intelligence and its application in Ecuador] Revista Ib\u00e9rica De Sistemas e Tecnologias De Informa\u00e7\u00e3o 100-113. Retrieved from https:\/\/www.proquest.com\/scholarly-journals\/revisi\u00f3n-de-literatura-sobre-impacto-la\/docview\/2828438636\/se-2"},{"key":"e_1_3_2_1_29_1","doi-asserted-by":"publisher","DOI":"10.1609\/aimag.v27i4.1904"},{"key":"e_1_3_2_1_30_1","volume-title":"Logic, Philosophy, Artificial Intelligence, and Artificial Life, plus The Secret of Enigma. Edited by Jack Copeland.","author":"Turing A","year":"2004","unstructured":"Turing, A, (2004) The essential Turing. Seminal Writings in Computing, Logic, Philosophy, Artificial Intelligence, and Artificial Life, plus The Secret of Enigma. Edited by Jack Copeland. Oxford: Clanderon Press\/Oxford University Press."},{"key":"e_1_3_2_1_31_1","doi-asserted-by":"publisher","DOI":"10.1016\/j.aprim.2020.04.013"},{"key":"e_1_3_2_1_32_1","volume-title":"Inteligencia artificial y derecho penal. Actualidad jur\u00eddica iberoamericana, (10), 792-843. https:\/\/dialnet.unirioja.es\/servlet\/articulo?codigo=6978830","author":"Gim\u00e9nez M. H.","year":"2019","unstructured":"Gim\u00e9nez, M. H. (2019). Inteligencia artificial y derecho penal. Actualidad jur\u00eddica iberoamericana, (10), 792-843. https:\/\/dialnet.unirioja.es\/servlet\/articulo?codigo=6978830"},{"issue":"3","key":"e_1_3_2_1_33_1","first-page":"362","article-title":"Inteligencia artificial y propiedad intelectual","volume":"13","author":"Estupi\u00f1\u00e1n Ricardo J.","year":"2021","unstructured":"Estupi\u00f1\u00e1n Ricardo, J., Leyva V\u00e1zquez, M. Y., Pe\u00f1afiel Palacios, A. J., & El Assafiri Ojeda, Y. (2021). Inteligencia artificial y propiedad intelectual. Universidad Y Sociedad, 13(S3), 362-368. Recuperado a partir de https:\/\/rus.ucf.edu.cu\/index.php\/rus\/article\/view\/2490","journal-title":"Universidad Y Sociedad"},{"key":"e_1_3_2_1_34_1","volume-title":"La inteligencia artificial o el desaf\u00edo del siglo: anatom\u00eda de un antihumanismo radical. Caja negra","author":"Sadin","year":"2020","unstructured":"Sadin, \u00c9. (2020). La inteligencia artificial o el desaf\u00edo del siglo: anatom\u00eda de un antihumanismo radical. Caja negra."},{"key":"e_1_3_2_1_35_1","doi-asserted-by":"publisher","DOI":"10.36825\/RITI.07.14.022"},{"key":"e_1_3_2_1_36_1","doi-asserted-by":"publisher","DOI":"10.3916\/C77-2023-08"},{"key":"e_1_3_2_1_37_1","doi-asserted-by":"publisher","DOI":"10.33461\/uybisbbd.1244777"},{"key":"e_1_3_2_1_38_1","doi-asserted-by":"publisher","DOI":"10.1080\/14703297.2023.2190148"},{"key":"e_1_3_2_1_39_1","unstructured":"Palacios N\u00fa\u00f1ez M. L. Toribio L\u00f3pez A. & Deroncele Acosta A. (2021). Innovaci\u00f3n educativa en el desarrollo de aprendizajes relevantes: una revisi\u00f3n sistem\u00e1tica de literatura. Revista Universidad y Sociedad 13(5) 134-145.Recuperado a partir de https:\/\/rus.ucf.edu.cu\/index.php\/rus\/article\/view\/2219"},{"key":"e_1_3_2_1_40_1","volume-title":"Artificial Intelligence in Education","author":"Roll I.","year":"2021","unstructured":"Roll, I., McNamara, D., Sosnovsky, S., Luckin, R., & Dimitrova, V. (2021). Artificial Intelligence in Education. Springer International Publishing."},{"key":"e_1_3_2_1_41_1","doi-asserted-by":"publisher","DOI":"10.1080\/15358593.2019.1595108"},{"key":"e_1_3_2_1_42_1","doi-asserted-by":"publisher","DOI":"10.5604\/01.3001.0013.6366"},{"key":"e_1_3_2_1_43_1","volume-title":"\u0420\u041e\u0417\u0423\u041c\u0406\u041d\u041d\u042f \u041f\u041b\u0410\u0422\u041e\u041d\u0406\u0412\u0421\u042c\u041a\u041e\u0407 \u0422\u0415\u0425\u041d\u0406\u041a\u0418 \u0420\u041e\u0417\u0412\u0418\u0422\u041a\u0423 \u041c\u0418\u0421\u041b\u0415\u041d\u041d\u042f \u0406 \u041f\u0410\u0419\u0414\u0415\u0419\u042f. recuperado https:\/\/scholar.archive.org\/work\/3vurpeaf2zhbfi552fhgbwg4va\/access\/wayback\/http:\/\/vsfp.ddpu.edu.ua\/article\/download\/157550\/pdf_1","author":"Stepanov V.","year":"2018","unstructured":"Stepanov, V., & Uvarov, G. (2018) \u0420\u041e\u0417\u0423\u041c\u0406\u041d\u041d\u042f \u041f\u041b\u0410\u0422\u041e\u041d\u0406\u0412\u0421\u042c\u041a\u041e\u0407 \u0422\u0415\u0425\u041d\u0406\u041a\u0418 \u0420\u041e\u0417\u0412\u0418\u0422\u041a\u0423 \u041c\u0418\u0421\u041b\u0415\u041d\u041d\u042f \u0406 \u041f\u0410\u0419\u0414\u0415\u0419\u042f. recuperado https:\/\/scholar.archive.org\/work\/3vurpeaf2zhbfi552fhgbwg4va\/access\/wayback\/http:\/\/vsfp.ddpu.edu.ua\/article\/download\/157550\/pdf_1"},{"key":"e_1_3_2_1_44_1","doi-asserted-by":"publisher","DOI":"10.1007\/978-981-13-8027-3_11"},{"key":"e_1_3_2_1_45_1","doi-asserted-by":"publisher","DOI":"10.1590\/2175-623683003"},{"key":"e_1_3_2_1_46_1","doi-asserted-by":"publisher","DOI":"10.21898\/dia.v61i76.5"},{"key":"e_1_3_2_1_47_1","doi-asserted-by":"publisher","DOI":"10.37074\/jalt.2023.6.1.9"},{"key":"e_1_3_2_1_48_1","doi-asserted-by":"publisher","DOI":"10.32870\/dgedj.v6i16.286"},{"key":"e_1_3_2_1_49_1","volume-title":"Algoritmos, big data e inteligencia artificial:\u00bf un nihilismo anunciado?. Cuadernos salmantinos de filosof\u00eda, 48, 75-103","author":"Jim\u00e9nez D. V.","year":"2021","unstructured":"Jim\u00e9nez, D. V., & Ram\u00edrez, D. G. (2021). Algoritmos, big data e inteligencia artificial:\u00bf un nihilismo anunciado?. Cuadernos salmantinos de filosof\u00eda, 48, 75-103."},{"key":"e_1_3_2_1_50_1","doi-asserted-by":"publisher","DOI":"10.1590\/1679-395114754"},{"key":"e_1_3_2_1_51_1","doi-asserted-by":"publisher","unstructured":"Valle D. (2020). Humanismo y transhumanismo en el final de la metaf\u00edsica: la era digital como paradigma de la metaf\u00edsica de la subjetividad. Cuestiones de filosof\u00eda 6(26).https:\/\/doi.org\/10.19053\/01235095.v6.n26.2020.11242","DOI":"10.19053\/01235095.v6.n26.2020.11242"},{"key":"e_1_3_2_1_52_1","doi-asserted-by":"publisher","DOI":"10.1177\/2042753018785180"}],"event":{"name":"ICETC 2023: The 15th International Conference on Education Technology and Computers","acronym":"ICETC 2023","location":"Barcelona Spain"},"container-title":["The 15th International Conference on Education Technology and Computers"],"original-title":[],"link":[{"URL":"https:\/\/dl.acm.org\/doi\/10.1145\/3629296.3629321","content-type":"unspecified","content-version":"vor","intended-application":"text-mining"},{"URL":"https:\/\/dl.acm.org\/doi\/pdf\/10.1145\/3629296.3629321","content-type":"unspecified","content-version":"vor","intended-application":"similarity-checking"}],"deposited":{"date-parts":[[2025,8,22]],"date-time":"2025-08-22T17:15:00Z","timestamp":1755882900000},"score":1,"resource":{"primary":{"URL":"https:\/\/dl.acm.org\/doi\/10.1145\/3629296.3629321"}},"subtitle":[],"short-title":[],"issued":{"date-parts":[[2023,9,26]]},"references-count":52,"alternative-id":["10.1145\/3629296.3629321","10.1145\/3629296"],"URL":"https:\/\/doi.org\/10.1145\/3629296.3629321","relation":{},"subject":[],"published":{"date-parts":[[2023,9,26]]},"assertion":[{"value":"2024-01-15","order":3,"name":"published","label":"Published","group":{"name":"publication_history","label":"Publication History"}}]}}