{"status":"ok","message-type":"work","message-version":"1.0.0","message":{"indexed":{"date-parts":[[2026,3,28]],"date-time":"2026-03-28T17:13:22Z","timestamp":1774718002447,"version":"3.50.1"},"publisher-location":"New York, NY, USA","reference-count":40,"publisher":"ACM","license":[{"start":{"date-parts":[[2024,8,11]],"date-time":"2024-08-11T00:00:00Z","timestamp":1723334400000},"content-version":"vor","delay-in-days":0,"URL":"https:\/\/www.acm.org\/publications\/policies\/copyright_policy#Background"}],"content-domain":{"domain":["dl.acm.org"],"crossmark-restriction":true},"short-container-title":[],"published-print":{"date-parts":[[2024,8,11]]},"DOI":"10.1145\/3661455.3669884","type":"proceedings-article","created":{"date-parts":[[2024,8,31]],"date-time":"2024-08-31T12:19:45Z","timestamp":1725106785000},"page":"153-159","update-policy":"https:\/\/doi.org\/10.1145\/crossmark-policy","source":"Crossref","is-referenced-by-count":1,"title":["Social Cartographies of the City, from a Gender, Care and Feminism Perspective"],"prefix":"10.1145","author":[{"ORCID":"https:\/\/orcid.org\/0000-0002-0696-7883","authenticated-orcid":false,"given":"Carlos","family":"Cobreros","sequence":"first","affiliation":[{"name":"School of Architecture, Art and Design, Tecnologico de Monterrey, Mexico"}]},{"ORCID":"https:\/\/orcid.org\/0009-0008-8255-0642","authenticated-orcid":false,"given":"Stefania","family":"Biondi","sequence":"additional","affiliation":[{"name":"School of Architecture, Art and Design, Tecnologico de Monterrey, Mexico"}]},{"ORCID":"https:\/\/orcid.org\/0009-0009-1828-026X","authenticated-orcid":false,"given":"Deng","family":"Cynthia","sequence":"additional","affiliation":[{"name":"School of Architecture, Art and Design, Tecnologico de Monterrey, Mexico"}]}],"member":"320","published-online":{"date-parts":[[2024,8,31]]},"reference":[{"key":"e_1_3_2_1_1_1","first-page":"23","article-title":"The Right to the City","volume":"53","author":"Harvey David","year":"2008","unstructured":"David Harvey. 2008. The Right to the City, New Left Review 53, 23-40","journal-title":"New Left Review"},{"key":"e_1_3_2_1_2_1","doi-asserted-by":"crossref","unstructured":"Alicia Ziccardi. 2020. Ciudades latinoamericanas: la cuesti\u00f3n social y la gobernanza local: antolog\u00eda esencial. CLACSO.","DOI":"10.2307\/j.ctv1gm01hk"},{"key":"e_1_3_2_1_3_1","doi-asserted-by":"publisher","DOI":"10.1145\/3537797.3537818"},{"key":"e_1_3_2_1_4_1","doi-asserted-by":"publisher","DOI":"10.1162\/DESI_a_00403"},{"key":"e_1_3_2_1_5_1","doi-asserted-by":"publisher","unstructured":"Ezio Manzini and Francesca Rizzo. 2011. Small projects\/large changes: Participatory design as an open participated process.\u00a0CoDesign \u00a07(3-4) 199-215. https:\/\/doi.org\/10.1080\/15710882.2011.630472","DOI":"10.1080\/15710882.2011.630472"},{"key":"e_1_3_2_1_6_1","doi-asserted-by":"publisher","DOI":"10.1145\/3536169.3537790"},{"key":"e_1_3_2_1_7_1","doi-asserted-by":"publisher","DOI":"10.7551\/mitpress\/12255.001.0001"},{"key":"e_1_3_2_1_8_1","doi-asserted-by":"publisher","unstructured":"Karin Hansson 2018. Provocation conflict and appropriation: The role of the designer in making publics.\u00a0Design Issues \u00a034(4) 3-7. https:\/\/doi.org\/10.1162\/desi_a_00506","DOI":"10.1162\/desi_a_00506"},{"key":"e_1_3_2_1_9_1","doi-asserted-by":"publisher","DOI":"10.35199\/epde2019.20"},{"key":"e_1_3_2_1_10_1","unstructured":"Susan S. Fainstein. 2010. The\u00a0Just City: Ithaca \u00a0London:\u00a0Cornell University Press."},{"key":"e_1_3_2_1_11_1","doi-asserted-by":"publisher","unstructured":"Merlijn J.Van Hulst. 2008. Quite an experience: Using ethnography to study local governance.\u00a0Critical policy analysis \u00a02(2) 143-159. https:\/\/doi.org\/10.1080\/19460171.2008.9518535","DOI":"10.1080\/19460171.2008.9518535"},{"key":"e_1_3_2_1_12_1","doi-asserted-by":"publisher","unstructured":"Stephanie Wilson and Lisa Zamberlan. 2015. Design for an unknown future: Amplified roles for collaboration new design knowledge and creativity.\u00a0Design Issues \u00a031(2) 3-15. https:\/\/doi.org\/10.1162\/DESI_a_00318","DOI":"10.1162\/DESI_a_00318"},{"key":"e_1_3_2_1_13_1","doi-asserted-by":"publisher","DOI":"10.1080\/17547075.2019.1571306"},{"key":"e_1_3_2_1_14_1","doi-asserted-by":"publisher","DOI":"10.1145\/3537797.3537810"},{"key":"e_1_3_2_1_15_1","doi-asserted-by":"publisher","DOI":"10.1145\/3537797.3537805"},{"key":"e_1_3_2_1_16_1","volume-title":"Feminist city: claiming space in a man-made world","author":"Kern Leslie","unstructured":"Leslie Kern. 2020. Feminist city: claiming space in a man-made world. Verso Books."},{"key":"e_1_3_2_1_17_1","doi-asserted-by":"publisher","DOI":"10.1145\/3537797.3537819"},{"key":"e_1_3_2_1_18_1","doi-asserted-by":"publisher","DOI":"10.1145\/3537797.3537872"},{"key":"e_1_3_2_1_19_1","volume-title":"cartograf\u00eda social de lo invisible. Editor","author":"Rosso In\u00e9s","unstructured":"In\u00e9s Rosso. 2018.\u00a0Buenos Aires ind\u00edgena: cartograf\u00eda social de lo invisible. Editorial Unicen."},{"key":"e_1_3_2_1_20_1","doi-asserted-by":"crossref","unstructured":"Karl Offen. 2009. O mapeas o te mapean: mapeo ind\u00edgena y negro en Am\u00e9rica Latina.\u00a0Tabula Rasa (10) 163-190. https:\/\/www.redalyc.org\/articulo.oa?id=39612022006","DOI":"10.25058\/20112742.358"},{"key":"e_1_3_2_1_21_1","volume-title":"Andr\u00e9s Garc\u00eda S\u00e1nchez and C\u00e9sar Andr\u00e9s Ospina Mesa","author":"Arango Vladimir Montoya","year":"2014","unstructured":"Vladimir Montoya Arango, Andr\u00e9s Garc\u00eda S\u00e1nchez and C\u00e9sar Andr\u00e9s Ospina Mesa. 2014. Andar dibujando y dibujar andando: cartograf\u00eda social y producci\u00f3n colectiva de conocimientos.\u00a0N\u00f3madas, (40), 191-205. https:\/\/www.redalyc.org\/articulo.oa?id=105131005013"},{"key":"e_1_3_2_1_22_1","unstructured":"Santiago Castro-G\u00f3mez. 2005. La hybris del punto cero. Ciencia raza e ilustraci\u00f3n en la Nueva Granada (1750-1816) Bogot\u00e1 Pontificia Universidad Javeriana. https:\/\/www.redalyc.org\/articulo.oa?id=81502615"},{"key":"e_1_3_2_1_23_1","unstructured":"Walter D. Mignolo. 2003. Historias locales\/dise\u00f1os globales: colonialidad conocimientos subalternos y pensamiento fronterizo\u00a0(Vol. 18). Ediciones Akal."},{"key":"e_1_3_2_1_24_1","first-page":"130","article-title":"Imaginar la globalizaci\u00f3n: las geometr\u00edas del poder del tiempo-espacio.\u00a0Abel Albet y N\u00faria Benach (comps.), Doreen Massey. Un sentido global del lugar, Barcelona","author":"Massey Doreen","year":"2012","unstructured":"Doreen Massey. 2012. Imaginar la globalizaci\u00f3n: las geometr\u00edas del poder del tiempo-espacio.\u00a0Abel Albet y N\u00faria Benach (comps.), Doreen Massey. Un sentido global del lugar, Barcelona, Icaria, 130-155.","journal-title":"Icaria"},{"key":"e_1_3_2_1_25_1","volume-title":"Capitalismo mundial integrado y revoluciones moleculares","author":"Guattari F\u00e9lix","unstructured":"F\u00e9lix Guattari. 2004,\u00a0Plan sobre el planeta. Capitalismo mundial integrado y revoluciones moleculares, Madrid, Traficantes de Sue\u00f1os.\u00a0"},{"key":"e_1_3_2_1_26_1","unstructured":"Alfredo J. M. Carballeda. 2012. Cartograf\u00edas e Intervenci\u00f3n en lo social.\u00a0Cartograf\u00eda social. Investigaci\u00f3n e intervenci\u00f3n desde las ciencias sociales m\u00e9todos y experiencias de aplicaci\u00f3n 27-37. http:\/\/beu.extension.unicen.edu.ar\/xmlui\/handle\/123456789\/30"},{"key":"e_1_3_2_1_27_1","volume-title":"Social research methods","author":"Bryman Alan","unstructured":"Alan Bryman. 2008. Social research methods. Oxford University Press."},{"key":"e_1_3_2_1_28_1","doi-asserted-by":"publisher","DOI":"10.1080\/00330124.2016.1237294"},{"key":"e_1_3_2_1_29_1","doi-asserted-by":"publisher","unstructured":"Sebasti\u00e9n Caquard. 2011. Cartographies of fictional worlds: Conclusive remarks.\u00a0The Cartographic Journal \u00a048(4) 224-225. https:\/\/doi.org\/10.1179\/000870411X13203362557264","DOI":"10.1179\/000870411X13203362557264"},{"key":"e_1_3_2_1_30_1","volume-title":"Being alive: Essays on movement, knowledge and description","author":"Ingold Tim","unstructured":"Tim Ingold. 2011. Being alive: Essays on movement, knowledge and description. Routledge."},{"key":"e_1_3_2_1_31_1","doi-asserted-by":"publisher","DOI":"10.1177\/1525822X19877381"},{"key":"e_1_3_2_1_32_1","doi-asserted-by":"publisher","unstructured":"Margo E. Berendsen Jeffrey D. Hamerlinck and Gerald R. Webster.2018. Digital story mapping to advance educational atlas design and enable student engagement.\u00a0ISPRS International Journal of Geo-Information \u00a07(3) 125. https:\/\/doi.org\/10.3390\/ijgi7030125","DOI":"10.3390\/ijgi7030125"},{"key":"e_1_3_2_1_33_1","volume-title":"Sandra R\u00e1tiva Gaona and Daniel Varela Corredor.\u00a0","author":"Torre Irene V\u00e9lez","year":"2012","unstructured":"Irene V\u00e9lez Torre, Sandra R\u00e1tiva Gaona and Daniel Varela Corredor.\u00a0 2012. Cartograf\u00eda social como metodolog\u00eda participativa y colaborativa de investigaci\u00f3n en el territorio afrodescendiente de la cuenca alta del r\u00edo Cauca.\u00a0Cuadernos de geograf\u00eda: revista colombiana de geograf\u00eda,\u00a021(2), 59-73. https:\/\/www.redalyc.org\/articulo.oa?id=281823592005"},{"key":"e_1_3_2_1_34_1","unstructured":"Diana Maff\u00eda. 2007. Epistemolog\u00eda feminista: la subversi\u00f3n semi\u00f3tica de las mujeres en la ciencia.\u00a0Revista venezolana de estudios de la mujer \u00a012(28) 63-98. http:\/\/ve.scielo.org\/scielo.php?script=sci_arttext&pid=S1316-37012007000100005&lng=en&tlng=es"},{"key":"e_1_3_2_1_35_1","volume-title":"Di\u00e1logo con Boaventura de Sousa Santos (Fragmento). Sociolog\u00eda de la imagen Miradas ch\u00b4ixi desde la historia andina (315-320). Ciudad Aut\u00f3noma de Buenos Aires","author":"Cusicanqui Silvia Rivera","unstructured":"Silvia Rivera Cusicanqui. 2015. Conversa del Mundo. Di\u00e1logo con Boaventura de Sousa Santos (Fragmento). Sociolog\u00eda de la imagen Miradas ch\u00b4ixi desde la historia andina (315-320). Ciudad Aut\u00f3noma de Buenos Aires, Argentina: Tinta Lim\u00f3n."},{"key":"e_1_3_2_1_36_1","unstructured":"Norma Blazquez Graf. 2008. Epistemolog\u00eda feminista: temas centrales. Centro de Investigaciones Interdisciplinarias en Ciencias y Humanidades UNAM."},{"issue":"2","key":"e_1_3_2_1_37_1","first-page":"e051","article-title":"Epistemolog\u00eda, feminismo y los saberes de las gentes ind\u00edgenas","volume":"2","author":"Bach Ana Mar\u00eda","year":"2018","unstructured":"Ana Mar\u00eda Bach. 2018. Epistemolog\u00eda, feminismo y los saberes de las gentes ind\u00edgenas. Descentrada 2 (2), e051. http:\/\/www.descentrada.fahce.unlp.edu.ar\/article\/view\/DESe051}.","journal-title":"Descentrada"},{"key":"e_1_3_2_1_38_1","volume-title":"Las pr\u00e1cticas corporales como objeto de estudio transdisciplinario. Heur\u00edstica del cuerpo Una mirada desde Am\u00e9rica Latina. (11-36). Ciudad de M\u00e9xico","author":"Mu\u00f1iz Elsa","unstructured":"Elsa Mu\u00f1iz. 2015. Las pr\u00e1cticas corporales como objeto de estudio transdisciplinario. Heur\u00edstica del cuerpo Una mirada desde Am\u00e9rica Latina. (11-36). Ciudad de M\u00e9xico, M\u00e9xico: La Cifra Editorial."},{"key":"e_1_3_2_1_39_1","unstructured":"Dahlia De la Cerda. 2023. Desde los zulos. Ciudad de M\u00e9xico Sexto Piso."},{"key":"e_1_3_2_1_40_1","unstructured":"Judith Butler. 2018. Resistencias. M\u00e9xico Paradiso editores."}],"event":{"name":"PDC '24: Participatory Design Conference 2024","location":"Sibu Malaysia","acronym":"PDC '24"},"container-title":["Participatory Design Conference 2024"],"original-title":[],"link":[{"URL":"https:\/\/dl.acm.org\/doi\/10.1145\/3661455.3669884","content-type":"unspecified","content-version":"vor","intended-application":"text-mining"},{"URL":"https:\/\/dl.acm.org\/doi\/pdf\/10.1145\/3661455.3669884","content-type":"unspecified","content-version":"vor","intended-application":"similarity-checking"}],"deposited":{"date-parts":[[2025,8,29]],"date-time":"2025-08-29T16:55:12Z","timestamp":1756486512000},"score":1,"resource":{"primary":{"URL":"https:\/\/dl.acm.org\/doi\/10.1145\/3661455.3669884"}},"subtitle":[],"short-title":[],"issued":{"date-parts":[[2024,8,11]]},"references-count":40,"alternative-id":["10.1145\/3661455.3669884","10.1145\/3661455"],"URL":"https:\/\/doi.org\/10.1145\/3661455.3669884","relation":{},"subject":[],"published":{"date-parts":[[2024,8,11]]},"assertion":[{"value":"2024-08-31","order":3,"name":"published","label":"Published","group":{"name":"publication_history","label":"Publication History"}}]}}