{"status":"ok","message-type":"work","message-version":"1.0.0","message":{"indexed":{"date-parts":[[2026,4,13]],"date-time":"2026-04-13T19:58:06Z","timestamp":1776110286538,"version":"3.50.1"},"publisher-location":"New York, NY, USA","reference-count":248,"publisher":"ACM","license":[{"start":{"date-parts":[[2024,10,27]],"date-time":"2024-10-27T00:00:00Z","timestamp":1729987200000},"content-version":"vor","delay-in-days":0,"URL":"https:\/\/creativecommons.org\/licenses\/by\/4.0\/"}],"content-domain":{"domain":["dl.acm.org"],"crossmark-restriction":true},"short-container-title":[],"published-print":{"date-parts":[[2024,10,27]]},"DOI":"10.1145\/3663548.3675651","type":"proceedings-article","created":{"date-parts":[[2024,10,20]],"date-time":"2024-10-20T18:37:25Z","timestamp":1729449445000},"page":"1-20","update-policy":"https:\/\/doi.org\/10.1145\/crossmark-policy","source":"Crossref","is-referenced-by-count":20,"title":["\"I Am Human, Just Like You\": What Intersectional, Neurodivergent Lived Experiences Bring to Accessibility Research"],"prefix":"10.1145","author":[{"ORCID":"https:\/\/orcid.org\/0009-0007-6826-8897","authenticated-orcid":false,"given":"Lindy","family":"Le","sequence":"first","affiliation":[{"name":"Microsoft, United States"}]}],"member":"320","published-online":{"date-parts":[[2024,10,27]]},"reference":[{"key":"e_1_3_2_1_1_1","volume-title":"All the weight of our dreams: on living racialized autism","unstructured":"2017. All the weight of our dreams: on living racialized autism. DragonBee Press, Lincoln, Nebraska."},{"key":"e_1_3_2_1_2_1","unstructured":"AFeralWolfChild. 2022. A Letter to Black and Indigenous Autistic Teens. https:\/\/neuroclastic.com\/a-letter-to-black-and-indigenous-autistic-teens\/"},{"key":"e_1_3_2_1_3_1","volume-title":"TikTok as algorithmically mediated biographical illumination: Autism, self-discovery, and platformed diagnosis on# autisktok","author":"Alper Meryl","year":"2023","unstructured":"Meryl Alper, Jessica\u00a0Sage Rauchberg, Ellen Simpson, Josh Guberman, and Sarah Feinberg. 2023. TikTok as algorithmically mediated biographical illumination: Autism, self-discovery, and platformed diagnosis on# autisktok. New Media & Society (2023), 14614448231193091."},{"key":"e_1_3_2_1_4_1","doi-asserted-by":"crossref","first-page":"441","DOI":"10.1093\/jmp\/jht026","article-title":"The social model of disability: Dichotomy between impairment and disability","volume":"38","author":"Anastasiou Dimitris","year":"2013","unstructured":"Dimitris Anastasiou and James\u00a0M Kauffman. 2013. The social model of disability: Dichotomy between impairment and disability. Journal of medicine and philosophy 38, 4 (2013), 441\u2013459.","journal-title":"Journal of medicine and philosophy"},{"key":"e_1_3_2_1_5_1","doi-asserted-by":"crossref","first-page":"737","DOI":"10.1177\/13623613221118216","article-title":"Autistic experiences of applied behavior analysis","volume":"27","author":"Anderson K","year":"2023","unstructured":"Laura\u00a0K Anderson. 2023. Autistic experiences of applied behavior analysis. Autism 27, 3 (2023), 737\u2013750.","journal-title":"Autism"},{"key":"e_1_3_2_1_6_1","doi-asserted-by":"publisher","DOI":"10.1080\/09687599.2021.1877117"},{"key":"e_1_3_2_1_7_1","unstructured":"Maya Angelou. [n. d.]. Human Family. https:\/\/allpoetry.com\/Human-Family"},{"key":"e_1_3_2_1_8_1","first-page":"e247367","article-title":"AUTISM, NEURODIVERSITY AND STIGMA: POLITICAL AND INCLUSIVE PERSPECTIVES","volume":"27","author":"Gabriela\u00a0Rocha Araujo Ana","year":"2023","unstructured":"Ana Gabriela\u00a0Rocha Araujo, M\u00f4nia Aparecida\u00a0da Silva, and Regina\u00a0Basso Zanon. 2023. AUTISM, NEURODIVERSITY AND STIGMA: POLITICAL AND INCLUSIVE PERSPECTIVES. Psicologia Escolar e Educacional 27 (2023), e247367.","journal-title":"Psicologia Escolar e Educacional"},{"key":"e_1_3_2_1_9_1","unstructured":"The Arc. 2023. Disability Justice Advocate Neli Latson Joins White House Black History Month Event. https:\/\/thearc.org\/blog\/disability-justice-advocate-neli-latson-joins-white-house-black-history-month-event\/"},{"key":"e_1_3_2_1_10_1","volume-title":"I will die on this hill: autistic adults, autism parents, and the children who deserve a better world","author":"Ashburn Meghan","unstructured":"Meghan Ashburn, Jules Edwards, Mor\u00e9nike\u00a0Giwa Onaiwu, and Nathan McConnell. 2023. I will die on this hill: autistic adults, autism parents, and the children who deserve a better world. Jessica Kingsley Publishers, London \u00b7 ; Philadelphia."},{"key":"e_1_3_2_1_11_1","unstructured":"Adejumoke Awosanya. 2021. Public Attitudes Towards Autism in Nigeria: The Role of Awareness Knowledge and Other Explanatory Factors of Autism Stigma. (2021)."},{"key":"e_1_3_2_1_12_1","doi-asserted-by":"crossref","first-page":"33","DOI":"10.1111\/j.1548-1352.2009.01080.x","article-title":"From cure to community: Transforming notions of autism","volume":"38","author":"Bagatell Nancy","year":"2010","unstructured":"Nancy Bagatell. 2010. From cure to community: Transforming notions of autism. Ethos 38, 1 (2010), 33\u201355.","journal-title":"Ethos"},{"key":"e_1_3_2_1_13_1","unstructured":"Mel Baggs. 2006. Being an Unperson. https:\/\/www.youtube.com\/watch?v=4c5_3wqZ3Lk"},{"key":"e_1_3_2_1_14_1","unstructured":"Mel Baggs. 2007. In My Language. https:\/\/www.youtube.com\/watch?v=JnylM1hI2jc"},{"key":"e_1_3_2_1_15_1","volume-title":"From Pathology to Neurodiversity: An Exploration of School Design to Promote the Achievement of All Learners. Ph.\u00a0D. Dissertation","author":"Baker Dana","unstructured":"Dana Baker. 2023. From Pathology to Neurodiversity: An Exploration of School Design to Promote the Achievement of All Learners. Ph.\u00a0D. Dissertation. Johns Hopkins University."},{"key":"e_1_3_2_1_16_1","doi-asserted-by":"publisher","DOI":"10.1007\/s10803-016-2872-8"},{"key":"e_1_3_2_1_17_1","doi-asserted-by":"publisher","DOI":"10.1145\/3450355"},{"key":"e_1_3_2_1_18_1","unstructured":"Jason Beal. 2020. Oakland mother worries for her Black son with severe autism possible police encounters. https:\/\/abc7news.com\/our-america-living-while-black-mental-heath-police-response-race-and-culture-abc7-severe-autism\/7080239\/"},{"key":"e_1_3_2_1_19_1","doi-asserted-by":"crossref","first-page":"809","DOI":"10.1177\/1362361320912147","article-title":"Looking good but feeling bad:\u201cCamouflaging\u201d behaviors and mental health in women with autistic traits","volume":"24","author":"Beck S","year":"2020","unstructured":"Jonathan\u00a0S Beck, Rebecca\u00a0A Lundwall, Terisa Gabrielsen, Jonathan\u00a0C Cox, and Mikle South. 2020. Looking good but feeling bad:\u201cCamouflaging\u201d behaviors and mental health in women with autistic traits. Autism 24, 4 (2020), 809\u2013821.","journal-title":"Autism"},{"key":"e_1_3_2_1_20_1","doi-asserted-by":"crossref","first-page":"680","DOI":"10.1002\/aur.1715","article-title":"Gender differences in autism spectrum disorders: Divergence among specific core symptoms","volume":"10","author":"Beggiato Anita","year":"2017","unstructured":"Anita Beggiato, Hugo Peyre, Anna Maruani, Isabelle Scheid, Maria Rastam, Frederique Amsellem, Carina\u00a0I Gillberg, Marion Leboyer, Thomas Bourgeron, Christopher Gillberg, 2017. Gender differences in autism spectrum disorders: Divergence among specific core symptoms. Autism Research 10, 4 (2017), 680\u2013689.","journal-title":"Autism Research"},{"key":"e_1_3_2_1_21_1","volume-title":"Taking off the mask: Practical exercises to help understand and minimise the effects of autistic camouflaging","author":"Belcher Hannah\u00a0Louise","unstructured":"Hannah\u00a0Louise Belcher. 2022. Taking off the mask: Practical exercises to help understand and minimise the effects of autistic camouflaging. Jessica Kingsley Publishers."},{"key":"e_1_3_2_1_22_1","doi-asserted-by":"publisher","DOI":"10.1145\/3234695.3236348"},{"key":"e_1_3_2_1_23_1","doi-asserted-by":"publisher","DOI":"10.1145\/3290605.3300528"},{"key":"e_1_3_2_1_24_1","doi-asserted-by":"publisher","DOI":"10.1145\/3411763.3441321"},{"key":"e_1_3_2_1_25_1","unstructured":"Patty Berne. 2015. Disability Justice - a working draft by Patty Berne. https:\/\/www.sinsinvalid.org\/blog\/disability-justice-a-working-draft-by-patty-berne"},{"key":"e_1_3_2_1_26_1","unstructured":"Bieht\u00e1r. 2023. Being Indigenous\/BIPOC and Having Autism. https:\/\/www.instagram.com\/p\/Cqi4R0TvYbL\/?utm_source=ig_web_copy_link&igsh=MzRlODBiNWFlZA=="},{"key":"e_1_3_2_1_27_1","doi-asserted-by":"publisher","DOI":"10.1145\/1094562.1094570"},{"key":"e_1_3_2_1_28_1","volume-title":"Is autism curable?Developmental Medicine & Child Neurology 56, 10","author":"B\u00f6lte Sven","year":"2014","unstructured":"Sven B\u00f6lte. 2014. Is autism curable?Developmental Medicine & Child Neurology 56, 10 (2014), 927\u2013931."},{"key":"e_1_3_2_1_29_1","unstructured":"Ryan Boren. 2024. Neurotype. https:\/\/stimpunks.org\/glossary\/neurotype\/"},{"key":"e_1_3_2_1_30_1","doi-asserted-by":"crossref","unstructured":"VALERIA BORSOTTI ANDREW BEGEL and PERNILLE BJ\u00d8RN. 2024. Neurodiversity and the Accessible University: Exploring Organizational Barriers Access Labor and Opportunities for Change. (2024).","DOI":"10.1145\/3641011"},{"key":"e_1_3_2_1_31_1","volume-title":"Critical realism, community psychology, and the curious case of autism: A philosophy and practice of science with social justice in mind. Journal of Community Psychology","author":"Botha Monique","year":"2021","unstructured":"Monique Botha. 2021. Critical realism, community psychology, and the curious case of autism: A philosophy and practice of science with social justice in mind. Journal of Community Psychology (2021)."},{"key":"e_1_3_2_1_32_1","volume-title":"The neurodiversity concept was developed collectively: An overdue correction on the origins of neurodiversity theory. Autism","author":"Botha Monique","year":"2024","unstructured":"Monique Botha, Robert Chapman, Mor\u00e9nike Giwa\u00a0Onaiwu, Steven\u00a0K Kapp, Abs Stannard\u00a0Ashley, and Nick Walker. 2024. The neurodiversity concept was developed collectively: An overdue correction on the origins of neurodiversity theory. Autism (2024), 13623613241237871."},{"key":"e_1_3_2_1_33_1","doi-asserted-by":"publisher","DOI":"10.1080\/09687599.2020.1822782"},{"key":"e_1_3_2_1_34_1","doi-asserted-by":"publisher","DOI":"10.1145\/3597638.3614478"},{"key":"e_1_3_2_1_35_1","volume-title":"The Sensory Accommodation Framework for Technology: Bridging Sensory Processing to Social Cognition","author":"Boyd LouAnne","unstructured":"LouAnne Boyd. 2024. Neuro-Inclusive Design Considerations for Assistive and Accessible Technologies and Beyond. In The Sensory Accommodation Framework for Technology: Bridging Sensory Processing to Social Cognition. Springer, 113\u2013124."},{"key":"e_1_3_2_1_36_1","doi-asserted-by":"publisher","DOI":"10.1145\/3613905.3643988"},{"key":"e_1_3_2_1_37_1","volume-title":"Critical autoethnography: Intersecting cultural identities in everyday life","author":"Boylorn M","unstructured":"Robin\u00a0M Boylorn and Mark\u00a0P Orbe. 2020. Critical autoethnography: Intersecting cultural identities in everyday life. Routledge."},{"key":"e_1_3_2_1_38_1","volume-title":"Autistic adults","author":"Bradley Louise","year":"2021","unstructured":"Louise Bradley, Rebecca Shaw, Simon Baron-Cohen, and Sarah Cassidy. 2021. Autistic adults\u2019 experiences of camouflaging and its perceived impact on mental health. Autism in adulthood 3, 4 (2021), 320\u2013329."},{"key":"e_1_3_2_1_39_1","doi-asserted-by":"crossref","first-page":"77","DOI":"10.1163\/25888803-bja10008","article-title":"Autism, inc.: The autism industrial complex","volume":"2","author":"Broderick A","year":"2021","unstructured":"Alicia\u00a0A Broderick and Robin Roscigno. 2021. Autism, inc.: The autism industrial complex. Journal of Disability Studies in Education 2, 1 (2021), 77\u2013101.","journal-title":"Journal of Disability Studies in Education"},{"key":"e_1_3_2_1_40_1","volume-title":"Braving the wilderness: The quest for true belonging and the courage to stand alone","author":"Brown Bren\u00e9","unstructured":"Bren\u00e9 Brown. 2017. Braving the wilderness: The quest for true belonging and the courage to stand alone. Random House."},{"key":"e_1_3_2_1_41_1","volume-title":"Atlas of the heart: Mapping meaningful connection and the language of human experience","author":"Brown Bren\u00e9","unstructured":"Bren\u00e9 Brown. 2021. Atlas of the heart: Mapping meaningful connection and the language of human experience. Random House."},{"key":"e_1_3_2_1_42_1","volume-title":"The gifts of imperfection: Let go of who you think you\u2019re supposed to be and embrace who you are","author":"Brown Bren\u00e9","unstructured":"Bren\u00e9 Brown. 2022. The gifts of imperfection: Let go of who you think you\u2019re supposed to be and embrace who you are. Simon and Schuster."},{"key":"e_1_3_2_1_43_1","volume-title":"From Assistive to Adaptive: Can We Bring a Strengths-Based Approach to Designing Disability Technology? In Cultural Robotics: Social Robots and Their Emergent Cultural Ecologies","author":"Brown Scott\u00a0Andrew","unstructured":"Scott\u00a0Andrew Brown. 2023. From Assistive to Adaptive: Can We Bring a Strengths-Based Approach to Designing Disability Technology? In Cultural Robotics: Social Robots and Their Emergent Cultural Ecologies. Springer, 101\u2013108."},{"key":"e_1_3_2_1_44_1","doi-asserted-by":"crossref","first-page":"788","DOI":"10.1177\/13623613221117914","article-title":"Autistic person\u2019or \u2018person with autism\u2019? Person-first language preference in Dutch adults with autism and parents","volume":"27","author":"Buijsman Riley","year":"2023","unstructured":"Riley Buijsman, Sander Begeer, and Anke\u00a0M Scheeren. 2023. \u2018Autistic person\u2019or \u2018person with autism\u2019? Person-first language preference in Dutch adults with autism and parents. Autism 27, 3 (2023), 788\u2013795.","journal-title":"Autism"},{"key":"e_1_3_2_1_45_1","doi-asserted-by":"crossref","first-page":"37","DOI":"10.3390\/brainsci14010037","article-title":"May Female Autism Spectrum Be Masked by Eating Disorders, Borderline Personality Disorder, or Complex PTSD Symptoms","volume":"14","author":"Carpita Barbara","year":"2023","unstructured":"Barbara Carpita, Benedetta Nardi, Cristiana Pronest\u00ec, Francesca Parri, Federico Giovannoni, Ivan\u00a0Mirko Cremone, Stefano Pini, and Liliana Dell\u2019Osso. 2023. May Female Autism Spectrum Be Masked by Eating Disorders, Borderline Personality Disorder, or Complex PTSD Symptoms? A Case Series. Brain Sciences 14, 1 (2023), 37.","journal-title":"A Case Series. Brain Sciences"},{"key":"e_1_3_2_1_46_1","doi-asserted-by":"publisher","DOI":"10.1007\/s40489-020-00204-z"},{"key":"e_1_3_2_1_47_1","volume-title":"Neurodiversity studies","author":"Chapman Robert","unstructured":"Robert Chapman. 2020. Neurodiversity, disability, wellbeing. In Neurodiversity studies. Routledge, 57\u201372."},{"key":"e_1_3_2_1_48_1","doi-asserted-by":"crossref","first-page":"1360","DOI":"10.1177\/1745691620959833","article-title":"Neurodiversity and the social ecology of mental functions","volume":"16","author":"Chapman Robert","year":"2021","unstructured":"Robert Chapman. 2021. Neurodiversity and the social ecology of mental functions. Perspectives on Psychological Science 16, 6 (2021), 1360\u20131372.","journal-title":"Perspectives on Psychological Science"},{"key":"e_1_3_2_1_49_1","unstructured":"Samantha Chatman. 2024. Dolton officer uses Taser on boy with autism in case of mistaken identity attorney says: VIDEO. https:\/\/abc7chicago.com\/avarius-thompson-dolton-police-department-body-camera-caught-on-video\/14331223\/"},{"key":"e_1_3_2_1_50_1","doi-asserted-by":"crossref","unstructured":"Ishita Chordia Leya\u00a0Breanna Baltaxe-Admony Ashley Boone Alyssa Sheehan Lynn Dombrowski Christopher\u00a0A Le\u00a0Dantec Kathryn\u00a0E Ringland and Angela\u00a0DR Smith. 2024. Social Justice in HCI: A Systematic Literature Review. (2024).","DOI":"10.1145\/3613904.3642704"},{"key":"e_1_3_2_1_51_1","volume-title":"Brilliant imperfection: Grappling with cure","author":"Clare Eli","unstructured":"Eli Clare. 2017. Brilliant imperfection: Grappling with cure. Duke University Press."},{"key":"e_1_3_2_1_52_1","volume-title":"Black feminist thought in the matrix of domination. Black feminist thought: Knowledge, consciousness, and the politics of empowerment 138","author":"Collins Patricia\u00a0Hill","year":"1990","unstructured":"Patricia\u00a0Hill Collins. 1990. Black feminist thought in the matrix of domination. Black feminist thought: Knowledge, consciousness, and the politics of empowerment 138, 1990 (1990), 221\u2013238."},{"key":"e_1_3_2_1_53_1","unstructured":"Patricia\u00a0Hill Collins and Sirma Bilge. 2020. Intersectionality. John Wiley & Sons."},{"key":"e_1_3_2_1_54_1","doi-asserted-by":"publisher","DOI":"10.1145\/3491102.3517716"},{"key":"e_1_3_2_1_55_1","doi-asserted-by":"publisher","DOI":"10.1145\/3517428.3544810"},{"key":"e_1_3_2_1_56_1","doi-asserted-by":"crossref","unstructured":"Nicholas\u00a0Sheep Dalton. 2013. Neurodiversity & hci. In CHI\u201913 Extended abstracts on human factors in computing systems. 2295\u20132304.","DOI":"10.1145\/2468356.2468752"},{"key":"e_1_3_2_1_57_1","volume-title":"\u2018It cuts both ways\u2019: A relational approach to access and accommodation for autism. Social science & medicine 70, 2","author":"Davidson Joyce","year":"2010","unstructured":"Joyce Davidson. 2010. \u2018It cuts both ways\u2019: A relational approach to access and accommodation for autism. Social science & medicine 70, 2 (2010), 305\u2013312."},{"key":"e_1_3_2_1_58_1","unstructured":"Mona Delahooke. 2020. Beyond behaviours: Using brain science and compassion to understand and solve children\u2019s behavioural challenges. Hachette UK."},{"key":"e_1_3_2_1_59_1","volume-title":"What misdiagnoses do women with autism spectrum disorder receive in the DSM-5?CNS spectrums 28, 3","author":"Dell\u2019Osso Liliana","year":"2023","unstructured":"Liliana Dell\u2019Osso and Barbara Carpita. 2023. What misdiagnoses do women with autism spectrum disorder receive in the DSM-5?CNS spectrums 28, 3 (2023), 269\u2013270."},{"key":"e_1_3_2_1_60_1","doi-asserted-by":"crossref","unstructured":"Audrey Desjardins Oscar Tomico Andr\u00e9s Lucero Marta\u00a0E Cecchinato and Carman Neustaedter. 2021. Introduction to the special issue on first-person methods in HCI. 12\u00a0pages.","DOI":"10.1145\/3492342"},{"key":"e_1_3_2_1_61_1","doi-asserted-by":"crossref","first-page":"1931","DOI":"10.1177\/13623613221113501","article-title":"Autism presentation in female and Black populations: Examining the roles of identity, theory, and systemic inequalities","volume":"26","author":"Diemer Maire\u00a0Claire","year":"2022","unstructured":"Maire\u00a0Claire Diemer, Emily\u00a0D Gerstein, and April Regester. 2022. Autism presentation in female and Black populations: Examining the roles of identity, theory, and systemic inequalities. Autism 26, 8 (2022), 1931\u20131946.","journal-title":"Autism"},{"key":"e_1_3_2_1_62_1","volume-title":"Data feminism","author":"D\u2019ignazio Catherine","unstructured":"Catherine D\u2019ignazio and Lauren\u00a0F Klein. 2023. Data feminism. MIT press."},{"key":"e_1_3_2_1_63_1","doi-asserted-by":"publisher","DOI":"10.1093\/bmb\/ldaa021"},{"key":"e_1_3_2_1_64_1","doi-asserted-by":"publisher","DOI":"10.1097\/DBP.0000000000001054"},{"key":"e_1_3_2_1_65_1","volume-title":"d.]. Data Feminism","author":"D\u2019Ignazio Catherine","unstructured":"Catherine D\u2019Ignazio and Lauren Klein. [n. d.]. Data Feminism. The MIT Press - open access @ PubPub ([n. d.]). https:\/\/mitpressonpubpub.mitpress.mit.edu\/data-feminism"},{"key":"e_1_3_2_1_66_1","doi-asserted-by":"publisher","DOI":"10.1145\/3597638.3608400"},{"key":"e_1_3_2_1_67_1","volume-title":"Embracing interdependence: Technology developers, autistic users, and technical communicators. Rhetorical Accessability: At the Intersection of Technical Communication and Disability Studies","author":"Elmore Kimberly","year":"2014","unstructured":"Kimberly Elmore, Lisa Meloncon, and CA James. 2014. Embracing interdependence: Technology developers, autistic users, and technical communicators. Rhetorical Accessability: At the Intersection of Technical Communication and Disability Studies. New York, NY: Routledge (2014), 15\u201338."},{"key":"e_1_3_2_1_68_1","doi-asserted-by":"publisher","DOI":"10.1145\/3507695"},{"key":"e_1_3_2_1_69_1","doi-asserted-by":"publisher","DOI":"10.1145\/3432933"},{"key":"e_1_3_2_1_70_1","doi-asserted-by":"crossref","first-page":"e51755","DOI":"10.1371\/journal.pone.0051755","article-title":"Measurement of stigmatization towards adults with attention deficit hyperactivity disorder","volume":"7","author":"Fuermaier BM","year":"2012","unstructured":"Anselm\u00a0BM Fuermaier, Lara Tucha, Janneke Koerts, Anna\u00a0K Mueller, Klaus\u00a0W Lange, and Oliver Tucha. 2012. Measurement of stigmatization towards adults with attention deficit hyperactivity disorder. Plos one 7, 12 (2012), e51755.","journal-title":"Plos one"},{"key":"e_1_3_2_1_71_1","doi-asserted-by":"publisher","DOI":"10.1145\/3517428.3551354"},{"key":"e_1_3_2_1_72_1","doi-asserted-by":"publisher","DOI":"10.1145\/3593013.3593989"},{"key":"e_1_3_2_1_73_1","volume-title":"Autism and ADHD: how far have we come in the comorbidity debate?Neuroscience & Biobehavioral Reviews 35, 5","author":"Gargaro A","year":"2011","unstructured":"Belinda\u00a0A Gargaro, Nicole\u00a0J Rinehart, John\u00a0L Bradshaw, Bruce\u00a0J Tonge, and Dianne\u00a0M Sheppard. 2011. Autism and ADHD: how far have we come in the comorbidity debate?Neuroscience & Biobehavioral Reviews 35, 5 (2011), 1081\u20131088."},{"key":"e_1_3_2_1_74_1","doi-asserted-by":"publisher","DOI":"10.3390\/brainsci11070912"},{"key":"e_1_3_2_1_75_1","doi-asserted-by":"crossref","DOI":"10.1093\/oso\/9780197537923.001.0001","volume-title":"Compassionate Reasoning: Changing the Mind to Change the World","author":"Gopin Marc","year":"2022","unstructured":"Marc Gopin. 2022. Compassionate Reasoning: Changing the Mind to Change the World. Oxford University Press."},{"key":"e_1_3_2_1_76_1","doi-asserted-by":"crossref","first-page":"703","DOI":"10.1177\/1362361317706174","article-title":"Towards understanding the under-recognition of girls and women on the autism spectrum","volume":"21","author":"Gould Judith","year":"2017","unstructured":"Judith Gould. 2017. Towards understanding the under-recognition of girls and women on the autism spectrum. Autism 21, 6 (2017), 703\u2013705.","journal-title":"Autism"},{"key":"e_1_3_2_1_77_1","doi-asserted-by":"publisher","DOI":"10.1080\/09687599.2016.1205473"},{"key":"e_1_3_2_1_78_1","doi-asserted-by":"publisher","DOI":"10.1145\/3569891"},{"key":"e_1_3_2_1_79_1","volume-title":"Vietnam. Social science & medicine 120","author":"Ha Vu\u00a0Song","year":"2014","unstructured":"Vu\u00a0Song Ha, Andrea Whittaker, Maxine Whittaker, and Sylvia Rodger. 2014. Living with autism spectrum disorder in Hanoi, Vietnam. Social science & medicine 120 (2014), 278\u2013285."},{"key":"e_1_3_2_1_80_1","doi-asserted-by":"publisher","DOI":"10.1145\/3613904.3642424"},{"key":"e_1_3_2_1_81_1","unstructured":"Tiffany Hammond. 2023. When they write of all the harm that comes with masking\u2026. https:\/\/www.instagram.com\/p\/C1H3j8FxnsE\/?img_index=3"},{"key":"e_1_3_2_1_82_1","unstructured":"Tiffany Hammond. 2024. Instagram. https:\/\/www.instagram.com\/p\/C6B3D_qulV3\/?img_index=8"},{"key":"e_1_3_2_1_83_1","unstructured":"Tiffany Hammond. 2024. My son turns 15 tomorrow. He has Autism. He\u2019s had meltdowns that have prompted schools to call law enforcement instead of utilizing the measures they did when other students with the same diagnosis had meltdowns.https:\/\/www.instagram.com\/p\/C4bW6U9xYz4\/?utm_source=ig_web_copy_link&igsh=MzRlODBiNWFlZA=="},{"key":"e_1_3_2_1_84_1","unstructured":"Tiffany Hammond. 2024. What more do they want from a Speller?https:\/\/tiffywrites.substack.com\/p\/what-more-do-they-want-from-a-speller"},{"key":"e_1_3_2_1_85_1","volume-title":"Crip technoscience manifesto. Catalyst: Feminism, theory, technoscience 5, 1","author":"Hamraie Aimi","year":"2019","unstructured":"Aimi Hamraie and Kelly Fritsch. 2019. Crip technoscience manifesto. Catalyst: Feminism, theory, technoscience 5, 1 (2019), 1\u201333."},{"key":"e_1_3_2_1_86_1","doi-asserted-by":"publisher","DOI":"10.1002\/aur.2652"},{"key":"e_1_3_2_1_87_1","doi-asserted-by":"publisher","DOI":"10.1080\/15332985.2015.1031858"},{"key":"e_1_3_2_1_88_1","volume-title":"Space, gender, knowledge: Feminist readings","author":"Haraway Donna","unstructured":"Donna Haraway. 2016. \u2018Situated Knowledges: the Science Question in Feminism and the Privilege of Partial Perspective\u2019. In Space, gender, knowledge: Feminist readings. Routledge, 53\u201372."},{"key":"e_1_3_2_1_89_1","doi-asserted-by":"publisher","DOI":"10.1145\/3359318"},{"key":"e_1_3_2_1_90_1","doi-asserted-by":"publisher","DOI":"10.1145\/3597638.3608389"},{"key":"e_1_3_2_1_91_1","volume-title":"not less: a neurodivergent\u2019s guide to embracing your true self and finding your happily ever after","author":"Hayden Chlo\u00e8","unstructured":"Chlo\u00e8 Hayden. 2022. Different, not less: a neurodivergent\u2019s guide to embracing your true self and finding your happily ever after. Murdoch Books, Crows Nest, NSW."},{"key":"e_1_3_2_1_92_1","unstructured":"Gillian\u00a0R. Hayes. 2019. Inclusive and Engaged Research: Community Based Scholarship in HCI. https:\/\/www.youtube.com\/watch?v=0ZYbrEUwnf8"},{"key":"e_1_3_2_1_93_1","unstructured":"Tricia Hersey. 2022. Rest is resistance: A manifesto. Hachette UK."},{"key":"e_1_3_2_1_94_1","doi-asserted-by":"crossref","first-page":"2356","DOI":"10.1177\/13623613211019858","article-title":"Defining autistic burnout through experts by lived experience: Grounded Delphi method investigating# AutisticBurnout","volume":"25","author":"Higgins M","year":"2021","unstructured":"Julianne\u00a0M Higgins, Samuel\u00a0RC Arnold, Janelle Weise, Elizabeth Pellicano, and Julian\u00a0N Trollor. 2021. Defining autistic burnout through experts by lived experience: Grounded Delphi method investigating# AutisticBurnout. Autism 25, 8 (2021), 2356\u20132369.","journal-title":"Autism"},{"key":"e_1_3_2_1_95_1","volume-title":"Creative selves\/creative cultures: Critical autoethnography, performance, and pedagogy","author":"Holman\u00a0Jones Stacy","unstructured":"Stacy Holman\u00a0Jones. 2018. Creative selves\/creative cultures: Critical autoethnography, performance, and pedagogy. Springer."},{"key":"e_1_3_2_1_96_1","unstructured":"Haley Honeyman. 2024. Unmasking ADHD. https:\/\/www.youtube.com\/watch?v=fRUkPHnltuI"},{"key":"e_1_3_2_1_97_1","volume-title":"Beyond the Binary: A Nexus of Disability. Knots: An Undergraduate Journal of Disability Studies 3","author":"Howard Mika","year":"2017","unstructured":"Mika Howard. 2017. Beyond the Binary: A Nexus of Disability. Knots: An Undergraduate Journal of Disability Studies 3 (2017)."},{"key":"e_1_3_2_1_98_1","doi-asserted-by":"publisher","DOI":"10.1145\/3597638.3608427"},{"key":"e_1_3_2_1_99_1","volume-title":"Is social camouflaging associated with anxiety and depression in autistic adults?Molecular autism 12","author":"Hull Laura","year":"2021","unstructured":"Laura Hull, Lily Levy, Meng-Chuan Lai, KV Petrides, Simon Baron-Cohen, Carrie Allison, Paula Smith, and Will Mandy. 2021. Is social camouflaging associated with anxiety and depression in autistic adults?Molecular autism 12 (2021), 1\u201313."},{"key":"e_1_3_2_1_100_1","doi-asserted-by":"crossref","first-page":"819","DOI":"10.1007\/s10803-018-3792-6","article-title":"Development and validation of the camouflaging autistic traits questionnaire (CAT-Q)","volume":"49","author":"Hull Laura","year":"2019","unstructured":"Laura Hull, William Mandy, Meng-Chuan Lai, Simon Baron-Cohen, Carrie Allison, Paula Smith, and KV Petrides. 2019. Development and validation of the camouflaging autistic traits questionnaire (CAT-Q). Journal of autism and developmental disorders 49 (2019), 819\u2013833.","journal-title":"Journal of autism and developmental disorders"},{"key":"e_1_3_2_1_101_1","volume-title":"A Metareview and Provocatype. arXiv preprint arXiv:2403.05098","author":"Hundt Andrew","year":"2024","unstructured":"Andrew Hundt, Gabrielle Ohlson, Pieter Wolfert, Lux Miranda, Sophia Zhu, and Katie Winkle. 2024. Love, Joy, and Autism Robots: A Metareview and Provocatype. arXiv preprint arXiv:2403.05098 (2024)."},{"key":"e_1_3_2_1_102_1","unstructured":"Adrienne Hurst. 2015. Black autistic and killed by police. http:\/\/chicagoreader.com\/news-politics\/black-autistic-and-killed-by-police\/"},{"key":"e_1_3_2_1_103_1","volume-title":"ASD and.","author":"Hutson Turea\u00a0Michelle","year":"2022","unstructured":"Turea\u00a0Michelle Hutson, Elizabeth\u00a0McGhee Hassrick, Sherira Fernandes, Jessica Walton, Kathryn Bouvier-Weinberg, Antoinette Radcliffe, and Ayana Allen-Handy. 2022. \" I\u2019m just different-that\u2019s all-I\u2019m so sorry...\": Black men, ASD and. (2022)."},{"key":"e_1_3_2_1_104_1","doi-asserted-by":"crossref","first-page":"54","DOI":"10.1080\/13575279.2022.2126436","article-title":"Neurodiversity in promoting the well-being of children on the autism spectrum","volume":"29","author":"Izuno-Garcia K","year":"2023","unstructured":"Amy\u00a0K Izuno-Garcia, Morgan\u00a0M McNeel, and Rachel\u00a0H Fein. 2023. Neurodiversity in promoting the well-being of children on the autism spectrum. Child Care in Practice 29, 1 (2023), 54\u201367.","journal-title":"Child Care in Practice"},{"key":"e_1_3_2_1_105_1","doi-asserted-by":"publisher","DOI":"10.1145\/3373625.3416986"},{"key":"e_1_3_2_1_106_1","doi-asserted-by":"publisher","DOI":"10.1017\/S0140525X18001826"},{"key":"e_1_3_2_1_107_1","unstructured":"Zina Jawadi. 2022. Disabilities are not binary. Why do we treat them that way?https:\/\/www.aamc.org\/news\/disabilities-are-not-binary-why-do-we-treat-them-way"},{"key":"e_1_3_2_1_108_1","doi-asserted-by":"crossref","first-page":"1222187","DOI":"10.3389\/fdgth.2023.1222187","article-title":"Digital trends in autism: a scoping review exploring coverage of autism across YouTube, Twitter, and Facebook","volume":"5","author":"Jawed Aysha","year":"2023","unstructured":"Aysha Jawed, Heather Graham, and Jennifer Smith. 2023. Digital trends in autism: a scoping review exploring coverage of autism across YouTube, Twitter, and Facebook. Frontiers in Digital Health 5 (2023), 1222187.","journal-title":"Frontiers in Digital Health"},{"key":"e_1_3_2_1_109_1","unstructured":"Kristy Johnson. 2015. MIT Media Lab Statement of Purpose. http:\/\/www.kersplickity.com\/statement-of-purpose"},{"key":"e_1_3_2_1_110_1","volume-title":"Normalizing mental illness and neurodiversity in entertainment media: Quieting the madness","author":"Johnson Malynnda","unstructured":"Malynnda Johnson and Christopher\u00a0J Olson. 2021. Normalizing mental illness and neurodiversity in entertainment media: Quieting the madness. Taylor & Francis."},{"key":"e_1_3_2_1_111_1","doi-asserted-by":"crossref","unstructured":"Desiree\u00a0R Jones and David\u00a0S Mandell. 2020. To address racial disparities in autism research we must think globally act locally. 1587\u20131589\u00a0pages.","DOI":"10.1177\/1362361320948313"},{"key":"e_1_3_2_1_112_1","doi-asserted-by":"crossref","first-page":"273","DOI":"10.1089\/aut.2020.29015.drj","article-title":"An expert discussion on structural racism in autism research and practice","volume":"2","author":"Jones R","year":"2020","unstructured":"Desiree\u00a0R Jones, Christina Nicolaidis, Lisa\u00a0J Ellwood, Arianne Garcia, Khalilah\u00a0R Johnson, Kristina Lopez, and TC Waisman. 2020. An expert discussion on structural racism in autism research and practice. Autism in Adulthood 2, 4 (2020), 273\u2013281.","journal-title":"Autism in Adulthood"},{"key":"e_1_3_2_1_113_1","unstructured":"Juno. 2023. masking is a privilege AND can be harmful. https:\/\/www.instagram.com\/p\/Ct9J7BOMLIS\/?img_index=3"},{"key":"e_1_3_2_1_114_1","doi-asserted-by":"crossref","unstructured":"Annika Kaltenhauser Evropi Stefanidi and Johannes Sch\u00f6ning. 2024. Playing with Perspectives and Unveiling the Autoethnographic Kaleidoscope in HCI\u2013A Literature Review of Autoethnographies. (2024).","DOI":"10.1145\/3613904.3642355"},{"key":"e_1_3_2_1_115_1","volume-title":"Empowering leadership: A systems change guide for autistic college students and those with other disabilities","author":"Kapp Steven\u00a0Kenneth","unstructured":"Steven\u00a0Kenneth Kapp. 2013. Interactions between theoretical models and practical stakeholders: The basis for an integrative, collaborative approach to disabilities. In Empowering leadership: A systems change guide for autistic college students and those with other disabilities. The Autism Press, 104\u2013113."},{"key":"e_1_3_2_1_116_1","volume-title":"Autistic community and the neurodiversity movement: Stories from the frontline","author":"Kapp K","unstructured":"Steven\u00a0K Kapp. 2020. Autistic community and the neurodiversity movement: Stories from the frontline. Springer Nature."},{"key":"e_1_3_2_1_117_1","volume-title":"difference, or both? Autism and neurodiversity.Developmental psychology 49, 1","author":"Kapp K","year":"2013","unstructured":"Steven\u00a0K Kapp, Kristen Gillespie-Lynch, Lauren\u00a0E Sherman, and Ted Hutman. 2013. Deficit, difference, or both? Autism and neurodiversity.Developmental psychology 49, 1 (2013), 59."},{"key":"e_1_3_2_1_118_1","doi-asserted-by":"publisher","DOI":"10.1177\/1362361319829628"},{"key":"e_1_3_2_1_119_1","doi-asserted-by":"publisher","DOI":"10.1177\/0886109918778073"},{"key":"e_1_3_2_1_120_1","doi-asserted-by":"publisher","DOI":"10.1145\/3597638.3614552"},{"key":"e_1_3_2_1_121_1","doi-asserted-by":"publisher","DOI":"10.1177\/1362361315588200"},{"key":"e_1_3_2_1_122_1","unstructured":"Laura Key. 2023. What is the ADHD tax?https:\/\/www.understood.org\/en\/articles\/adhd-tax"},{"key":"e_1_3_2_1_123_1","first-page":"8","article-title":"Automating autism: Disability, discourse, and artificial intelligence","volume":"1","author":"Keyes Os","year":"2020","unstructured":"Os Keyes. 2020. Automating autism: Disability, discourse, and artificial intelligence. The Journal of Sociotechnical Critique 1, 1 (2020), 8.","journal-title":"The Journal of Sociotechnical Critique"},{"key":"e_1_3_2_1_124_1","volume-title":"Equity: What Model Should We Use When We Talk About Autism?, 32\u201339\u00a0pages.","author":"Kintzinger Rebekah","year":"2021","unstructured":"Rebekah Kintzinger. 2021. Equity: What Model Should We Use When We Talk About Autism?, 32\u201339\u00a0pages."},{"key":"e_1_3_2_1_125_1","unstructured":"Reuben Kirkham. 2021. Why Disability Identity Politics in Assistive Technologies Research Is Unethical. In Moving technology ethics at the forefront of society organisations and governments. Universidad de La Rioja 475\u2013487."},{"key":"e_1_3_2_1_126_1","doi-asserted-by":"publisher","DOI":"10.1007\/s10803-013-1811-1"},{"key":"e_1_3_2_1_127_1","doi-asserted-by":"publisher","DOI":"10.1017\/jmo.2019.58"},{"key":"e_1_3_2_1_128_1","volume-title":"Ethics in autoethnography and collaborative autoethnography. Qualitative inquiry 23, 8","author":"Lapadat C","year":"2017","unstructured":"Judith\u00a0C Lapadat. 2017. Ethics in autoethnography and collaborative autoethnography. Qualitative inquiry 23, 8 (2017), 589\u2013603."},{"key":"e_1_3_2_1_129_1","doi-asserted-by":"publisher","DOI":"10.1177\/1087054712475211"},{"key":"e_1_3_2_1_130_1","doi-asserted-by":"crossref","first-page":"1","DOI":"10.1017\/iop.2022.86","article-title":"Neurodiversity in the workplace: Considering neuroatypicality as a form of diversity","volume":"16","author":"LeFevre-Levy Rose","year":"2023","unstructured":"Rose LeFevre-Levy, Arturia Melson-Silimon, Rebecca Harmata, Anna\u00a0L Hulett, and Nathan\u00a0T Carter. 2023. Neurodiversity in the workplace: Considering neuroatypicality as a form of diversity. Industrial and Organizational Psychology 16, 1 (2023), 1\u201319.","journal-title":"Industrial and Organizational Psychology"},{"key":"e_1_3_2_1_131_1","volume-title":"California officer shoots and kills boy, 15, holding gardening tool. The Guardian (March","author":"Levin Sam","year":"2024","unstructured":"Sam Levin. 2024. California officer shoots and kills boy, 15, holding gardening tool. The Guardian (March 2024). https:\/\/www.theguardian.com\/us-news\/2024\/mar\/11\/california-san-bernandino-sheriffs-deputy-kills-teenager"},{"key":"e_1_3_2_1_132_1","doi-asserted-by":"crossref","first-page":"1817","DOI":"10.1177\/13623613221145783","article-title":"The lived experience of meltdowns for autistic adults","volume":"27","author":"Lewis Laura\u00a0Foran","year":"2023","unstructured":"Laura\u00a0Foran Lewis and Kailey Stevens. 2023. The lived experience of meltdowns for autistic adults. Autism 27, 6 (2023), 1817\u20131825.","journal-title":"Autism"},{"key":"e_1_3_2_1_133_1","doi-asserted-by":"crossref","first-page":"366","DOI":"10.1007\/s40489-020-00216-9","article-title":"A review of barriers experienced by immigrant parents of children with autism when accessing services","volume":"8","author":"Lim Nataly","year":"2021","unstructured":"Nataly Lim, Mark O\u2019Reilly, Jeff Sigafoos, Giulio\u00a0E Lancioni, and Neyda\u00a0J Sanchez. 2021. A review of barriers experienced by immigrant parents of children with autism when accessing services. Review Journal of Autism and Developmental Disorders 8 (2021), 366\u2013372.","journal-title":"Review Journal of Autism and Developmental Disorders"},{"key":"e_1_3_2_1_134_1","doi-asserted-by":"publisher","DOI":"10.1145\/3411764.3445237"},{"key":"e_1_3_2_1_135_1","unstructured":"Kirsten Lindsmith. 2014. Stimming 101 or: How I Learned to Stop Worrying and Love the Stim. https:\/\/kirstenlindsmith.com\/2014\/05\/16\/stimming-101-or-how-i-learned-to-stop-worrying-and-love-the-stim\/"},{"key":"e_1_3_2_1_136_1","unstructured":"Zack Linly. 2023. Cops Handcuffed Black Boy With Autism During Tennis Program Run By Police Mom Claims. https:\/\/newsone.com\/4475695\/cops-handcuffed-autistic-black-boy-during-tennis-program-run-by-police-mom-claims\/"},{"key":"e_1_3_2_1_137_1","first-page":"6260","article-title":"A Survey on Autism Care, Diagnosis, and Intervention Based on Mobile Apps","volume":"23","author":"Liu Xiongyi","year":"2023","unstructured":"Xiongyi Liu, Wenbing Zhao, Quan Qi, and Xiong Luo. 2023. A Survey on Autism Care, Diagnosis, and Intervention Based on Mobile Apps: Focusing on Usability and Software Design. Sensors 23, 14 (2023), 6260.","journal-title":"Focusing on Usability and Software Design. Sensors"},{"key":"e_1_3_2_1_138_1","volume-title":"Missing from the narrative: A seven-decade scoping review of the inclusion of black autistic women and girls in autism research. Behavior Analysis in Practice","author":"Lovelace S","year":"2021","unstructured":"Temple\u00a0S Lovelace, Mary\u00a0P Comis, JoVonne\u00a0M Tabb, and Olajumoke\u00a0E Oshokoya. 2021. Missing from the narrative: A seven-decade scoping review of the inclusion of black autistic women and girls in autism research. Behavior Analysis in Practice (2021), 1\u201313."},{"key":"e_1_3_2_1_139_1","volume-title":"Seven traits for the future","author":"MacIntyre Alasdair","year":"1979","unstructured":"Alasdair MacIntyre. 1979. Seven traits for the future. Hastings Center Report (1979), 5\u20137."},{"key":"e_1_3_2_1_140_1","doi-asserted-by":"publisher","DOI":"10.1145\/3411764.3445412"},{"key":"e_1_3_2_1_141_1","doi-asserted-by":"publisher","DOI":"10.1145\/3491102.3501882"},{"key":"e_1_3_2_1_142_1","doi-asserted-by":"publisher","DOI":"10.1145\/3517428.3544803"},{"key":"e_1_3_2_1_143_1","volume-title":"What are social norms? How are they measured","author":"Mackie Gerry","year":"2015","unstructured":"Gerry Mackie, Francesca Moneti, Holly Shakya, and Elaine Denny. 2015. What are social norms? How are they measured. University of California at San Diego-UNICEF Working Paper, San Diego (2015)."},{"key":"e_1_3_2_1_144_1","doi-asserted-by":"crossref","first-page":"212","DOI":"10.1177\/1044207320949960","article-title":"Disproportionate corporal punishment of students with disabilities and Black and Hispanic students","volume":"32","author":"MacSuga-Gage S","year":"2021","unstructured":"Ashley\u00a0S MacSuga-Gage, Nicholas\u00a0A Gage, Antonis Katsiyannis, Shanna\u00a0E Hirsch, and Hannah Kisner. 2021. Disproportionate corporal punishment of students with disabilities and Black and Hispanic students. Journal of Disability Policy Studies 32, 3 (2021), 212\u2013223.","journal-title":"Journal of Disability Policy Studies"},{"key":"e_1_3_2_1_145_1","doi-asserted-by":"crossref","first-page":"962","DOI":"10.1080\/09515089.2021.1940119","article-title":"An enactivist reconceptualization of the medical model","volume":"34","author":"Maiese Michelle","year":"2021","unstructured":"Michelle Maiese. 2021. An enactivist reconceptualization of the medical model. Philosophical Psychology 34, 7 (2021), 962\u2013988.","journal-title":"Philosophical Psychology"},{"key":"e_1_3_2_1_146_1","doi-asserted-by":"crossref","first-page":"271","DOI":"10.1089\/aut.2021.0086","article-title":"The scholarly neglect of black autistic adults in autism research","volume":"4","author":"Malone M","year":"2022","unstructured":"Kayla\u00a0M Malone, Jamie\u00a0N Pearson, Kayla\u00a0N Palazzo, Lonnie\u00a0D Manns, Amelia\u00a0Q Rivera, and DeVoshia\u00a0L Mason\u00a0Martin. 2022. The scholarly neglect of black autistic adults in autism research. Autism in Adulthood 4, 4 (2022), 271\u2013280.","journal-title":"Autism in Adulthood"},{"key":"e_1_3_2_1_147_1","doi-asserted-by":"crossref","first-page":"1447","DOI":"10.1097\/00004583-200212000-00016","article-title":"Race differences in the age at diagnosis among Medicaid-eligible children with autism","volume":"41","author":"Mandell S","year":"2002","unstructured":"David\u00a0S Mandell, John Listerud, Susan\u00a0E Levy, and Jennifer\u00a0A Pinto-Martin. 2002. Race differences in the age at diagnosis among Medicaid-eligible children with autism. Journal of the American Academy of Child & Adolescent Psychiatry 41, 12 (2002), 1447\u20131453.","journal-title":"Journal of the American Academy of Child & Adolescent Psychiatry"},{"key":"e_1_3_2_1_148_1","volume-title":"American journal of public health 99, 3","author":"Mandell S","year":"2009","unstructured":"David\u00a0S Mandell, Lisa\u00a0D Wiggins, Laura\u00a0Arnstein Carpenter, Julie Daniels, Carolyn DiGuiseppi, Maureen\u00a0S Durkin, Ellen Giarelli, Michael\u00a0J Morrier, Joyce\u00a0S Nicholas, Jennifer\u00a0A Pinto-Martin, 2009. Racial\/ethnic disparities in the identification of children with autism spectrum disorders. American journal of public health 99, 3 (2009), 493\u2013498."},{"key":"e_1_3_2_1_149_1","doi-asserted-by":"publisher","DOI":"10.1145\/1878803.1878807"},{"key":"e_1_3_2_1_150_1","unstructured":"Lonnie Manns 2023. Exploring the Educational Experiences of Autistic Black Youth: A Multiple-Case Study Analysis. (2023)."},{"key":"e_1_3_2_1_151_1","doi-asserted-by":"crossref","first-page":"52","DOI":"10.1089\/aut.2021.0021","article-title":"What is autistic burnout? A thematic analysis of posts on two online platforms","volume":"4","author":"Mantzalas Jane","year":"2022","unstructured":"Jane Mantzalas, Amanda\u00a0L Richdale, Achini Adikari, Jennifer Lowe, and Cheryl Dissanayake. 2022. What is autistic burnout? A thematic analysis of posts on two online platforms. Autism in Adulthood 4, 1 (2022), 52\u201365.","journal-title":"Autism in Adulthood"},{"key":"e_1_3_2_1_152_1","doi-asserted-by":"crossref","unstructured":"Meredith\u00a0R Maroney and Sharon\u00a0G Horne. 2022. \u201cTuned into a different channel\u201d: Autistic transgender adults\u2019 experiences of intersectional stigma.Journal of Counseling Psychology 69 6 (2022) 761.","DOI":"10.1037\/cou0000639"},{"key":"e_1_3_2_1_153_1","unstructured":"Joan Martin. 2021. EXCLUSIVE: Osime Brown\u2019s mother speaks about the pain of her son\u2019s looming deportation and the need for systemic change. https:\/\/www.voice-online.co.uk\/opinion\/2021\/01\/20\/exclusive-osime-browns-mother-speaks-about-the-pain-of-her-sons-looming-deportation-and-the-need-for-systemic-change\/"},{"key":"e_1_3_2_1_154_1","volume-title":"Internalized stigma, anticipated discrimination and perceived public stigma in adults with ADHD. ADHD attention deficit and hyperactivity disorders 11","author":"Masuch Theresa\u00a0Vera","year":"2019","unstructured":"Theresa\u00a0Vera Masuch, Myriam Bea, Barbara Alm, Peter Deibler, and Esther Sobanski. 2019. Internalized stigma, anticipated discrimination and perceived public stigma in adults with ADHD. ADHD attention deficit and hyperactivity disorders 11 (2019), 211\u2013220."},{"key":"e_1_3_2_1_155_1","doi-asserted-by":"crossref","first-page":"1977","DOI":"10.2105\/AJPH.2017.304095","article-title":"The cumulative probability of arrest by age 28 years in the United States by disability status, race\/ethnicity, and gender","volume":"107","author":"McCauley J","year":"2017","unstructured":"Erin\u00a0J McCauley. 2017. The cumulative probability of arrest by age 28 years in the United States by disability status, race\/ethnicity, and gender. American Journal of Public Health 107, 12 (2017), 1977\u20131981.","journal-title":"American Journal of Public Health"},{"key":"e_1_3_2_1_156_1","doi-asserted-by":"publisher","DOI":"10.1145\/3597638.3615650"},{"key":"e_1_3_2_1_157_1","unstructured":"Resmaa Menakem. 2021. My grandmother\u2019s hands: Racialized trauma and the pathway to mending our hearts and bodies. penguin UK."},{"key":"e_1_3_2_1_158_1","doi-asserted-by":"publisher","DOI":"10.1177\/13623613221129123"},{"key":"e_1_3_2_1_159_1","unstructured":"Mia Mingus. 2015. Medical Industrial Complex Visual. https:\/\/leavingevidence.wordpress.com\/2015\/02\/06\/medical-industrial-complex-visual\/"},{"key":"e_1_3_2_1_160_1","volume-title":"Responding to neurodiversity in the education context: An integrative literature review","author":"Mirfin-Veitch Brigit","year":"2020","unstructured":"Brigit Mirfin-Veitch, Niha Jalota, and Lydie Schmidt. 2020. Responding to neurodiversity in the education context: An integrative literature review. Donald Beasley Institute 56 (2020)."},{"key":"e_1_3_2_1_161_1","doi-asserted-by":"publisher","DOI":"10.1145\/3597638.3608416"},{"key":"e_1_3_2_1_162_1","doi-asserted-by":"crossref","first-page":"791","DOI":"10.1016\/j.tins.2022.08.009","article-title":"The use of language in autism research","volume":"45","author":"Monk Ruth","year":"2022","unstructured":"Ruth Monk, Andrew\u00a0JO Whitehouse, and Hannah Waddington. 2022. The use of language in autism research. Trends in Neurosciences 45, 11 (2022), 791\u2013793.","journal-title":"Trends in Neurosciences"},{"key":"e_1_3_2_1_163_1","doi-asserted-by":"publisher","DOI":"10.1145\/3613904.3642809"},{"key":"e_1_3_2_1_164_1","volume-title":"Stigma in attention deficit hyperactivity disorder. ADHD attention deficit and hyperactivity disorders 4","author":"Mueller K","year":"2012","unstructured":"Anna\u00a0K Mueller, Anselm\u00a0BM Fuermaier, Janneke Koerts, and Lara Tucha. 2012. Stigma in attention deficit hyperactivity disorder. ADHD attention deficit and hyperactivity disorders 4 (2012), 101\u2013114."},{"key":"e_1_3_2_1_165_1","unstructured":"Megan\u00a0Anna Neff. 2022. ADHD or Autism?https:\/\/neurodivergentinsights.com\/misdiagnosis-monday\/adhd-vs-autism"},{"key":"e_1_3_2_1_166_1","unstructured":"Megan\u00a0Anna Neff. 2023. Autism in adults. https:\/\/neurodivergentinsights.com\/blog\/autism-in-adulthood"},{"key":"e_1_3_2_1_167_1","unstructured":"Megan\u00a0Anna Neff. 2023. Benefits of Autistic\/ADHD Masking At A Glance. https:\/\/www.instagram.com\/p\/CuP2D_it2ii\/"},{"key":"e_1_3_2_1_168_1","doi-asserted-by":"crossref","first-page":"67","DOI":"10.1007\/s11229-023-04073-x","article-title":"Ecological-enactive account of autism spectrum disorder","volume":"201","author":"Ne\u0161i\u0107 Janko","year":"2023","unstructured":"Janko Ne\u0161i\u0107. 2023. Ecological-enactive account of autism spectrum disorder. Synthese 201, 2 (2023), 67.","journal-title":"Synthese"},{"key":"e_1_3_2_1_169_1","volume-title":"Autistic community and the neurodiversity movement: Stories from the frontline","author":"Neumeier M","unstructured":"Shain\u00a0M Neumeier and Lydia\u00a0XZ Brown. 2019. Torture in the name of treatment: The mission to stop the shocks in the age of deinstitutionalization. In Autistic community and the neurodiversity movement: Stories from the frontline. Springer Singapore Singapore, 195\u2013210."},{"key":"e_1_3_2_1_170_1","unstructured":"NeuroClastic. 2021. Nonspeaker Perspectives on Representation. https:\/\/neuroclastic.com\/nonspeaker-perspectives-on-representation\/"},{"key":"e_1_3_2_1_171_1","unstructured":"Nicole. 2023. Meltdowns & calming techniques in autism. https:\/\/autism.org\/meltdowns-calming-techniques-in-autism\/"},{"key":"e_1_3_2_1_172_1","unstructured":"ChrisTiana ObeySumner. 2018. Black Autistics Exist: An Argument for Intersectional Disability Justice. https:\/\/southseattleemerald.com\/2018\/12\/05\/intersectionality-what-it-means-to-be-autistic-femme-and-black\/"},{"key":"e_1_3_2_1_173_1","volume-title":"The social model of disability: Thirty years on. Disability & society 28, 7","author":"Oliver Mike","year":"2013","unstructured":"Mike Oliver. 2013. The social model of disability: Thirty years on. Disability & society 28, 7 (2013), 1024\u20131026."},{"key":"e_1_3_2_1_174_1","doi-asserted-by":"crossref","unstructured":"Sara\u00a0H Olsen Stephanie Cork Petra Anders Ron Padr\u00f3n Alexandra Peterson Amanda Strausser and Paul\u00a0T Jaeger. 2022. The Disability Tax and the Accessibility Tax: The Extra Intellectual Emotional and Technological Labor and Financial Expenditures Required of Disabled People in a World Gone Wrong\u2026 and Mostly Online. Including Disability1 (2022) 51\u201386.","DOI":"10.51357\/id.vi1.170"},{"key":"e_1_3_2_1_175_1","unstructured":"World\u00a0Health Organization. 2020. Disability. https:\/\/www.who.int\/health-topics\/disability"},{"key":"e_1_3_2_1_176_1","doi-asserted-by":"publisher","DOI":"10.1017\/S1745855209990287"},{"key":"e_1_3_2_1_177_1","volume-title":"\u201cpresumed competence","author":"O\u2019Neil Katie","year":"2018","unstructured":"Katie O\u2019Neil and Rebecca McCarthy. 2018. The Pitfalls of Presumptions: Two AAC clinicians explore how the \u201cpresumed competence\u201d framework can lead to problematic communication system selection.The ASHA Leader 23, 12 (2018), 10\u201311."},{"key":"e_1_3_2_1_178_1","doi-asserted-by":"publisher","DOI":"10.1145\/3290607.3310434"},{"key":"e_1_3_2_1_179_1","volume-title":"What I wish you knew: Insights on burnout, inertia, meltdown, and shutdown from autistic youth. Frontiers in psychology 12","author":"Phung Jasmine","year":"2021","unstructured":"Jasmine Phung, Melanie Penner, Cl\u00e9mentine Pirlot, and Christie Welch. 2021. What I wish you knew: Insights on burnout, inertia, meltdown, and shutdown from autistic youth. Frontiers in psychology 12 (2021), 741421."},{"key":"e_1_3_2_1_180_1","unstructured":"Patrycja Polczyk. 2012. Autoethnography as an accessible method of research. (2012)."},{"key":"e_1_3_2_1_181_1","volume-title":"Essentials of autoethnography","author":"Poulos N","unstructured":"Christopher\u00a0N Poulos. 2021. Essentials of autoethnography.American Psychological Association."},{"key":"e_1_3_2_1_182_1","doi-asserted-by":"publisher","DOI":"10.1159\/000524122"},{"key":"e_1_3_2_1_183_1","unstructured":"Sarah Rafacz. 2020. Remembering Osaze. https:\/\/www.statecollegemagazine.com\/articles\/remembering-osaze\/"},{"key":"e_1_3_2_1_184_1","volume-title":"Adult Autism Research Priorities and Conceptualization in Computing Research: Invitation to Co-Lead with Autistic Adults. ACM Transactions on Computer-Human Interaction","author":"Zuleima\u00a0Morgado Ramirez Dafne","year":"2024","unstructured":"Dafne Zuleima\u00a0Morgado Ramirez, Giulia Barbareschi, and Cathy Holloway. 2024. Adult Autism Research Priorities and Conceptualization in Computing Research: Invitation to Co-Lead with Autistic Adults. ACM Transactions on Computer-Human Interaction (2024)."},{"key":"e_1_3_2_1_185_1","doi-asserted-by":"publisher","DOI":"10.1145\/3363033"},{"key":"e_1_3_2_1_186_1","volume-title":"Autoethnography in human-computer interaction: Theory and practice. New directions in third wave human-computer interaction","author":"Rapp Amon","unstructured":"Amon Rapp. 2018. Autoethnography in human-computer interaction: Theory and practice. New directions in third wave human-computer interaction: Volume 2-Methodologies (2018), 25\u201342."},{"key":"e_1_3_2_1_187_1","doi-asserted-by":"publisher","DOI":"10.26522\/ssj.v16i2.3415"},{"key":"e_1_3_2_1_188_1","doi-asserted-by":"publisher","DOI":"10.1145\/3547522.3547690"},{"key":"e_1_3_2_1_189_1","volume-title":"Steven\u00a0K Kapp, Morrigan Hunter, Andee Joyce, and Christina Nicolaidis.","author":"Raymaker M","year":"2020","unstructured":"Dora\u00a0M Raymaker, Alan\u00a0R Teo, Nicole\u00a0A Steckler, Brandy Lentz, Mirah Scharer, Austin Delos\u00a0Santos, Steven\u00a0K Kapp, Morrigan Hunter, Andee Joyce, and Christina Nicolaidis. 2020. \u201cHaving all of your internal resources exhausted beyond measure and being left with no clean-up crew\u201d: Defining autistic burnout. Autism in adulthood 2, 2 (2020), 132\u2013143."},{"key":"e_1_3_2_1_190_1","volume-title":"Doing justice to intersectionality in research. Cultural Studies\u2194 Critical Methodologies 19, 6","author":"Rice Carla","year":"2019","unstructured":"Carla Rice, Elisabeth Harrison, and May Friedman. 2019. Doing justice to intersectionality in research. Cultural Studies\u2194 Critical Methodologies 19, 6 (2019), 409\u2013420."},{"key":"e_1_3_2_1_191_1","volume-title":"The estimated annual cost of ADHD to the US education system. School mental health 3","author":"Robb A","year":"2011","unstructured":"Jessica\u00a0A Robb, Margaret\u00a0H Sibley, William\u00a0E Pelham, E Michael\u00a0Foster, Brooke\u00a0SG Molina, Elizabeth\u00a0M Gnagy, and Aparajita\u00a0B Kuriyan. 2011. The estimated annual cost of ADHD to the US education system. School mental health 3 (2011), 169\u2013177."},{"key":"e_1_3_2_1_192_1","volume-title":"Disparities in mental and behavioral health treatment for children and youth in immigrant families","author":"Rosenberg Julia","year":"2020","unstructured":"Julia Rosenberg, Marjorie\u00a0S Rosenthal, Laura\u00a0D Cramer, Eli\u00a0R Lebowitz, Mona Sharifi, and Katherine Yun. 2020. Disparities in mental and behavioral health treatment for children and youth in immigrant families. Academic pediatrics 20, 8 (2020), 1148\u20131156."},{"key":"e_1_3_2_1_193_1","volume-title":"The costs of camouflaging autism. Spectrum News 21","author":"Russo Francine","year":"2018","unstructured":"Francine Russo. 2018. The costs of camouflaging autism. Spectrum News 21 (2018)."},{"key":"e_1_3_2_1_194_1","unstructured":"Yo\u00a0Samdy Sam. 2020. Black autistic lives matter: Justice for Osime Brown (URGENT). https:\/\/www.youtube.com\/watch?v=nGWFe8uZT2Q"},{"key":"e_1_3_2_1_195_1","unstructured":"Thays Santos. 2022. Co-designing with neurodiverse population: Exploring how people with ADHD and dyslexia experience video streaming platforms."},{"key":"e_1_3_2_1_196_1","unstructured":"Vaishnavi Sarathy. 2019. Who Decides How Smart You Are?https:\/\/www.youtube.com\/watch?v=tjc2rRsORHk"},{"key":"e_1_3_2_1_197_1","volume-title":"Autistic human rights-A proposal. Disability studies quarterly 32, 4","author":"Sarrett Jennifer","year":"2012","unstructured":"Jennifer Sarrett. 2012. Autistic human rights-A proposal. Disability studies quarterly 32, 4 (2012)."},{"key":"e_1_3_2_1_198_1","doi-asserted-by":"crossref","first-page":"23","DOI":"10.1007\/s12152-016-9247-x","article-title":"Biocertification and neurodiversity: The role and implications of self-diagnosis in autistic communities","volume":"9","author":"Sarrett C","year":"2016","unstructured":"Jennifer\u00a0C Sarrett. 2016. Biocertification and neurodiversity: The role and implications of self-diagnosis in autistic communities. Neuroethics 9 (2016), 23\u201336.","journal-title":"Neuroethics"},{"key":"e_1_3_2_1_199_1","doi-asserted-by":"publisher","DOI":"10.1145\/3025453.3025766"},{"key":"e_1_3_2_1_200_1","doi-asserted-by":"crossref","first-page":"72","DOI":"10.1177\/1087054720961828","article-title":"Social and economic costs of attention-deficit\/hyperactivity disorder across the lifespan","volume":"26","author":"Sciberras Emma","year":"2022","unstructured":"Emma Sciberras, Jared Streatfeild, Tristan Ceccato, Lynne Pezzullo, James\u00a0G Scott, Christel\u00a0M Middeldorp, Paul Hutchins, Roger Paterson, Mark\u00a0A Bellgrove, and David Coghill. 2022. Social and economic costs of attention-deficit\/hyperactivity disorder across the lifespan. Journal of attention disorders 26, 1 (2022), 72\u201387.","journal-title":"Journal of attention disorders"},{"key":"e_1_3_2_1_201_1","volume-title":"Disability rights and wrongs revisited","author":"Shakespeare Tom","unstructured":"Tom Shakespeare. 2013. Disability rights and wrongs revisited. Routledge."},{"key":"e_1_3_2_1_202_1","volume-title":"Against Technoableism: Rethinking Who Needs Improvement","author":"Shew Ashley","year":"2023","unstructured":"Ashley Shew. 2023. Against Technoableism: Rethinking Who Needs Improvement (A Norton Short). WW Norton & Company."},{"key":"e_1_3_2_1_203_1","volume-title":"Why can\u2019t you be normal for once in your life? From a problem with no name to the emergence of a new category of difference. Disability discourse","author":"Singer Judy","year":"1999","unstructured":"Judy Singer. 1999. Why can\u2019t you be normal for once in your life? From a problem with no name to the emergence of a new category of difference. Disability discourse (1999), 59\u201367."},{"key":"e_1_3_2_1_204_1","volume-title":"NeuroDiversity: the birth of an idea","author":"Singer Judy","unstructured":"Judy Singer. 2017. NeuroDiversity: the birth of an idea. Verlag nicht ermittelbar, Lexington."},{"key":"e_1_3_2_1_205_1","volume-title":"Race is not neutral: A national investigation of African American and Latino disproportionality in school discipline. School psychology review 40, 1","author":"Skiba J","year":"2011","unstructured":"Russell\u00a0J Skiba, Robert\u00a0H Horner, Choong-Geun Chung, M\u00a0Karega Rausch, Seth\u00a0L May, and Tary Tobin. 2011. Race is not neutral: A national investigation of African American and Latino disproportionality in school discipline. School psychology review 40, 1 (2011), 85\u2013107."},{"key":"e_1_3_2_1_206_1","doi-asserted-by":"publisher","DOI":"10.1145\/2858036.2858114"},{"key":"e_1_3_2_1_207_1","volume-title":"Technological Infrastructures. In Proceedings of the 2021 ACM Designing Interactive Systems Conference. 478\u2013494","author":"Spiel Katta","year":"2021","unstructured":"Katta Spiel. 2021. \u201d Why are they all obsessed with Gender?\u201d\u2014(Non) binary Navigations through Technological Infrastructures. In Proceedings of the 2021 ACM Designing Interactive Systems Conference. 478\u2013494."},{"key":"e_1_3_2_1_208_1","doi-asserted-by":"publisher","DOI":"10.1145\/3344919"},{"key":"e_1_3_2_1_209_1","doi-asserted-by":"publisher","DOI":"10.1145\/3432245"},{"key":"e_1_3_2_1_210_1","doi-asserted-by":"publisher","DOI":"10.1145\/3334480.3375150"},{"key":"e_1_3_2_1_211_1","doi-asserted-by":"publisher","DOI":"10.1145\/3491102.3517592"},{"key":"e_1_3_2_1_212_1","unstructured":"Hari Srinivasan. 2023. Who Autism Research Leaves Out. https:\/\/time.com\/6299599\/autism-research-limited-essay\/"},{"key":"e_1_3_2_1_213_1","unstructured":"Ian Stark. 2023. Disabling Universal Design: Introducing the Neuro-Positionality Framework. (2023)."},{"key":"e_1_3_2_1_214_1","doi-asserted-by":"publisher","DOI":"10.1145\/3544548.3581216"},{"key":"e_1_3_2_1_215_1","doi-asserted-by":"crossref","first-page":"11","DOI":"10.1016\/j.rasd.2016.07.003","article-title":"The comorbidity of ADHD in children diagnosed with autism spectrum disorder","volume":"31","author":"Stevens Tara","year":"2016","unstructured":"Tara Stevens, Lei Peng, and Lucy Barnard-Brak. 2016. The comorbidity of ADHD in children diagnosed with autism spectrum disorder. Research in Autism Spectrum Disorders 31 (2016), 11\u201318.","journal-title":"Research in Autism Spectrum Disorders"},{"key":"e_1_3_2_1_216_1","volume-title":"Presuming Competence: What is it and Why is it Important?TheAutismSite. com","author":"Stout A","year":"2020","unstructured":"A Stout. 2020. Presuming Competence: What is it and Why is it Important?TheAutismSite. com (2020)."},{"key":"e_1_3_2_1_217_1","doi-asserted-by":"crossref","first-page":"988","DOI":"10.1177\/13623613211043643","article-title":"Call to action for autism clinicians in response to anti-Black racism","volume":"26","author":"Straiton Diondra","year":"2022","unstructured":"Diondra Straiton and Aksheya Sridhar. 2022. Call to action for autism clinicians in response to anti-Black racism. Autism 26, 4 (2022), 988\u2013994.","journal-title":"Autism"},{"key":"e_1_3_2_1_218_1","doi-asserted-by":"publisher","DOI":"10.1145\/3491101.3503731"},{"key":"e_1_3_2_1_219_1","doi-asserted-by":"publisher","DOI":"10.2307\/1123430"},{"key":"e_1_3_2_1_220_1","doi-asserted-by":"publisher","DOI":"10.1177\/13623613221130845"},{"key":"e_1_3_2_1_221_1","volume-title":"Osime Brown\u2019s mother vows to fight against deportation to Jamaica. The Guardian (Oct","author":"Taylor Diane","year":"2020","unstructured":"Diane Taylor and Mattha Busby. 2020. Osime Brown\u2019s mother vows to fight against deportation to Jamaica. The Guardian (Oct. 2020). https:\/\/www.theguardian.com\/uk-news\/2020\/oct\/10\/osime-browns-mother-vows-to-fight-against-deportation-to-jamaica"},{"key":"e_1_3_2_1_222_1","first-page":"371","article-title":"A critique of presuming competence of learners with autism or other developmental disabilities","volume":"50","author":"Travers Jason","year":"2015","unstructured":"Jason Travers and Kevin\u00a0M Ayres. 2015. A critique of presuming competence of learners with autism or other developmental disabilities. Education and Training in Autism and Developmental Disabilities 50, 4 (2015), 371\u2013387.","journal-title":"Education and Training in Autism and Developmental Disabilities"},{"key":"e_1_3_2_1_223_1","doi-asserted-by":"crossref","first-page":"403","DOI":"10.1177\/0014402918771337","article-title":"Racial disparities in autism identification in the United States during 2014","volume":"84","author":"Travers Jason","year":"2018","unstructured":"Jason Travers and Michael Krezmien. 2018. Racial disparities in autism identification in the United States during 2014. Exceptional Children 84, 4 (2018), 403\u2013419.","journal-title":"Exceptional Children"},{"key":"e_1_3_2_1_224_1","doi-asserted-by":"crossref","first-page":"241","DOI":"10.1108\/AIA-03-2020-0017","article-title":"Autism identification across ethnic groups: A narrative review","volume":"7","author":"Tromans Samuel","year":"2021","unstructured":"Samuel Tromans, Verity Chester, Eli Gemegah, Kristian Roberts, Zoe Morgan, Guiqing\u00a0Lily Yao, and Traolach Brugha. 2021. Autism identification across ethnic groups: A narrative review. Advances in Autism 7, 3 (2021), 241\u2013255.","journal-title":"Advances in Autism"},{"key":"e_1_3_2_1_225_1","volume-title":"A mixed-methods investigation of diagnostician sex\/gender-bias and challenges in assessing females for autism spectrum disorder. Journal of autism and developmental disorders","author":"Tsirgiotis M","year":"2021","unstructured":"Joanna\u00a0M Tsirgiotis, Robyn\u00a0L Young, and Nathan Weber. 2021. A mixed-methods investigation of diagnostician sex\/gender-bias and challenges in assessing females for autism spectrum disorder. Journal of autism and developmental disorders (2021), 1\u201316."},{"key":"e_1_3_2_1_226_1","doi-asserted-by":"publisher","DOI":"10.1089\/aut.2021.0005"},{"key":"e_1_3_2_1_227_1","unstructured":"William Tziavaras. 2021. Fleeing the world of silence. https:\/\/i-asc.org\/fleeing-the-world-of-silence\/"},{"key":"e_1_3_2_1_228_1","volume-title":"Stafford County woman confronts issues of race, autism after son\u2019s arrest. (July","author":"Vargas Theresa","year":"2010","unstructured":"Theresa Vargas. 2010. Stafford County woman confronts issues of race, autism after son\u2019s arrest. (July 2010). http:\/\/www.washingtonpost.com\/wp-dyn\/content\/article\/2010\/07\/10\/AR2010071002633.html"},{"key":"e_1_3_2_1_229_1","volume-title":"the black teen with autism who seemed \u2018suspicious","author":"Vargas Theresa","year":"2020","unstructured":"Theresa Vargas. 2020. Perspective | Remember Neli Latson, the black teen with autism who seemed \u2018suspicious\u2019 sitting outside a library? Ten years after his arrest, he still isn\u2019t fully free.Washington Post (June 2020). https:\/\/www.washingtonpost.com\/local\/remember-neli-latson-the-black-teen-with-autism-who-seemed-suspicious-sitting-outside-a-library-ten-years-after-his-arrest-he-still-isnt-fully-free\/2020\/06\/10\/53565cec-ab39-11ea-a9d9-a81c1a491c52_story.html"},{"key":"e_1_3_2_1_230_1","volume-title":"Vietnam.","author":"Ha\u00a0Song Vu.","year":"2014","unstructured":"Ha\u00a0Song Vu. 2014. Understanding autism spectrum disorder in Hanoi, Vietnam. (2014)."},{"key":"e_1_3_2_1_231_1","volume-title":"Neuroqueer heresies: notes on the neurodiversity paradigm, autistic empowerment, and postnormal possibilities","author":"Walker Nick","unstructured":"Nick Walker. 2021. Neuroqueer heresies: notes on the neurodiversity paradigm, autistic empowerment, and postnormal possibilities. Autonomous Press, Fort Worth."},{"key":"e_1_3_2_1_232_1","unstructured":"Nick Walker. 2021. What is neurodiversity."},{"key":"e_1_3_2_1_233_1","doi-asserted-by":"crossref","first-page":"5","DOI":"10.1089\/aut.2020.29014.njw","article-title":"Toward a neuroqueer future: An interview with Nick Walker","volume":"3","author":"Walker Nick","year":"2021","unstructured":"Nick Walker and Dora\u00a0M Raymaker. 2021. Toward a neuroqueer future: An interview with Nick Walker. Autism in Adulthood 3, 1 (2021), 5\u201310.","journal-title":"Autism in Adulthood"},{"key":"e_1_3_2_1_234_1","doi-asserted-by":"publisher","DOI":"10.1111\/j.1749-6632.2001.tb05770.x"},{"key":"e_1_3_2_1_235_1","unstructured":"Meredith Whittaker Meryl Alper Cynthia\u00a0L Bennett Sara Hendren Liz Kaziunas Mara Mills 2019. Disability bias and AI. (2019)."},{"key":"e_1_3_2_1_236_1","unstructured":"Danny Whitty. 2021. For Decades I Couldn\u2019t Communicate. Then I Found a Way Through Food. https:\/\/www.bonappetit.com\/story\/communicate-through-food"},{"key":"e_1_3_2_1_237_1","unstructured":"Nonbinary Wiki. 2023. Gender questioning."},{"key":"e_1_3_2_1_238_1","doi-asserted-by":"crossref","first-page":"15333","DOI":"10.4088\/JCP.08m04785pur","article-title":"Presenting ADHD symptoms, subtypes, and comorbid disorders in clinically referred adults with ADHD","volume":"70","author":"Wilens E","year":"2009","unstructured":"Timothy\u00a0E Wilens, Joseph Biederman, Stephen\u00a0V Faraone, MaryKate Martelon, Diana Westerberg, and Thomas\u00a0J Spencer. 2009. Presenting ADHD symptoms, subtypes, and comorbid disorders in clinically referred adults with ADHD. The Journal of clinical psychiatry 70, 11 (2009), 15333.","journal-title":"The Journal of clinical psychiatry"},{"key":"e_1_3_2_1_239_1","doi-asserted-by":"publisher","DOI":"10.1145\/3544548.3581480"},{"key":"e_1_3_2_1_240_1","doi-asserted-by":"publisher","DOI":"10.1145\/3308561.3355617"},{"key":"e_1_3_2_1_241_1","doi-asserted-by":"publisher","DOI":"10.1016\/j.ijhcs.2020.102485"},{"key":"e_1_3_2_1_242_1","doi-asserted-by":"publisher","DOI":"10.1145\/3544548.3581556"},{"key":"e_1_3_2_1_243_1","doi-asserted-by":"publisher","DOI":"10.1145\/1952383.1952384"},{"key":"e_1_3_2_1_244_1","doi-asserted-by":"crossref","first-page":"5623","DOI":"10.1080\/09638288.2021.1948114","article-title":"Understanding disability in healthcare: exploring the perceptions of parents of young people with autism spectrum disorder","volume":"44","author":"Wright\u00a0Stein Simone","year":"2022","unstructured":"Simone Wright\u00a0Stein, Rochelle Alexander, Jotvarinder Mann, Cory Schneider, Sophie Zhang, Barbara\u00a0E Gibson, Sharon Gabison, Patrick Jachyra, and Donya Mosleh. 2022. Understanding disability in healthcare: exploring the perceptions of parents of young people with autism spectrum disorder. Disability and Rehabilitation 44, 19 (2022), 5623\u20135630.","journal-title":"Disability and Rehabilitation"},{"key":"e_1_3_2_1_245_1","doi-asserted-by":"publisher","DOI":"10.1145\/3334480.3381828"},{"key":"e_1_3_2_1_246_1","doi-asserted-by":"publisher","DOI":"10.1145\/3359236"},{"key":"e_1_3_2_1_247_1","volume-title":"Proceedings of the ACM on Human-Computer Interaction 7, CSCW2","author":"Zolyomi Annuska","year":"2023","unstructured":"Annuska Zolyomi and Jaime Snyder. 2023. Designing for Common Ground: Visually Representing Conversation Dynamics of Neurodiverse Dyads. Proceedings of the ACM on Human-Computer Interaction 7, CSCW2 (2023), 1\u201333."},{"key":"e_1_3_2_1_248_1","doi-asserted-by":"publisher","DOI":"10.1145\/3613904.3642210"}],"event":{"name":"ASSETS '24: The 26th International ACM SIGACCESS Conference on Computers and Accessibility","location":"St. John's NL Canada","acronym":"ASSETS '24","sponsor":["SIGACCESS ACM Special Interest Group on Accessible Computing"]},"container-title":["The 26th International ACM SIGACCESS Conference on Computers and Accessibility"],"original-title":[],"link":[{"URL":"https:\/\/dl.acm.org\/doi\/10.1145\/3663548.3675651","content-type":"unspecified","content-version":"vor","intended-application":"text-mining"}],"deposited":{"date-parts":[[2025,6,18]],"date-time":"2025-06-18T23:57:17Z","timestamp":1750291037000},"score":1,"resource":{"primary":{"URL":"https:\/\/dl.acm.org\/doi\/10.1145\/3663548.3675651"}},"subtitle":[],"short-title":[],"issued":{"date-parts":[[2024,10,27]]},"references-count":248,"alternative-id":["10.1145\/3663548.3675651","10.1145\/3663548"],"URL":"https:\/\/doi.org\/10.1145\/3663548.3675651","relation":{},"subject":[],"published":{"date-parts":[[2024,10,27]]},"assertion":[{"value":"2024-10-27","order":3,"name":"published","label":"Published","group":{"name":"publication_history","label":"Publication History"}}]}}